{"id":30535,"date":"2021-02-04T09:29:26","date_gmt":"2021-02-04T12:29:26","guid":{"rendered":"https:\/\/www.paranapraia.com.br\/?p=30535"},"modified":"2021-02-04T09:29:28","modified_gmt":"2021-02-04T12:29:28","slug":"levantamento-mostra-presenca-do-aedes-aegypti-em-6-mil-locais-no-parana","status":"publish","type":"post","link":"https:\/\/www.paranapraia.com.br\/index.php\/2021\/02\/04\/levantamento-mostra-presenca-do-aedes-aegypti-em-6-mil-locais-no-parana\/","title":{"rendered":"Levantamento mostra presen\u00e7a do Aedes aegypti em 6 mil locais no Paran\u00e1"},"content":{"rendered":"\n<p>A Secretaria Estadual da Sa\u00fade refor\u00e7a o alerta \u00e0 popula\u00e7\u00e3o sobre a import\u00e2ncia de elimina\u00e7\u00e3o de criadouros do mosquito Aedes aegypti para preven\u00e7\u00e3o da dengue. O boletim semanal emitido na ter\u00e7a-feira (02) mostra que o Paran\u00e1 tem 2.270 casos confirmados. S\u00e3o 324 casos a mais que o informe anterior que apresentava 1.946 confirma\u00e7\u00f5es. A Secretaria da Sa\u00fade publicou tamb\u00e9m o levantamento dos principais criadouros de Aedes aegypti entre 1\u00ba e 29 de janeiro de 2021.<\/p>\n\n\n\n<p>O secret\u00e1rio Beto Preto lembra que a dengue \u00e9 uma doen\u00e7a j\u00e1 conhecida e que pode levar a morte. \u201cEstamos vivendo a pandemia pela Covid-19, mas as outras doen\u00e7as n\u00e3o pararam de fazer v\u00edtimas e a dengue \u00e9 uma delas. Por\u00e9m, para prevenir a dengue, n\u00f3s sabemos o que fazer, n\u00e3o \u00e9 novidade. Precisamos acabar com espa\u00e7os e objetos que acumulam \u00e1gua, esses s\u00e3o os criadouros do mosquito\u201d, disse ele.<\/p>\n\n\n\n<p>De acordo com o Boletim, os dep\u00f3sitos ou criadouros pass\u00edveis de remo\u00e7\u00e3o s\u00e3o os locais onde mais foram identificadas amostra de \u00e1gua com dep\u00f3sitos positivos para o mosquito causador da Dengue, Zika e Chikungunya.<\/p>\n\n\n\n<p>Foram encontradas larvas e pupas do mosquito em 6.125 locais. Entre eles 2.283, ou 37,4%, estavam em recipientes pl\u00e1sticos, garrafas, latas, sucatas em p\u00e1tios e ferro velhos e entulhos de constru\u00e7\u00e3o.<\/p>\n\n\n\n<p>Na sequ\u00eancia, os dep\u00f3sitos mais comuns para o mosquito se acomodar e reproduzir, com 1.584 locais positivos para o Aedes aegypti s\u00e3o vasos de flores, frascos com \u00e1gua, pratos, pingadeiras, recipientes de degelo em geladeiras, pequenas fontes ornamentais, materiais estocados para constru\u00e7\u00e3o civil e objetos religiosos.<\/p>\n\n\n\n<p>Para o secret\u00e1rio estadual, a\u00e7\u00f5es individuais s\u00e3o fundamentais para evitar casos de dengue. \u201cDentro da nossa casa, do nosso terreno, da nossa loja ou outro espa\u00e7o que ocupamos, temos o dever de eliminar espa\u00e7os e objetos que possam acumular \u00e1gua. Essa a\u00e7\u00e3o parece boba, mas \u00e9 com a simplicidade que podemos eliminar as larvas do mosquito e n\u00e3o deixar que ele contamine pessoas\u201d, lembrou Beto Preto.<\/p>\n\n\n\n<p>CONTROLE &#8211; As Diretrizes Nacionais para a Preven\u00e7\u00e3o e Controle de Epidemias de Dengue preveem o controle vetorial, que \u00e9 a elimina\u00e7\u00e3o dos mosquitos, como um dos componentes principais para combate \u00e0 dengue e outras arboviroses. Como as a\u00e7\u00f5es devem ser conjuntas e intersetoriais, devem envolver e responsabilizar tanto os gestores quanto a sociedade.<\/p>\n\n\n\n<p>DADOS \u2013 As informa\u00e7\u00f5es do Boletim resultam do per\u00edodo epidemiol\u00f3gico com in\u00edcio em agosto de 2020 e t\u00e9rmino no final de junho de 2021. Em compara\u00e7\u00e3o ao mesmo per\u00edodo de 2020, os n\u00fameros de casos confirmados de dengue s\u00e3o menores, eram 10.882 no ano passado e 2.270 neste ano.<\/p>\n\n\n\n<p>JACAREZINHO \u2013 No s\u00e1bado (30), o munic\u00edpio de Jacarezinho e a 19\u00aa Regional de Sa\u00fade realizaram um mutir\u00e3o para eliminar poss\u00edveis criadouros do Aedes aegypti. A a\u00e7\u00e3o envolveu centenas de pessoas que percorreram bairros da cidade.<\/p>\n\n\n\n<p>O resultado foi a retirada de uma grande quantidade de lixos, entulhos e outros materiais que estavam em quintais e terrenos e que poderiam acumular \u00e1gua parada. No pr\u00f3ximo s\u00e1bado ser\u00e1 realizado um novo mutir\u00e3o, contemplando bairros que n\u00e3o tiveram a passagem das equipes neste primeiro dia de limpeza e completando a a\u00e7\u00e3o, percorrendo ent\u00e3o toda a zona urbana de Jacarezinho.<\/p>\n\n\n\n<p>Assessoria<br><\/p>\n","protected":false},"excerpt":{"rendered":"<p>A Secretaria Estadual da Sa\u00fade refor\u00e7a o alerta \u00e0 popula\u00e7\u00e3o sobre a import\u00e2ncia de elimina\u00e7\u00e3o de criadouros do mosquito Aedes aegypti para preven\u00e7\u00e3o da dengue. O boletim semanal emitido na ter\u00e7a-feira (02) mostra que o Paran\u00e1 tem 2.270 casos confirmados. S\u00e3o 324 casos a mais que o informe anterior que apresentava 1.946 confirma\u00e7\u00f5es. A Secretaria [&hellip;]<\/p>\n","protected":false},"author":2,"featured_media":30536,"comment_status":"open","ping_status":"open","sticky":false,"template":"","format":"standard","meta":{"advanced_seo_description":"","jetpack_seo_html_title":"","jetpack_seo_noindex":false,"_jetpack_memberships_contains_paid_content":false,"footnotes":""},"categories":[50],"tags":[],"class_list":{"0":"post-30535","1":"post","2":"type-post","3":"status-publish","4":"format-standard","5":"has-post-thumbnail","7":"category-saude"},"jetpack_featured_media_url":"https:\/\/www.paranapraia.com.br\/wp-content\/uploads\/2021\/02\/informe_dengue-1.jpg","jetpack_sharing_enabled":true,"_links":{"self":[{"href":"https:\/\/www.paranapraia.com.br\/index.php\/wp-json\/wp\/v2\/posts\/30535"}],"collection":[{"href":"https:\/\/www.paranapraia.com.br\/index.php\/wp-json\/wp\/v2\/posts"}],"about":[{"href":"https:\/\/www.paranapraia.com.br\/index.php\/wp-json\/wp\/v2\/types\/post"}],"author":[{"embeddable":true,"href":"https:\/\/www.paranapraia.com.br\/index.php\/wp-json\/wp\/v2\/users\/2"}],"replies":[{"embeddable":true,"href":"https:\/\/www.paranapraia.com.br\/index.php\/wp-json\/wp\/v2\/comments?post=30535"}],"version-history":[{"count":1,"href":"https:\/\/www.paranapraia.com.br\/index.php\/wp-json\/wp\/v2\/posts\/30535\/revisions"}],"predecessor-version":[{"id":30537,"href":"https:\/\/www.paranapraia.com.br\/index.php\/wp-json\/wp\/v2\/posts\/30535\/revisions\/30537"}],"wp:featuredmedia":[{"embeddable":true,"href":"https:\/\/www.paranapraia.com.br\/index.php\/wp-json\/wp\/v2\/media\/30536"}],"wp:attachment":[{"href":"https:\/\/www.paranapraia.com.br\/index.php\/wp-json\/wp\/v2\/media?parent=30535"}],"wp:term":[{"taxonomy":"category","embeddable":true,"href":"https:\/\/www.paranapraia.com.br\/index.php\/wp-json\/wp\/v2\/categories?post=30535"},{"taxonomy":"post_tag","embeddable":true,"href":"https:\/\/www.paranapraia.com.br\/index.php\/wp-json\/wp\/v2\/tags?post=30535"}],"curies":[{"name":"wp","href":"https:\/\/api.w.org\/{rel}","templated":true}]}}