{"id":30526,"date":"2021-02-04T09:01:30","date_gmt":"2021-02-04T12:01:30","guid":{"rendered":"https:\/\/www.paranapraia.com.br\/?p=30526"},"modified":"2021-02-04T09:01:31","modified_gmt":"2021-02-04T12:01:31","slug":"dia-comeca-abafado-e-ha-riscos-de-temporais-para-curitiba-e-toda-a-regiao","status":"publish","type":"post","link":"https:\/\/www.paranapraia.com.br\/index.php\/2021\/02\/04\/dia-comeca-abafado-e-ha-riscos-de-temporais-para-curitiba-e-toda-a-regiao\/","title":{"rendered":"Dia come\u00e7a abafado e h\u00e1 riscos de temporais para Curitiba e toda a regi\u00e3o"},"content":{"rendered":"\n<p>A quinta-feira, 4 de fevereiro, come\u00e7ou com &#8216;sol a pino&#8217; e temperaturas altas em Curitiba. Segundo o Instituto Simepar, o dia deve seguir na mesma toada dos \u00faltimos dias, quando as temperaturas bateram a casa dos 31\u00ba na Capital Paranaense. O dia amanheceu com 20\u00ba e a previs\u00e3o \u00e9 de que chegue a casa dos 30\u00ba,&nbsp;<\/p>\n\n\n\n<p>Curitiba segue em alerta laranja de temporal nesta quinta-feira. O forte aquecimento contribuiu na forma\u00e7\u00e3o de nuvens de chuva, mas de forma localizada. Nesta quinta-feira, com o avan\u00e7o da frente fria, a previs\u00e3o \u00e9 de que possam ocorrer tempestades.<\/p>\n\n\n\n<p>Com a chuva, o calor tamb\u00e9m deve dar uma tr\u00e9gua. Apesar disso, enquanto n\u00e3o chove, os term\u00f4metros continuam elevados.<\/p>\n\n\n\n<p>No litoral do Paran\u00e1, pode fazer 36\u00baC em Paranagu\u00e1, sendo a maior temperatura do dia no Estado.&nbsp;<\/p>\n\n\n\n<p>Segundo o Simepar, na sexta-feira (5) o tempo fica est\u00e1vel em todo o Paran\u00e1. Entre Curitiba e o litoral, por\u00e9m, o c\u00e9u ainda fica encoberto e pode chover em alguns momentos.<\/p>\n\n\n\n<p>Mas para quem n\u00e3o gosta de acordar com se tivesse em um panel\u00e3o, um boa not\u00edcia. O amanhecer deve estar um pouco mais gelado, (15\u00ba) do que os outros dias da semana, mas com as temperaturas subindo no decorrer das horas.<\/p>\n\n\n\n<p>Bem Paran\u00e1<a rel=\"noreferrer noopener\" href=\"https:\/\/www.bemparana.com.br\/assinatura\" target=\"_blank\"><br> <\/a><\/p>\n","protected":false},"excerpt":{"rendered":"<p>A quinta-feira, 4 de fevereiro, come\u00e7ou com &#8216;sol a pino&#8217; e temperaturas altas em Curitiba. Segundo o Instituto Simepar, o dia deve seguir na mesma toada dos \u00faltimos dias, quando as temperaturas bateram a casa dos 31\u00ba na Capital Paranaense. O dia amanheceu com 20\u00ba e a previs\u00e3o \u00e9 de que chegue a casa dos [&hellip;]<\/p>\n","protected":false},"author":2,"featured_media":30527,"comment_status":"open","ping_status":"open","sticky":false,"template":"","format":"standard","meta":{"advanced_seo_description":"","jetpack_seo_html_title":"","jetpack_seo_noindex":false,"_jetpack_memberships_contains_paid_content":false,"footnotes":""},"categories":[84],"tags":[],"class_list":{"0":"post-30526","1":"post","2":"type-post","3":"status-publish","4":"format-standard","5":"has-post-thumbnail","7":"category-clima"},"jetpack_featured_media_url":"https:\/\/www.paranapraia.com.br\/wp-content\/uploads\/2021\/02\/noticia_888226_img1_memorial-ucraniano.jpg","jetpack_sharing_enabled":true,"_links":{"self":[{"href":"https:\/\/www.paranapraia.com.br\/index.php\/wp-json\/wp\/v2\/posts\/30526"}],"collection":[{"href":"https:\/\/www.paranapraia.com.br\/index.php\/wp-json\/wp\/v2\/posts"}],"about":[{"href":"https:\/\/www.paranapraia.com.br\/index.php\/wp-json\/wp\/v2\/types\/post"}],"author":[{"embeddable":true,"href":"https:\/\/www.paranapraia.com.br\/index.php\/wp-json\/wp\/v2\/users\/2"}],"replies":[{"embeddable":true,"href":"https:\/\/www.paranapraia.com.br\/index.php\/wp-json\/wp\/v2\/comments?post=30526"}],"version-history":[{"count":1,"href":"https:\/\/www.paranapraia.com.br\/index.php\/wp-json\/wp\/v2\/posts\/30526\/revisions"}],"predecessor-version":[{"id":30528,"href":"https:\/\/www.paranapraia.com.br\/index.php\/wp-json\/wp\/v2\/posts\/30526\/revisions\/30528"}],"wp:featuredmedia":[{"embeddable":true,"href":"https:\/\/www.paranapraia.com.br\/index.php\/wp-json\/wp\/v2\/media\/30527"}],"wp:attachment":[{"href":"https:\/\/www.paranapraia.com.br\/index.php\/wp-json\/wp\/v2\/media?parent=30526"}],"wp:term":[{"taxonomy":"category","embeddable":true,"href":"https:\/\/www.paranapraia.com.br\/index.php\/wp-json\/wp\/v2\/categories?post=30526"},{"taxonomy":"post_tag","embeddable":true,"href":"https:\/\/www.paranapraia.com.br\/index.php\/wp-json\/wp\/v2\/tags?post=30526"}],"curies":[{"name":"wp","href":"https:\/\/api.w.org\/{rel}","templated":true}]}}