{"id":30520,"date":"2021-02-04T08:54:31","date_gmt":"2021-02-04T11:54:31","guid":{"rendered":"https:\/\/www.paranapraia.com.br\/?p=30520"},"modified":"2021-02-04T08:54:33","modified_gmt":"2021-02-04T11:54:33","slug":"jovem-que-estava-desaparecida-e-encontrada-morta-no-parana-namorado-e-suspeito","status":"publish","type":"post","link":"https:\/\/www.paranapraia.com.br\/index.php\/2021\/02\/04\/jovem-que-estava-desaparecida-e-encontrada-morta-no-parana-namorado-e-suspeito\/","title":{"rendered":"Jovem que estava desaparecida \u00e9 encontrada morta no Paran\u00e1; namorado \u00e9 suspeito"},"content":{"rendered":"\n<p>A jovem Maria Helena, de 22 anos, foi encontrada morta pr\u00f3ximo da Estrada da Graciosa, em Quatro Barras, na Regi\u00e3o Metropolitana de Curitiba (RMC), na quarta-feira (4). Segundo a Pol\u00edcia Civil, o namorado da v\u00edtima \u00e9 suspeito de feminic\u00eddio.<\/p>\n\n\n\n<p>Conforme a Pol\u00edcia Civil, a v\u00edtima tinha sido vista pela \u00faltima vez no dia 12 de janeiro, em um churrasco na casa do namorado, em S\u00e3o Jos\u00e9 dos Pinhais, tamb\u00e9m na RMC.<\/p>\n\n\n\n<p>Ela foi encontrada ap\u00f3s cinco horas de buscas, depois que o namorado suspeito confessou o crime e disse onde tinha escondido o corpo.<\/p>\n\n\n\n<figure class=\"wp-block-image\"><img decoding=\"async\" src=\"https:\/\/s2.glbimg.com\/FCdsApVzIiKNHCosxgGc1mZw6r4=\/0x0:1355x616\/984x0\/smart\/filters:strip_icc()\/i.s3.glbimg.com\/v1\/AUTH_59edd422c0c84a879bd37670ae4f538a\/internal_photos\/bs\/2021\/w\/6\/d89pxxSuK26eVtQDKSIw\/desaparecida.jpg\" alt=\"Jovem foi encontrada ap\u00f3s mais de cinco horas de buscas, em S\u00e3o Jos\u00e9 dos Pinhais \u2014 Foto: Franklin de Freitas\"\/><\/figure>\n\n\n\n<p>Jovem foi encontrada ap\u00f3s mais de cinco horas de buscas, em S\u00e3o Jos\u00e9 dos Pinhais \u2014 Foto: Franklin de Freitas<\/p>\n\n\n\n<p>O suspeito disse \u00e0 pol\u00edcia que ocultou o corpo de Maria com ajuda do irm\u00e3o dele. Para isso, utilizou um carro para retirar o corpo da casa.<\/p>\n\n\n\n<blockquote class=\"wp-block-quote is-layout-flow wp-block-quote-is-layout-flow\"><p>&#8220;Alegou que seria em leg\u00edtima defesa, que ela teria brigado com ele e, tentando cont\u00ea-la, deu uma gravata, um mata-le\u00e3o nela, assim ela faleceu. Contou tamb\u00e9m que, na sequ\u00eancia, eles retiraram o corpo exatamente como est\u00e1 nos autos, a hip\u00f3tese que trabalhamos foi confirmada com a declara\u00e7\u00e3o dele. Falou que ele e o irm\u00e3o dele retiraram o corpo e desovaram o corpo em um outro local&#8221;, disse o delegado F\u00e1bio Machado.<\/p><\/blockquote>\n\n\n\n<p>Conforme o delegado, o namorado foi indiciado pelo feminic\u00edpio, homic\u00eddio qualificado e oculta\u00e7\u00e3o de cad\u00e1ver, e o irm\u00e3o dele por oculta\u00e7\u00e3o de cad\u00e1ver.<\/p>\n\n\n\n<p>Maria Helena tinha um filho de cinco anos e trabalhava em um shopping center. Segundo a fam\u00edlia da v\u00edtima, ningu\u00e9m sabia do relacionamento da jovem com o suspeito.<\/p>\n\n\n\n<p>Participaram das buscas a Pol\u00edcia Civil, o Instituto M\u00e9dico-Legal (IML) de Curitiba e o Corpo de Bombeiros.<\/p>\n\n\n\n<p>A fam\u00edlia da v\u00edtima fez um protesto em frente da casa do namorado suspeito, na ter\u00e7a-feira (2), onde um carro foi queimado.<\/p>\n\n\n\n<figure class=\"wp-block-image\"><img decoding=\"async\" src=\"https:\/\/s2.glbimg.com\/p9XvwMejOUxfstUWOaKbfapBp7M=\/0x0:1356x598\/984x0\/smart\/filters:strip_icc()\/i.s3.glbimg.com\/v1\/AUTH_59edd422c0c84a879bd37670ae4f538a\/internal_photos\/bs\/2021\/S\/U\/8rE3a3Q7qsUb0JhyqJyA\/carro-queimado.jpg\" alt=\"Fam\u00edlia da v\u00edtima queimou um carro, na ter\u00e7a-feira (2), na casa do suspeito, em S\u00e3o Jos\u00e9 dos Pinhais \u2014 Foto: Arquivo pessoal\"\/><\/figure>\n\n\n\n<p>Fam\u00edlia da v\u00edtima queimou um carro, na ter\u00e7a-feira (2), na casa do suspeito, em S\u00e3o Jos\u00e9 dos Pinhais \u2014 Foto: Arquivo pessoal<\/p>\n\n\n\n<p>G1PR<br><\/p>\n","protected":false},"excerpt":{"rendered":"<p>A jovem Maria Helena, de 22 anos, foi encontrada morta pr\u00f3ximo da Estrada da Graciosa, em Quatro Barras, na Regi\u00e3o Metropolitana de Curitiba (RMC), na quarta-feira (4). Segundo a Pol\u00edcia Civil, o namorado da v\u00edtima \u00e9 suspeito de feminic\u00eddio. Conforme a Pol\u00edcia Civil, a v\u00edtima tinha sido vista pela \u00faltima vez no dia 12 de [&hellip;]<\/p>\n","protected":false},"author":2,"featured_media":30521,"comment_status":"open","ping_status":"open","sticky":false,"template":"","format":"standard","meta":{"advanced_seo_description":"","jetpack_seo_html_title":"","jetpack_seo_noindex":false,"_jetpack_memberships_contains_paid_content":false,"footnotes":""},"categories":[33],"tags":[],"class_list":{"0":"post-30520","1":"post","2":"type-post","3":"status-publish","4":"format-standard","5":"has-post-thumbnail","7":"category-policia"},"jetpack_featured_media_url":"https:\/\/www.paranapraia.com.br\/wp-content\/uploads\/2021\/02\/jovem.jpg","jetpack_sharing_enabled":true,"_links":{"self":[{"href":"https:\/\/www.paranapraia.com.br\/index.php\/wp-json\/wp\/v2\/posts\/30520"}],"collection":[{"href":"https:\/\/www.paranapraia.com.br\/index.php\/wp-json\/wp\/v2\/posts"}],"about":[{"href":"https:\/\/www.paranapraia.com.br\/index.php\/wp-json\/wp\/v2\/types\/post"}],"author":[{"embeddable":true,"href":"https:\/\/www.paranapraia.com.br\/index.php\/wp-json\/wp\/v2\/users\/2"}],"replies":[{"embeddable":true,"href":"https:\/\/www.paranapraia.com.br\/index.php\/wp-json\/wp\/v2\/comments?post=30520"}],"version-history":[{"count":1,"href":"https:\/\/www.paranapraia.com.br\/index.php\/wp-json\/wp\/v2\/posts\/30520\/revisions"}],"predecessor-version":[{"id":30522,"href":"https:\/\/www.paranapraia.com.br\/index.php\/wp-json\/wp\/v2\/posts\/30520\/revisions\/30522"}],"wp:featuredmedia":[{"embeddable":true,"href":"https:\/\/www.paranapraia.com.br\/index.php\/wp-json\/wp\/v2\/media\/30521"}],"wp:attachment":[{"href":"https:\/\/www.paranapraia.com.br\/index.php\/wp-json\/wp\/v2\/media?parent=30520"}],"wp:term":[{"taxonomy":"category","embeddable":true,"href":"https:\/\/www.paranapraia.com.br\/index.php\/wp-json\/wp\/v2\/categories?post=30520"},{"taxonomy":"post_tag","embeddable":true,"href":"https:\/\/www.paranapraia.com.br\/index.php\/wp-json\/wp\/v2\/tags?post=30520"}],"curies":[{"name":"wp","href":"https:\/\/api.w.org\/{rel}","templated":true}]}}