{"id":30325,"date":"2021-01-28T16:35:45","date_gmt":"2021-01-28T19:35:45","guid":{"rendered":"https:\/\/www.paranapraia.com.br\/?p=30325"},"modified":"2021-01-28T16:35:47","modified_gmt":"2021-01-28T19:35:47","slug":"mae-e-filho-recebem-alta-de-hospital-no-mesmo-dia-apos-dois-meses-internados-com-covid-19-somos-um-so","status":"publish","type":"post","link":"https:\/\/www.paranapraia.com.br\/index.php\/2021\/01\/28\/mae-e-filho-recebem-alta-de-hospital-no-mesmo-dia-apos-dois-meses-internados-com-covid-19-somos-um-so\/","title":{"rendered":"M\u00e3e e filho recebem alta de hospital no mesmo dia ap\u00f3s dois meses internados com Covid-19: &#8216;Somos um s\u00f3&#8217;"},"content":{"rendered":"\n<p>Ap\u00f3s dois meses internados juntos por conta das complica\u00e7\u00f5es da Covid-19, m\u00e3e e filho tiveram alta do hospital na quarta-feira (27), em Curitiba.<\/p>\n\n\n\n<p>Lilian Gnata, de 63 anos, e Rog\u00e9rio, de 33 anos, moradores de Morretes, no litoral do Paran\u00e1, tiveram diagn\u00f3stico da doen\u00e7a praticamente ao mesmo tempo, em novembro.<\/p>\n\n\n\n<p>De acordo com Jo\u00e3o Carlos Gnata, que \u00e9 irm\u00e3o de Rog\u00e9rio e filho de Lilian, o quadro de sa\u00fade dos dois evoluiu r\u00e1pido, e m\u00e3e e filho tiveram que ser internados juntos.<\/p>\n\n\n\n<p>Segundo o irm\u00e3o, Rog\u00e9rio tem autismo, e a vida da m\u00e3e foi toda dedicada a ele. &#8220;Eles se cuidaram muito para n\u00e3o se infectarem, mas aconteceu. E at\u00e9 neste momento, eles estiveram juntos&#8221;, afirmou.<\/p>\n\n\n\n<blockquote class=\"wp-block-quote is-layout-flow wp-block-quote-is-layout-flow\"><p>&#8220;N\u00f3s somos uma alma s\u00f3, provavelmente somos um s\u00f3&#8221;, disse Lilian, ao receber alta.<\/p><\/blockquote>\n\n\n\n<figure class=\"wp-block-image\"><img decoding=\"async\" src=\"https:\/\/s2.glbimg.com\/Zch63WNGb4qMglyY_BYR1udPknw=\/0x0:1732x860\/984x0\/smart\/filters:strip_icc()\/i.s3.glbimg.com\/v1\/AUTH_59edd422c0c84a879bd37670ae4f538a\/internal_photos\/bs\/2021\/L\/E\/ndVkAvTVGg02k0t9ppTQ\/altadoismeses2.jpg\" alt=\"Rog\u00e9rio Gnata, de 33 anos, recebeu alta ap\u00f3s dois meses internado, em Curitiba \u2014 Foto: Reprodu\u00e7\u00e3o\/RPC\"\/><\/figure>\n\n\n\n<p>Rog\u00e9rio Gnata, de 33 anos, recebeu alta ap\u00f3s dois meses internado, em Curitiba \u2014 Foto: Reprodu\u00e7\u00e3o\/RPC<\/p>\n\n\n\n<h2 class=\"wp-block-heading\">Tratamento<\/h2>\n\n\n\n<p>De acordo com a m\u00e9dica Fernanda do Carmo Stefani, o tratamento dos dois foi complicado.<\/p>\n\n\n\n<p>&#8220;Eles ficaram muito graves. Os dois foram para a ventila\u00e7\u00e3o mec\u00e2nica, tiveram interna\u00e7\u00f5es com complica\u00e7\u00f5es&#8221;, disse a m\u00e9dica.<\/p>\n\n\n\n<p>Rog\u00e9rio chegou a sair da UTI antes da m\u00e3e, mas piorou ao longo da recupera\u00e7\u00e3o e precisou voltar para o tratamento intensivo.<\/p>\n\n\n\n<p>&#8220;Chegou momento em que ele passou a cantar na UTI. E o primeiro movimento que a minha m\u00e3e fez ap\u00f3s muito tempo internada foi quando eu perguntei se ela ouviu que ele estava cantando&#8221;, disse.<\/p>\n\n\n\n<figure class=\"wp-block-image\"><img decoding=\"async\" src=\"https:\/\/s2.glbimg.com\/E2oMCNhK1C5k104UhEtVZQ2Acwo=\/0x0:1814x844\/984x0\/smart\/filters:strip_icc()\/i.s3.glbimg.com\/v1\/AUTH_59edd422c0c84a879bd37670ae4f538a\/internal_photos\/bs\/2021\/q\/F\/EONig4SLOezPIuBlJAKw\/altadoismeses1.jpg\" alt=\"Lilian Gnata recebeu alta no mesmo dia que o filho, em Curitiba \u2014 Foto: Reprodu\u00e7\u00e3o\/RPC\"\/><\/figure>\n\n\n\n<p>Lilian Gnata recebeu alta no mesmo dia que o filho, em Curitiba \u2014 Foto: Reprodu\u00e7\u00e3o\/RPC<\/p>\n\n\n\n<p>Lilian recebeu alta ap\u00f3s 60 dias internada. Rog\u00e9rio, que foi internado uns dias antes, saiu do hospital ap\u00f3s 63 dias.<\/p>\n\n\n\n<p>&#8220;Faz dois meses que eu n\u00e3o pego na m\u00e3e dele, n\u00e3o encosto nele. Mas eu tenho certeza que vamos continuar bem unidos, ainda mais&#8221;, disse a m\u00e3e.<\/p>\n\n\n\n<p>G1PR<br><\/p>\n","protected":false},"excerpt":{"rendered":"<p>Ap\u00f3s dois meses internados juntos por conta das complica\u00e7\u00f5es da Covid-19, m\u00e3e e filho tiveram alta do hospital na quarta-feira (27), em Curitiba. Lilian Gnata, de 63 anos, e Rog\u00e9rio, de 33 anos, moradores de Morretes, no litoral do Paran\u00e1, tiveram diagn\u00f3stico da doen\u00e7a praticamente ao mesmo tempo, em novembro. De acordo com Jo\u00e3o Carlos [&hellip;]<\/p>\n","protected":false},"author":2,"featured_media":30326,"comment_status":"open","ping_status":"open","sticky":false,"template":"","format":"standard","meta":{"advanced_seo_description":"","jetpack_seo_html_title":"","jetpack_seo_noindex":false,"_jetpack_memberships_contains_paid_content":false,"footnotes":""},"categories":[50],"tags":[],"class_list":{"0":"post-30325","1":"post","2":"type-post","3":"status-publish","4":"format-standard","5":"has-post-thumbnail","7":"category-saude"},"jetpack_featured_media_url":"https:\/\/www.paranapraia.com.br\/wp-content\/uploads\/2021\/01\/whatsapp-image-2021-01-27-at-20.48.38.jpeg","jetpack_sharing_enabled":true,"_links":{"self":[{"href":"https:\/\/www.paranapraia.com.br\/index.php\/wp-json\/wp\/v2\/posts\/30325"}],"collection":[{"href":"https:\/\/www.paranapraia.com.br\/index.php\/wp-json\/wp\/v2\/posts"}],"about":[{"href":"https:\/\/www.paranapraia.com.br\/index.php\/wp-json\/wp\/v2\/types\/post"}],"author":[{"embeddable":true,"href":"https:\/\/www.paranapraia.com.br\/index.php\/wp-json\/wp\/v2\/users\/2"}],"replies":[{"embeddable":true,"href":"https:\/\/www.paranapraia.com.br\/index.php\/wp-json\/wp\/v2\/comments?post=30325"}],"version-history":[{"count":1,"href":"https:\/\/www.paranapraia.com.br\/index.php\/wp-json\/wp\/v2\/posts\/30325\/revisions"}],"predecessor-version":[{"id":30327,"href":"https:\/\/www.paranapraia.com.br\/index.php\/wp-json\/wp\/v2\/posts\/30325\/revisions\/30327"}],"wp:featuredmedia":[{"embeddable":true,"href":"https:\/\/www.paranapraia.com.br\/index.php\/wp-json\/wp\/v2\/media\/30326"}],"wp:attachment":[{"href":"https:\/\/www.paranapraia.com.br\/index.php\/wp-json\/wp\/v2\/media?parent=30325"}],"wp:term":[{"taxonomy":"category","embeddable":true,"href":"https:\/\/www.paranapraia.com.br\/index.php\/wp-json\/wp\/v2\/categories?post=30325"},{"taxonomy":"post_tag","embeddable":true,"href":"https:\/\/www.paranapraia.com.br\/index.php\/wp-json\/wp\/v2\/tags?post=30325"}],"curies":[{"name":"wp","href":"https:\/\/api.w.org\/{rel}","templated":true}]}}