{"id":30319,"date":"2021-01-28T16:21:27","date_gmt":"2021-01-28T19:21:27","guid":{"rendered":"https:\/\/www.paranapraia.com.br\/?p=30319"},"modified":"2021-01-28T16:21:28","modified_gmt":"2021-01-28T19:21:28","slug":"balanco-da-saude-mostra-que-estado-chega-a-marca-de-113-mil-pessoas-vacinadas","status":"publish","type":"post","link":"https:\/\/www.paranapraia.com.br\/index.php\/2021\/01\/28\/balanco-da-saude-mostra-que-estado-chega-a-marca-de-113-mil-pessoas-vacinadas\/","title":{"rendered":"Balan\u00e7o da Sa\u00fade mostra que Estado chega \u00e0 marca de 113 mil pessoas vacinadas"},"content":{"rendered":"\n<p>O Paran\u00e1 vacinou, at\u00e9 esta quinta-feira (28), 113.829 pessoas contra a Covid-19. Os dados de vacina\u00e7\u00e3o dos 399 munic\u00edpios foram atualizados \u00e0s 9h pela Secretaria de Estado da Sa\u00fade e representam 52% das 219.271 doses de imunizantes enviadas \u00e0s 22 Regionais de Sa\u00fade do Estado. Est\u00e3o sendo imunizados, neste primeiro momento, os profissionais de sa\u00fade, funcion\u00e1rios e internos das Institui\u00e7\u00f5es de Longa Perman\u00eancia para Idosos (ILPI), ind\u00edgenas e pessoas com defici\u00eancia severa.<\/p>\n\n\n\n<p>Das doses j\u00e1 disponibilizadas aos munic\u00edpios, 132.771 s\u00e3o da CoronaVac\/Instituto Butantan \u2013 metade do primeiro lote enviado pelo Minist\u00e9rio da Sa\u00fade \u2013 e 86.500 s\u00e3o da vacina desenvolvida pela Oxford\/AstraZeneca\/Fiocruz. O Paran\u00e1 tamb\u00e9m recebeu um terceiro lote com 39.600 doses da CoronaVac, que ainda ser\u00e3o distribu\u00eddas \u00e0s regionais para completar a vacina\u00e7\u00e3o dos primeiros grupos priorit\u00e1rios.<\/p>\n\n\n\n<p>De acordo com o levantamento da secretaria, reunido junto \u00e0s regionais e seus respectivos munic\u00edpios, foram vacinados at\u00e9 o momento 98.400 trabalhadores da sa\u00fade, 8.859 residentes das ILPIs e pessoas com defici\u00eancia e 6.570 ind\u00edgenas. Foram aplicadas 13.856 a mais que o divulgado na quarta-feira (27).<\/p>\n\n\n\n<p>Nos pr\u00f3ximos dias, esse levantamento ser\u00e1 disponibilizado no sistema integrado do Minist\u00e9rio da Sa\u00fade, que ainda est\u00e1 indispon\u00edvel, dentro do Sistema de Informa\u00e7\u00e3o do Programa Nacional de Imuniza\u00e7\u00f5es (SI-PNI). O DataSUS, sistema macro no qual est\u00e1 o SI-PNI, desenvolveu um m\u00f3dulo especial para receber os dados de todos os estados e que contempla informa\u00e7\u00f5es como registro de vacinados, p\u00fablico-alvo, origem e lote de vacinas.<\/p>\n\n\n\n<p><strong>REGIONAIS \u2013&nbsp;<\/strong>A 2<sup>a<\/sup>&nbsp;Regional de Sa\u00fade (Curitiba e Regi\u00e3o Metropolitana), que concentra o maior n\u00famero de pessoas contempladas nesta fase, foi tamb\u00e9m a que mais vacinou at\u00e9 o momento, com 19.751 doses aplicadas, 29% das que recebeu. Destas, 16.224 foram em profissionais da sa\u00fade, 3.408 em pessoas com defici\u00eancia e em ILPI e 119 em ind\u00edgenas.<\/p>\n\n\n\n<p>Na sequ\u00eancia, vem a 15<sup>a<\/sup>&nbsp;Regional (Maring\u00e1), com 10.054 doses (62,7%), sendo 9.553 em trabalhadores da sa\u00fade e 501 em pessoas com defici\u00eancia e das institui\u00e7\u00f5es de longa perman\u00eancia. Em seguida, a regional que mais vacinou em n\u00fameros absolutos foi a 17<sup>a<\/sup>&nbsp;Regional (Londrina), com 9.896 no total (43,2%), com 8.118 funcion\u00e1rios da sa\u00fade, 972 ind\u00edgenas e 806 pessoas com defici\u00eancia e das ILPIs.<\/p>\n\n\n\n<p>Proporcionalmente, as regionais que mais vacinaram foram a 21<sup>a<\/sup>&nbsp;(Tel\u00eamaco Borba), com 85,3% das doses aplicadas, e 11<sup>a<\/sup>&nbsp;(Campo Mour\u00e3o), com 85% do total. Na 21<sup>a<\/sup>&nbsp;Regional, foram aplicadas 2.355 das 2.706 doses enviadas, das quais 1.940 em trabalhadores da sa\u00fade, 334 em ind\u00edgenas e 81 em idosos e pessoas com defici\u00eancia institucionalizados. J\u00e1 a 11<sup>a<\/sup>&nbsp;Regional aplicou 4.940 das 5.810 vacinas que recebeu, divididas em 4.646 profissionais da sa\u00fade e 294 pessoas com defici\u00eancia e residentes de ILPIs.<\/p>\n\n\n\n<p><strong>Confira o balan\u00e7o de aplica\u00e7\u00e3o por Regional de Sa\u00fade<\/strong><\/p>\n\n\n\n<p>1\u00aa RS \u2013 Paranagu\u00e1 \u2013 1.509 (38% das 3.970 doses recebidas)<\/p>\n\n\n\n<p>2\u00aa RS \u2013 Metropolitana \u2013 19.751 (29% das 67.901 doses)<\/p>\n\n\n\n<p>3\u00aa RS \u2013 Ponta Grossa \u2013 5.797 (57,4% das 10.090 doses)<\/p>\n\n\n\n<p>4\u00aa RS \u2013 Irati \u2013 1.979 (81,1% das 2.440 doses)<\/p>\n\n\n\n<p>5\u00aa RS \u2013 Guarapuava \u2013 6.480 (75% das 8.530 doses)<\/p>\n\n\n\n<p>6\u00aa RS \u2013 Uni\u00e3o da Vit\u00f3ria \u2013 2.100 (83% das 2.530 doses)<\/p>\n\n\n\n<p>7\u00aa RS \u2013 Pato Branco \u2013 4.438 (67,9% das 6.530 doses)<\/p>\n\n\n\n<p>8\u00aa RS \u2013 Francisco Beltr\u00e3o \u2013 3.525 (67,1% das 5.250 doses)<\/p>\n\n\n\n<p>9\u00aa RS \u2013 Foz do Igua\u00e7u \u2013 3.557 (41,5% das 8.570 doses)<\/p>\n\n\n\n<p>10\u00aa RS \u2013 Cascavel \u2013 9.186 (64,5% das 14.240 doses)<\/p>\n\n\n\n<p>11\u00aa RS \u2013 Campo Mour\u00e3o \u2013 4.940 (85% das 5.810 doses)<\/p>\n\n\n\n<p>12\u00aa RS \u2013 Umuarama \u2013 1.920 (37,2% das 5.160 doses)<\/p>\n\n\n\n<p>13\u00aa RS \u2013 Cianorte \u2013 1.802 (78,6% das 2.290 doses)<\/p>\n\n\n\n<p>14\u00aa RS \u2013 Paranava\u00ed \u2013 3.593 (69,5% das 5.170 doses)<\/p>\n\n\n\n<p>15\u00aa RS \u2013 Maring\u00e1 \u2013 10.054 (62,7% das 16.030 doses)<\/p>\n\n\n\n<p>16\u00aa RS \u2013 Apucarana \u2013 4.856 (72,4% das 6.700 doses)<\/p>\n\n\n\n<p>17\u00aa RS \u2013 Londrina \u2013 9.896 (43,4% das 22.880 doses)<\/p>\n\n\n\n<p>18\u00aa RS \u2013 Corn\u00e9lio Proc\u00f3pio \u2013 3.908 (75,3% das 5.190 doses)<\/p>\n\n\n\n<p>19\u00aa RS \u2013 Jacarezinho \u2013 4.484 (80,8% das 5.550 doses)<\/p>\n\n\n\n<p>20\u00aa RS \u2013 Toledo \u2013 4.694 (58,6% das 8.000 doses)<\/p>\n\n\n\n<p>21\u00aa RS \u2013 Tel\u00eamaco Borba \u2013 2.355 (85,3% das 2.760 doses)<\/p>\n\n\n\n<p>22\u00aa RS \u2013 Ivaipor\u00e3 \u2013 3.005 (81,6% das 3.680 doses)<\/p>\n\n\n\n<p><strong>TOTAL \u2013 113.829 vacinados (52% das 219.271 doses).<\/strong><\/p>\n\n\n\n<p>Assessoria<br><\/p>\n","protected":false},"excerpt":{"rendered":"<p>O Paran\u00e1 vacinou, at\u00e9 esta quinta-feira (28), 113.829 pessoas contra a Covid-19. Os dados de vacina\u00e7\u00e3o dos 399 munic\u00edpios foram atualizados \u00e0s 9h pela Secretaria de Estado da Sa\u00fade e representam 52% das 219.271 doses de imunizantes enviadas \u00e0s 22 Regionais de Sa\u00fade do Estado. Est\u00e3o sendo imunizados, neste primeiro momento, os profissionais de sa\u00fade, [&hellip;]<\/p>\n","protected":false},"author":2,"featured_media":30320,"comment_status":"open","ping_status":"open","sticky":false,"template":"","format":"standard","meta":{"advanced_seo_description":"","jetpack_seo_html_title":"","jetpack_seo_noindex":false,"_jetpack_memberships_contains_paid_content":false,"footnotes":""},"categories":[40],"tags":[],"class_list":{"0":"post-30319","1":"post","2":"type-post","3":"status-publish","4":"format-standard","5":"has-post-thumbnail","7":"category-destaques"},"jetpack_featured_media_url":"https:\/\/www.paranapraia.com.br\/wp-content\/uploads\/2021\/01\/20210127_AGB_Vacinacao_HR11-scaled.jpg","jetpack_sharing_enabled":true,"_links":{"self":[{"href":"https:\/\/www.paranapraia.com.br\/index.php\/wp-json\/wp\/v2\/posts\/30319"}],"collection":[{"href":"https:\/\/www.paranapraia.com.br\/index.php\/wp-json\/wp\/v2\/posts"}],"about":[{"href":"https:\/\/www.paranapraia.com.br\/index.php\/wp-json\/wp\/v2\/types\/post"}],"author":[{"embeddable":true,"href":"https:\/\/www.paranapraia.com.br\/index.php\/wp-json\/wp\/v2\/users\/2"}],"replies":[{"embeddable":true,"href":"https:\/\/www.paranapraia.com.br\/index.php\/wp-json\/wp\/v2\/comments?post=30319"}],"version-history":[{"count":1,"href":"https:\/\/www.paranapraia.com.br\/index.php\/wp-json\/wp\/v2\/posts\/30319\/revisions"}],"predecessor-version":[{"id":30321,"href":"https:\/\/www.paranapraia.com.br\/index.php\/wp-json\/wp\/v2\/posts\/30319\/revisions\/30321"}],"wp:featuredmedia":[{"embeddable":true,"href":"https:\/\/www.paranapraia.com.br\/index.php\/wp-json\/wp\/v2\/media\/30320"}],"wp:attachment":[{"href":"https:\/\/www.paranapraia.com.br\/index.php\/wp-json\/wp\/v2\/media?parent=30319"}],"wp:term":[{"taxonomy":"category","embeddable":true,"href":"https:\/\/www.paranapraia.com.br\/index.php\/wp-json\/wp\/v2\/categories?post=30319"},{"taxonomy":"post_tag","embeddable":true,"href":"https:\/\/www.paranapraia.com.br\/index.php\/wp-json\/wp\/v2\/tags?post=30319"}],"curies":[{"name":"wp","href":"https:\/\/api.w.org\/{rel}","templated":true}]}}