{"id":30037,"date":"2020-12-18T14:01:59","date_gmt":"2020-12-18T17:01:59","guid":{"rendered":"https:\/\/www.paranapraia.com.br\/?p=30037"},"modified":"2020-12-18T14:02:00","modified_gmt":"2020-12-18T17:02:00","slug":"paranacidade-atua-em-todas-as-regioes-do-estado","status":"publish","type":"post","link":"https:\/\/www.paranapraia.com.br\/index.php\/2020\/12\/18\/paranacidade-atua-em-todas-as-regioes-do-estado\/","title":{"rendered":"Paranacidade atua em todas as regi\u00f5es do Estado"},"content":{"rendered":"\n<p>A diretoria do Servi\u00e7o Social Aut\u00f4nomo Paranacidade, vinculado \u00e0 Secretaria do Desenvolvimento Urbano e de Obras P\u00fablicas, reuniu seus servidores nesta quinta-feira (17), por v\u00eddeoconfer\u00eancia, para uma reflex\u00e3o sobre os acertos, avan\u00e7os, dificuldades e oportunidades do ano, principalmente por conta da pandemia.<\/p>\n\n\n\n<p>O superintendente executivo Paranacidade, \u00c1lvaro Cabrini, destacou o ano at\u00edpico como uma oportunidade de aprendizado. Os resultados obtidos, de acordo com a autarquia, foram superiores aos de 2019. \u201cEstamos \u00e0 altura dos desafios propostos&nbsp; para 2021\u201d.<\/p>\n\n\n\n<p>O secret\u00e1rio da pasta e superintendente do Paranacidade, Jo\u00e3o Carlos Ortega, destacou que os obst\u00e1culos foram vencidos por toda a equipe.&nbsp;\u201cMuitos de n\u00f3s j\u00e1 passamos pela Covid-19, j\u00e1 perdemos colegas, amigos e parceiros, mas reagimos, lutamos e obtivemos tamb\u00e9m muitos \u00eaxitos, transformando a vida de milhares de paranaenses. Fizemos a diferen\u00e7a, pois temos um corpo t\u00e9cnico de excel\u00eancia, transformador, e de refer\u00eancia para o Pa\u00eds\u201d, enfatizou. &nbsp;&nbsp;<\/p>\n\n\n\n<p><strong>OPORTUNIDADES&nbsp;&#8211;<\/strong>&nbsp; Participaram mais de 80 profissionais, incluindo os Escrit\u00f3rios Regionais do Paranacidade. Ortega ressaltou que os servi\u00e7os, obras e a\u00e7\u00f5es observados nos Relat\u00f3rios de Planos e Metas foram cumpridos com rigor e precis\u00e3o em todos os munic\u00edpios do Paran\u00e1.<\/p>\n\n\n\n<p>O superintendente executivo do Paranacidade ressaltou que todos os trabalhos acontecem com absoluta seguran\u00e7a, inclusive as medi\u00e7\u00f5es.&nbsp;\u201cAs exig\u00eancias no acompanhamento de obras s\u00e3o feitas com seguran\u00e7a e com respaldo t\u00e9cnico e jur\u00eddico. Reuni\u00f5es com o Tribunal de Contas do Paran\u00e1 d\u00e3o respostas positivas ao nosso trabalho\u201d.<\/p>\n\n\n\n<p>Tamb\u00e9m participaram da reuni\u00e3o a diretora de Opera\u00e7\u00f5es,\u00a0Camila Mileke Scucato, o procurador Jur\u00eddico Luciano Borges dos Santos, e Adriana Saldanha Wolski, da Coordena\u00e7\u00e3o do Setor de Tecnologia\u00a0 de Informa\u00e7\u00e3o, al\u00e9m de representantes dos escrrit\u00f3rios regionais e demais servidores.<\/p>\n\n\n\n<p>Governo do Estado<br><\/p>\n","protected":false},"excerpt":{"rendered":"<p>A diretoria do Servi\u00e7o Social Aut\u00f4nomo Paranacidade, vinculado \u00e0 Secretaria do Desenvolvimento Urbano e de Obras P\u00fablicas, reuniu seus servidores nesta quinta-feira (17), por v\u00eddeoconfer\u00eancia, para uma reflex\u00e3o sobre os acertos, avan\u00e7os, dificuldades e oportunidades do ano, principalmente por conta da pandemia. O superintendente executivo Paranacidade, \u00c1lvaro Cabrini, destacou o ano at\u00edpico como uma oportunidade [&hellip;]<\/p>\n","protected":false},"author":2,"featured_media":30038,"comment_status":"open","ping_status":"open","sticky":false,"template":"","format":"standard","meta":{"advanced_seo_description":"","jetpack_seo_html_title":"","jetpack_seo_noindex":false,"_jetpack_memberships_contains_paid_content":false,"footnotes":""},"categories":[1],"tags":[],"class_list":{"0":"post-30037","1":"post","2":"type-post","3":"status-publish","4":"format-standard","5":"has-post-thumbnail","7":"category-sem-categoria"},"jetpack_featured_media_url":"https:\/\/www.paranapraia.com.br\/wp-content\/uploads\/2020\/12\/news_interna_18122020ULTIMAREUNIAO01__Copia.jpg","jetpack_sharing_enabled":true,"_links":{"self":[{"href":"https:\/\/www.paranapraia.com.br\/index.php\/wp-json\/wp\/v2\/posts\/30037"}],"collection":[{"href":"https:\/\/www.paranapraia.com.br\/index.php\/wp-json\/wp\/v2\/posts"}],"about":[{"href":"https:\/\/www.paranapraia.com.br\/index.php\/wp-json\/wp\/v2\/types\/post"}],"author":[{"embeddable":true,"href":"https:\/\/www.paranapraia.com.br\/index.php\/wp-json\/wp\/v2\/users\/2"}],"replies":[{"embeddable":true,"href":"https:\/\/www.paranapraia.com.br\/index.php\/wp-json\/wp\/v2\/comments?post=30037"}],"version-history":[{"count":1,"href":"https:\/\/www.paranapraia.com.br\/index.php\/wp-json\/wp\/v2\/posts\/30037\/revisions"}],"predecessor-version":[{"id":30039,"href":"https:\/\/www.paranapraia.com.br\/index.php\/wp-json\/wp\/v2\/posts\/30037\/revisions\/30039"}],"wp:featuredmedia":[{"embeddable":true,"href":"https:\/\/www.paranapraia.com.br\/index.php\/wp-json\/wp\/v2\/media\/30038"}],"wp:attachment":[{"href":"https:\/\/www.paranapraia.com.br\/index.php\/wp-json\/wp\/v2\/media?parent=30037"}],"wp:term":[{"taxonomy":"category","embeddable":true,"href":"https:\/\/www.paranapraia.com.br\/index.php\/wp-json\/wp\/v2\/categories?post=30037"},{"taxonomy":"post_tag","embeddable":true,"href":"https:\/\/www.paranapraia.com.br\/index.php\/wp-json\/wp\/v2\/tags?post=30037"}],"curies":[{"name":"wp","href":"https:\/\/api.w.org\/{rel}","templated":true}]}}