{"id":29700,"date":"2020-11-27T08:52:55","date_gmt":"2020-11-27T11:52:55","guid":{"rendered":"https:\/\/www.paranapraia.com.br\/?p=29700"},"modified":"2020-11-27T08:52:58","modified_gmt":"2020-11-27T11:52:58","slug":"boletim-registra-64-mortes-por-covid-19-em-24-horas","status":"publish","type":"post","link":"https:\/\/www.paranapraia.com.br\/index.php\/2020\/11\/27\/boletim-registra-64-mortes-por-covid-19-em-24-horas\/","title":{"rendered":"Boletim registra 64 mortes por Covid-19 em 24 horas"},"content":{"rendered":"\n<p>A Secretaria de Estado da Sa\u00fade divulgou nesta quinta-feira (26) mais 2.346 casos confirmados e 64 mortes em decorr\u00eancia da infec\u00e7\u00e3o causada pelo novo coronav\u00edrus. O boletim registra tamb\u00e9m 2.058 diagn\u00f3sticos retroativos, do per\u00edodo entre 5 de abril a 24 de novembro, que estavam em investiga\u00e7\u00e3o e agora foram encerrados e automaticamente computados no sistema. Os dados acumulados do monitoramento da Covid-19 mostram que o Paran\u00e1 soma 266.639 casos e 5.989 mortes em decorr\u00eancia da doen\u00e7a.<\/p>\n\n\n\n<p><strong>INTERNADOS<\/strong>&nbsp;\u2013 Nesta quinta-feira (26) s\u00e3o 1.065 pacientes internados com diagn\u00f3stico confirmado de Covid-19. Destes, 862 ocupam leitos SUS (428 em UTI e 434 cl\u00ednicos\/enfermaria) e 203 da rede particular (80 em UTI e 123 cl\u00ednicos\/enfermaria).<\/p>\n\n\n\n<p>H\u00e1 outros 1.177 pacientes internados, 461 em leitos UTI e 716 em enfermaria, que aguardam resultados de exames. Eles est\u00e3o em leitos das redes p\u00fablica e particular e s\u00e3o considerados casos suspeitos de infec\u00e7\u00e3o pelo Sars-CoV-2.<\/p>\n\n\n\n<p><strong>\u00d3BITOS<\/strong>&nbsp;\u2013 A secretaria estadual informa a morte de mais 64 pacientes. S\u00e3o 30 mulheres e 34 homens com idades que variam de 31 e 99 anos. Os \u00f3bitos ocorreram entre 26 de junho e 26 de novembro.<\/p>\n\n\n\n<p>Os pacientes que foram a \u00f3bito residiam em Londrina (28), Curitiba (8), Cianorte (2), Guarapuava (2), Maring\u00e1 (2), Paranagu\u00e1 (2), Rio Branco do Sul (2) e S\u00e3o Jos\u00e9 dos Pinhais (2). Houve ainda o registro de uma morte em cada um dos seguintes munic\u00edpios: Arauc\u00e1ria, Camb\u00e9, Campo Largo, Campo Magro, Cascavel, Castro, Dois Vizinhos, Foz do Igua\u00e7u, Itapejara d\u2019Oeste, Maril\u00e2ndia do Sul, Pato Branco, Pinhais, Santo Antonio da Platina, S\u00e3o Miguel do Igua\u00e7u, Uni\u00e3o da Vit\u00f3ria e Ventania.<\/p>\n\n\n\n<p><strong>FORA DO PARAN\u00c1<\/strong>&nbsp;\u2013 O monitoramento contabiliza 2.619 casos de pessoas que n\u00e3o moram no Estado, das quais 54 foram a \u00f3bito.<\/p>\n\n\n\n<p><a href=\"https:\/\/www.saude.pr.gov.br\/sites\/default\/arquivos_restritos\/files\/documento\/2020-11\/INFORME_EPIDEMIOLOGICO_26_11_2020.pdf\">Confira o informe completo.<\/a><\/p>\n\n\n\n<p>Governo do Estado<\/p>\n","protected":false},"excerpt":{"rendered":"<p>A Secretaria de Estado da Sa\u00fade divulgou nesta quinta-feira (26) mais 2.346 casos confirmados e 64 mortes em decorr\u00eancia da infec\u00e7\u00e3o causada pelo novo coronav\u00edrus. O boletim registra tamb\u00e9m 2.058 diagn\u00f3sticos retroativos, do per\u00edodo entre 5 de abril a 24 de novembro, que estavam em investiga\u00e7\u00e3o e agora foram encerrados e automaticamente computados no sistema. [&hellip;]<\/p>\n","protected":false},"author":2,"featured_media":29381,"comment_status":"open","ping_status":"open","sticky":false,"template":"","format":"standard","meta":{"advanced_seo_description":"","jetpack_seo_html_title":"","jetpack_seo_noindex":false,"_jetpack_memberships_contains_paid_content":false,"footnotes":""},"categories":[107],"tags":[],"class_list":{"0":"post-29700","1":"post","2":"type-post","3":"status-publish","4":"format-standard","5":"has-post-thumbnail","7":"category-covid-19"},"jetpack_featured_media_url":"https:\/\/www.paranapraia.com.br\/wp-content\/uploads\/2020\/10\/news_interna_informes_banner_covid_19-7.jpg","jetpack_sharing_enabled":true,"_links":{"self":[{"href":"https:\/\/www.paranapraia.com.br\/index.php\/wp-json\/wp\/v2\/posts\/29700"}],"collection":[{"href":"https:\/\/www.paranapraia.com.br\/index.php\/wp-json\/wp\/v2\/posts"}],"about":[{"href":"https:\/\/www.paranapraia.com.br\/index.php\/wp-json\/wp\/v2\/types\/post"}],"author":[{"embeddable":true,"href":"https:\/\/www.paranapraia.com.br\/index.php\/wp-json\/wp\/v2\/users\/2"}],"replies":[{"embeddable":true,"href":"https:\/\/www.paranapraia.com.br\/index.php\/wp-json\/wp\/v2\/comments?post=29700"}],"version-history":[{"count":1,"href":"https:\/\/www.paranapraia.com.br\/index.php\/wp-json\/wp\/v2\/posts\/29700\/revisions"}],"predecessor-version":[{"id":29701,"href":"https:\/\/www.paranapraia.com.br\/index.php\/wp-json\/wp\/v2\/posts\/29700\/revisions\/29701"}],"wp:featuredmedia":[{"embeddable":true,"href":"https:\/\/www.paranapraia.com.br\/index.php\/wp-json\/wp\/v2\/media\/29381"}],"wp:attachment":[{"href":"https:\/\/www.paranapraia.com.br\/index.php\/wp-json\/wp\/v2\/media?parent=29700"}],"wp:term":[{"taxonomy":"category","embeddable":true,"href":"https:\/\/www.paranapraia.com.br\/index.php\/wp-json\/wp\/v2\/categories?post=29700"},{"taxonomy":"post_tag","embeddable":true,"href":"https:\/\/www.paranapraia.com.br\/index.php\/wp-json\/wp\/v2\/tags?post=29700"}],"curies":[{"name":"wp","href":"https:\/\/api.w.org\/{rel}","templated":true}]}}