{"id":29694,"date":"2020-11-26T10:52:49","date_gmt":"2020-11-26T13:52:49","guid":{"rendered":"https:\/\/www.paranapraia.com.br\/?p=29694"},"modified":"2020-11-26T10:52:55","modified_gmt":"2020-11-26T13:52:55","slug":"criancas-precisam-ser-vacinadas-contra-a-polio-e-as-demais-doencas-graves","status":"publish","type":"post","link":"https:\/\/www.paranapraia.com.br\/index.php\/2020\/11\/26\/criancas-precisam-ser-vacinadas-contra-a-polio-e-as-demais-doencas-graves\/","title":{"rendered":"Crian\u00e7as precisam ser vacinadas contra a p\u00f3lio e as demais doen\u00e7as graves"},"content":{"rendered":"\n<p>A Secretaria de Estado da Sa\u00fade alerta os pais e respons\u00e1veis por crian\u00e7as de 12 meses at\u00e9 5 anos para que as levem a postos para a imuniza\u00e7\u00e3o. Todas as salas de vacina est\u00e3o adotando os protocolos de seguran\u00e7a estabelecidos para a preven\u00e7\u00e3o da Covid-19. O Paran\u00e1 tem 1.850 salas distribu\u00eddas em todos os munic\u00edpios.<\/p>\n\n\n\n<p>\u201cReafirmamos que a vacina\u00e7\u00e3o contra a p\u00f3lio e contra outras graves doen\u00e7as \u00e9 fundamental para a sa\u00fade. Alertamos os paranaenses tamb\u00e9m para a quest\u00e3o das doen\u00e7as consideradas erradicadas, que podem voltar a qualquer momento. Foi o que aconteceu com o sarampo, que voltou a registrar casos depois de 20 anos\u201d, afirma o secret\u00e1rio estadual da Sa\u00fade, Beto Preto.<\/p>\n\n\n\n<p>\u201cNeste momento que antecede a chegada da vacina contra a Covid-19,&nbsp;a popula\u00e7\u00e3o deve atualizar a caderneta de vacina\u00e7\u00e3o. Entendemos a expectativa quanto a vacina da Covid, mas alertamos que \u00e9 preciso estar imunizado contra todas outras doen\u00e7as para as quais temos as doses disponibilizadas na rede p\u00fablica. S\u00e3o 18 vacinas ofertadas para imunizar contra doen\u00e7as t\u00e3o graves quanto a Covid e que tamb\u00e9m podem levar a \u00f3bito\u201d, enfatiza o secret\u00e1rio.<\/p>\n\n\n\n<p><strong>VIGIL\u00c2NCIA<\/strong>&nbsp;&#8211; A Vigil\u00e2ncia Epidemiol\u00f3gica da Secretaria da Sa\u00fade atua com medidas permanentes de controle, acompanhando todas as notifica\u00e7\u00f5es e casos suspeitos de doen\u00e7as consideradas erradicadas como sarampo, p\u00f3lio, rub\u00e9ola e difteria.<\/p>\n\n\n\n<p>A notifica\u00e7\u00e3o compuls\u00f3ria das ocorr\u00eancias suspeitas \u00e9 a principal fonte da Vigil\u00e2ncia. A partir dos registros feitos pelos servi\u00e7os de sa\u00fade s\u00e3o desencadeadas as a\u00e7\u00f5es de conten\u00e7\u00e3o.<\/p>\n\n\n\n<p>No caso da p\u00f3lio, que \u00e9 a paralisia infantil, doen\u00e7a infectocontagiosa viral aguda, a Vigil\u00e2ncia \u00e9 feita com a notifica\u00e7\u00e3o e monitoramento de casos suspeitos de paralisias que chegam aos hospitais, como quadros de fraqueza muscular e outras manifesta\u00e7\u00f5es que indiquem redu\u00e7\u00e3o de t\u00f4nus muscular. Identificando esses casos \u00e9 feito o controle da poliomielite.<\/p>\n\n\n\n<p>O Paran\u00e1 n\u00e3o registra casos de p\u00f3lio desde 1.986, mas para que a popula\u00e7\u00e3o esteja totalmente protegida \u00e9 preciso atingir 95% de 583 mil crian\u00e7as&nbsp;na faixa de 1 ano at\u00e9 menores de 5 anos.<\/p>\n\n\n\n<p>\u201cAt\u00e9 o momento, o Paran\u00e1 apresenta a cobertura vacinal de 76% desta faixa, o que indica que milhares de crian\u00e7as ainda precisam receber a dose\u201d, afirma a diretora de Aten\u00e7\u00e3o e Vigil\u00e2ncia em Sa\u00fade da Secretaria, Maria Goretti David Lopes.<\/p>\n\n\n\n<p><strong>SARAMPO<\/strong>&nbsp;\u2013 O sarampo \u00e9 outra doen\u00e7a de cont\u00e1gio viral que sempre preocupa a Vigil\u00e2ncia e o Programa Estadual de Imuniza\u00e7\u00f5es, pois pode levar a complica\u00e7\u00f5es como encefalite, meningite e pneumonia e, em casos de maior gravidade, pode provocar o \u00f3bito.<\/p>\n\n\n\n<p>O Paran\u00e1 saiu da situa\u00e7\u00e3o de surto do sarampo em setembro, depois de completar 90 dias sem registro de novos casos. Entre agosto do ano passado e agosto deste ano o estado totalizou 1.976 casos. Uma pessoa contaminada pode transmitir para outras 18.<\/p>\n\n\n\n<p>\u201cS\u00e3o v\u00e1rias as a\u00e7\u00f5es desenvolvidas pela Vigil\u00e2ncia para garantir o controle, mas a prote\u00e7\u00e3o contra a doen\u00e7a acontece mesmo com a vacina, que no caso do sarampo tem 95% de efic\u00e1cia\u201d, disse a diretora.<\/p>\n\n\n\n<p>Para estar imunizado contra o sarampo \u00e9 preciso receber duas doses da Vacina Tr\u00edplice Viral entre 1 ano e 29 anos. Entre 30 a 59 anos a imuniza\u00e7\u00e3o acontece com dose \u00fanica.<\/p>\n\n\n\n<p>A Campanha Nacional de Vacina\u00e7\u00e3o contra o Sarampo, tamb\u00e9m segue em todo Estado at\u00e9 dia 18 de dezembro e nesta fase \u00e9 dirigida \u00e0s pessoas na faixa de 20 a 29 anos.<\/p>\n\n\n\n<p>Governo do Estado<\/p>\n","protected":false},"excerpt":{"rendered":"<p>A Secretaria de Estado da Sa\u00fade alerta os pais e respons\u00e1veis por crian\u00e7as de 12 meses at\u00e9 5 anos para que as levem a postos para a imuniza\u00e7\u00e3o. Todas as salas de vacina est\u00e3o adotando os protocolos de seguran\u00e7a estabelecidos para a preven\u00e7\u00e3o da Covid-19. O Paran\u00e1 tem 1.850 salas distribu\u00eddas em todos os munic\u00edpios. [&hellip;]<\/p>\n","protected":false},"author":2,"featured_media":29695,"comment_status":"open","ping_status":"open","sticky":false,"template":"","format":"standard","meta":{"advanced_seo_description":"","jetpack_seo_html_title":"","jetpack_seo_noindex":false,"_jetpack_memberships_contains_paid_content":false,"footnotes":""},"categories":[50],"tags":[],"class_list":{"0":"post-29694","1":"post","2":"type-post","3":"status-publish","4":"format-standard","5":"has-post-thumbnail","7":"category-saude"},"jetpack_featured_media_url":"https:\/\/www.paranapraia.com.br\/wp-content\/uploads\/2020\/11\/news_interna_vacina-1.jpg","jetpack_sharing_enabled":true,"_links":{"self":[{"href":"https:\/\/www.paranapraia.com.br\/index.php\/wp-json\/wp\/v2\/posts\/29694"}],"collection":[{"href":"https:\/\/www.paranapraia.com.br\/index.php\/wp-json\/wp\/v2\/posts"}],"about":[{"href":"https:\/\/www.paranapraia.com.br\/index.php\/wp-json\/wp\/v2\/types\/post"}],"author":[{"embeddable":true,"href":"https:\/\/www.paranapraia.com.br\/index.php\/wp-json\/wp\/v2\/users\/2"}],"replies":[{"embeddable":true,"href":"https:\/\/www.paranapraia.com.br\/index.php\/wp-json\/wp\/v2\/comments?post=29694"}],"version-history":[{"count":1,"href":"https:\/\/www.paranapraia.com.br\/index.php\/wp-json\/wp\/v2\/posts\/29694\/revisions"}],"predecessor-version":[{"id":29696,"href":"https:\/\/www.paranapraia.com.br\/index.php\/wp-json\/wp\/v2\/posts\/29694\/revisions\/29696"}],"wp:featuredmedia":[{"embeddable":true,"href":"https:\/\/www.paranapraia.com.br\/index.php\/wp-json\/wp\/v2\/media\/29695"}],"wp:attachment":[{"href":"https:\/\/www.paranapraia.com.br\/index.php\/wp-json\/wp\/v2\/media?parent=29694"}],"wp:term":[{"taxonomy":"category","embeddable":true,"href":"https:\/\/www.paranapraia.com.br\/index.php\/wp-json\/wp\/v2\/categories?post=29694"},{"taxonomy":"post_tag","embeddable":true,"href":"https:\/\/www.paranapraia.com.br\/index.php\/wp-json\/wp\/v2\/tags?post=29694"}],"curies":[{"name":"wp","href":"https:\/\/api.w.org\/{rel}","templated":true}]}}