{"id":29691,"date":"2020-11-26T10:45:53","date_gmt":"2020-11-26T13:45:53","guid":{"rendered":"https:\/\/www.paranapraia.com.br\/?p=29691"},"modified":"2020-11-26T10:45:56","modified_gmt":"2020-11-26T13:45:56","slug":"uel-integra-equipe-que-produz-enxaguante-bucal-contra-o-virus-da-covid-19","status":"publish","type":"post","link":"https:\/\/www.paranapraia.com.br\/index.php\/2020\/11\/26\/uel-integra-equipe-que-produz-enxaguante-bucal-contra-o-virus-da-covid-19\/","title":{"rendered":"UEL integra equipe que produz enxaguante bucal contra o v\u00edrus da Covid-19"},"content":{"rendered":"\n<p>A Universidade Estadual de Londrina (UEL) participou do estudo que desenvolveu uma f\u00f3rmula para um enxaguante bucal que elimina 96% do Sars-CoV-2, v\u00edrus causador da Covid-19. Tamb\u00e9m integraram a pesquisa a Faculdade de Odontologia da Universidade de S\u00e3o Paulo (USP), em Bauru (SP), o Instituto de Ci\u00eancias Biol\u00f3gicas da USP e o Instituto Federal do Paran\u00e1.<\/p>\n\n\n\n<p>Trata-se do Detox Pro. O estudo \u00e9 coordenado pelo cirurgi\u00e3o-dentista Fabiano Vieira Vilhena, pesquisador da USP, que tamb\u00e9m coordena o Centro de Pesquisa e Inova\u00e7\u00e3o da empresa que desenvolveu o produto.<\/p>\n\n\n\n<p>A professora Andrea Name Colado Sim\u00e3o, do Departamento de Patologia, An\u00e1lises Cl\u00ednicas e Toxicol\u00f3gicas, do CCS, explica que a participa\u00e7\u00e3o da UEL ocorre em tr\u00eas etapas.&nbsp;<\/p>\n\n\n\n<p>Na primeira, pesquisadores da universidade comprovaram a efic\u00e1cia do antiss\u00e9ptico bucal no Laborat\u00f3rio de Pesquisa em Imunologia Cl\u00ednica. Foram analisadas amostras de saliva de pacientes que participaram da pesquisa cl\u00ednica, realizada em outros centros de pesquisa.<\/p>\n\n\n\n<p>Andrea destaca que a experi\u00eancia do laborat\u00f3rio foi fundamental na padroniza\u00e7\u00e3o da an\u00e1lise de detec\u00e7\u00e3o viral em amostras de saliva, assim como na agilidade dos resultados, possibilitando que o produto possa ser lan\u00e7ado ainda este ano.&nbsp;<\/p>\n\n\n\n<p>A segunda etapa refere-se \u00e0 realiza\u00e7\u00e3o de um estudo cl\u00ednico, iniciado em outubro, que vai avaliar a efic\u00e1cia do antiss\u00e9ptico bucal na carga viral em pacientes com diagn\u00f3stico de Covid-19 atendidos pelo setor de Mol\u00e9stias Infecciosas do&nbsp;Hospital Universit\u00e1rio (HU\/UEL).<\/p>\n\n\n\n<p>O antiss\u00e9ptico vai ser usado individualmente ou em associa\u00e7\u00e3o com spray nasal. \u201cAs pesquisadoras propuseram uma nova abordagem para avalia\u00e7\u00e3o da efic\u00e1cia do produto aqui no HU de Londrina e ir\u00e3o analisar o efeito do antiss\u00e9ptico bucal n\u00e3o apenas em amostras de saliva, mas tamb\u00e9m em amostras coletadas com&nbsp;swab&nbsp;de naso-orofaringe\u201d, explica a professora.<\/p>\n\n\n\n<p>De acordo com ela, at\u00e9 o momento, 23 pacientes&nbsp; participaram do estudo e o produto tem sido bem aceito por eles, sem nenhum efeito colateral relatado.<\/p>\n\n\n\n<p>A terceira etapa ser\u00e1 avaliar como o antiss\u00e9ptico atua de forma preventiva em funcion\u00e1rios do HU, como enfermeiros, m\u00e9dicos e residentes. Essa fase est\u00e1 prevista para janeiro de 2021.<\/p>\n\n\n\n<p><strong>VANTAGENS<\/strong>&nbsp;\u2013 Andrea Colado Sim\u00e3o afirma que o antiss\u00e9ptico apresenta como uma das vantagens ser administrado de forma t\u00f3pica \u2013 ou seja, local \u2013 podendo reduzir a carga viral de Sars-CoV-2 e tamb\u00e9m a microbiota nasofar\u00edngea. \u201cIsso melhora clinicamente o paciente infectado e reduz a contamina\u00e7\u00e3o do ambiente\u201d, afirma.<\/p>\n\n\n\n<p><strong>BLOQUEIO<\/strong>&nbsp;\u2013 O pesquisador da USP Fabiano Vilhena, que coordena os estudos, afirmou que o antiss\u00e9ptico bucal elimina o v\u00edrus da Covid-19 em 96%, evitando a propaga\u00e7\u00e3o para outras pessoas. Ele ressaltou que as pesquisas foram aprovadas em Comit\u00eas de \u00c9tica em Pesquisa com Seres Humanos, que estabelecem regras para o levantamento \u00e9tico dos dados.<\/p>\n\n\n\n<p>Al\u00e9m disso, h\u00e1 registro no&nbsp;Clinical Trials&nbsp;da Organiza\u00e7\u00e3o Mundial de Sa\u00fade e Registro Brasileiro de Ensaios Cl\u00ednicos.&nbsp;Ao todo, foram dez estudos, entre epidemiol\u00f3gicos, cl\u00ednicos e estudos de caso controle.<\/p>\n\n\n\n<p>Vilhena explicou que o v\u00edrus, ao entrar no organismo humano, percorre uma rota. Ele vai para a gl\u00e2ndula salivar, l\u00edngua, am\u00edgdala e vias respirat\u00f3rias. \u201cInativar a transmiss\u00e3o da Covid-19 nas vias a\u00e9reas \u00e9 uma das formas mais eficazes de n\u00e3o avan\u00e7ar a doen\u00e7a para as vias a\u00e9reas respirat\u00f3rias inferiores\u201d, destaca. \u201cO antiss\u00e9ptico \u00e9 capaz de bloquear o v\u00edrus na cavidade oral, impedindo que ganhe for\u00e7as e avance para o restante do organismo\u201d.<\/p>\n\n\n\n<p>Pela UEL, a coordena\u00e7\u00e3o dos trabalhos \u00e9 da professora Audrey Alesandra Stinghen Garcia Lonni, do Departamento de Ci\u00eancias Farmac\u00eauticas, do Centro de Ci\u00eancias da Sa\u00fade (CCS).<\/p>\n\n\n\n<p>Tamb\u00e9m participam da pesquisa o professor Marcell Alysson Batisti Lozovoy, do Departamento de Patologia, An\u00e1lises Cl\u00ednicas e Toxicol\u00f3gicas; os professores Walton Luiz Del Tedesco Junior e Philipe Quagliato Bellinati, do Departamento de Cl\u00ednica M\u00e9dica; a m\u00e9dica infectologista Zuleica Naomi Tano; a mestranda Luiza Mara Ven\u00e2ncio, do Programa de P\u00f3s-Gradua\u00e7\u00e3o em Ci\u00eancias Farmac\u00eauticas; a p\u00f3s-doutoranda Nicole Perugini Stadtlober do Programa de P\u00f3s-Gradua\u00e7\u00e3o em Fisiopatologia Cl\u00ednica e Laboratorial; e os estudantes do curso de Medicina Guilherme Lerner Trigo e Pedro Luis Candido de Souza Cassela.<\/p>\n\n\n\n<p>Governo do Estado<br><\/p>\n","protected":false},"excerpt":{"rendered":"<p>A Universidade Estadual de Londrina (UEL) participou do estudo que desenvolveu uma f\u00f3rmula para um enxaguante bucal que elimina 96% do Sars-CoV-2, v\u00edrus causador da Covid-19. Tamb\u00e9m integraram a pesquisa a Faculdade de Odontologia da Universidade de S\u00e3o Paulo (USP), em Bauru (SP), o Instituto de Ci\u00eancias Biol\u00f3gicas da USP e o Instituto Federal do [&hellip;]<\/p>\n","protected":false},"author":2,"featured_media":29692,"comment_status":"open","ping_status":"open","sticky":false,"template":"","format":"standard","meta":{"advanced_seo_description":"","jetpack_seo_html_title":"","jetpack_seo_noindex":false,"_jetpack_memberships_contains_paid_content":false,"footnotes":""},"categories":[107],"tags":[],"class_list":{"0":"post-29691","1":"post","2":"type-post","3":"status-publish","4":"format-standard","5":"has-post-thumbnail","7":"category-covid-19"},"jetpack_featured_media_url":"https:\/\/www.paranapraia.com.br\/wp-content\/uploads\/2020\/11\/news_interna_dental.jpg","jetpack_sharing_enabled":true,"_links":{"self":[{"href":"https:\/\/www.paranapraia.com.br\/index.php\/wp-json\/wp\/v2\/posts\/29691"}],"collection":[{"href":"https:\/\/www.paranapraia.com.br\/index.php\/wp-json\/wp\/v2\/posts"}],"about":[{"href":"https:\/\/www.paranapraia.com.br\/index.php\/wp-json\/wp\/v2\/types\/post"}],"author":[{"embeddable":true,"href":"https:\/\/www.paranapraia.com.br\/index.php\/wp-json\/wp\/v2\/users\/2"}],"replies":[{"embeddable":true,"href":"https:\/\/www.paranapraia.com.br\/index.php\/wp-json\/wp\/v2\/comments?post=29691"}],"version-history":[{"count":1,"href":"https:\/\/www.paranapraia.com.br\/index.php\/wp-json\/wp\/v2\/posts\/29691\/revisions"}],"predecessor-version":[{"id":29693,"href":"https:\/\/www.paranapraia.com.br\/index.php\/wp-json\/wp\/v2\/posts\/29691\/revisions\/29693"}],"wp:featuredmedia":[{"embeddable":true,"href":"https:\/\/www.paranapraia.com.br\/index.php\/wp-json\/wp\/v2\/media\/29692"}],"wp:attachment":[{"href":"https:\/\/www.paranapraia.com.br\/index.php\/wp-json\/wp\/v2\/media?parent=29691"}],"wp:term":[{"taxonomy":"category","embeddable":true,"href":"https:\/\/www.paranapraia.com.br\/index.php\/wp-json\/wp\/v2\/categories?post=29691"},{"taxonomy":"post_tag","embeddable":true,"href":"https:\/\/www.paranapraia.com.br\/index.php\/wp-json\/wp\/v2\/tags?post=29691"}],"curies":[{"name":"wp","href":"https:\/\/api.w.org\/{rel}","templated":true}]}}