{"id":29567,"date":"2020-11-10T08:24:41","date_gmt":"2020-11-10T11:24:41","guid":{"rendered":"https:\/\/www.paranapraia.com.br\/?p=29567"},"modified":"2020-11-10T08:24:45","modified_gmt":"2020-11-10T11:24:45","slug":"escola-de-gestao-lanca-curso-inedito-sobre-aposentadoria","status":"publish","type":"post","link":"https:\/\/www.paranapraia.com.br\/index.php\/2020\/11\/10\/escola-de-gestao-lanca-curso-inedito-sobre-aposentadoria\/","title":{"rendered":"Escola de Gest\u00e3o lan\u00e7a curso in\u00e9dito sobre aposentadoria"},"content":{"rendered":"\n<p>A Escola de Gest\u00e3o do Paran\u00e1 (EGP) est\u00e1 com inscri\u00e7\u00f5es abertas para o curso Aposentadoria: Redescoberta de Talentos. Inteiramente atualizado conforme a Reforma da Previd\u00eancia, o curso ser\u00e1 na modalidade online no Ambiente Virtual de Aprendizagem da Escola de Gest\u00e3o do Paran\u00e1.<\/p>\n\n\n\n<p>O objetivo do curso \u00e9 auxiliar o servidor a se preparar para a aposentadoria, a descobrir novos talentos e op\u00e7\u00f5es de carreira, al\u00e9m de apresentar no\u00e7\u00f5es de autogest\u00e3o e investimento, e principalmente a se preparar para o novo ciclo de vida p\u00f3s-servi\u00e7o p\u00fablico. Al\u00e9m disso, o curso apresenta a Reforma da Previd\u00eancia de forma descomplicada e ensina a calcular o tempo que falta para a Aposentadoria.<\/p>\n\n\n\n<p>Para Aline Albano Justus, diretora da Escola de Gest\u00e3o, o curso \u00e9 o resultado da coopera\u00e7\u00e3o entre diversos setores do Estado com o prop\u00f3sito de elaborar uma capacita\u00e7\u00e3o espec\u00edfica que auxilie os servidores p\u00fablicos nesse momento de transi\u00e7\u00e3o.<\/p>\n\n\n\n<p>Segundo Luiz Gustavo Sulek Castilho, diretor do Departamento de Recursos Humanos e Previd\u00eancia do Estado, a realiza\u00e7\u00e3o de curso aos servidores que est\u00e3o em pr\u00e9-aposentadoria, com conte\u00fado direcionado a este p\u00fablico, \u00e9 imprescind\u00edvel para que tenham informa\u00e7\u00f5es e orienta\u00e7\u00f5es que possam contribuir para a tomada de decis\u00e3o do melhor momento em que esta passagem deve se dar, bem como estimular o planejamento de vida p\u00f3s-aposentadoria, para que possam, ap\u00f3s arduamente dedicarem parte de suas vidas a presta\u00e7\u00e3o do servi\u00e7o p\u00fablico, ter uma aposentadoria digna e de qualidade, tanto no aspecto pessoal quanto financeiro.<\/p>\n\n\n\n<p>O p\u00fablico-alvo do curso s\u00e3o profissionais atuantes nas v\u00e1rias esferas do Poder P\u00fablico pr\u00f3ximos da aposentadoria e para interessados no tema da Reforma Previdenci\u00e1ria. O prazo de conclus\u00e3o do curso \u00e9 de 45 dias, sem nota avaliativa e carga hor\u00e1ria de 36 horas.<\/p>\n\n\n\n<p>\u201cEsse curso \u00e9 de extrema import\u00e2ncia para os servidores p\u00fablico, \u00e9 um planejamento para o futuro e demonstra a import\u00e2ncia que esses profissionais t\u00eam dentro do governo. Essa \u00e9 mais uma forma de agradecermos e auxili\u00e1-los na fase de aposentadoria\u201d, diz o secret\u00e1rio estadual da Administra\u00e7\u00e3o e Previd\u00eancia, Marcel Micheletto.<\/p>\n\n\n\n<p>Este \u00e9 mais um curso na modalidade a dist\u00e2ncia disponibilizado pela Escola de Gest\u00e3o do Paran\u00e1 na plataforma oficial do governo do Estado, que soma mais de 32 mil inscritos no ano de 2020 entre servidores p\u00fablicos e sociedade civil.<\/p>\n\n\n\n<p>Conhe\u00e7a os cursos na modalidade online da Escola de Gest\u00e3o do Paran\u00e1.<\/p>\n\n\n\n<p>[link para cursos on-line]<\/p>\n\n\n\n<figure class=\"wp-block-embed\"><div class=\"wp-block-embed__wrapper\">\nhttp:\/\/www.administracao.pr.gov.br\/Escola-de-Gestao\/Pagina\/Cursos-gratuitos-distancia\n<\/div><\/figure>\n\n\n\n<p>SAIBA MAIS:<\/p>\n\n\n\n<p>CURSO: Aposentadoria: Redescoberta de Talentos<\/p>\n\n\n\n<p>INSCRI\u00c7\u00d5ES: No site da Escola de Gest\u00e3o do Paran\u00e1, em Cursos Online<\/p>\n\n\n\n<p>PRAZO DE CONCLUS\u00c3O: 45 dias<\/p>\n\n\n\n<p>Carga Hor\u00e1ria: 36 horas<\/p>\n\n\n\n<p>Curso com certifica\u00e7\u00e3o pela Escola de Gest\u00e3o do Paran\u00e1.<\/p>\n\n\n\n<p>INSCREVA-SE NO CURSO [link para os cursos on-line]<\/p>\n\n\n\n<p>Governo do Estado<\/p>\n","protected":false},"excerpt":{"rendered":"<p>A Escola de Gest\u00e3o do Paran\u00e1 (EGP) est\u00e1 com inscri\u00e7\u00f5es abertas para o curso Aposentadoria: Redescoberta de Talentos. Inteiramente atualizado conforme a Reforma da Previd\u00eancia, o curso ser\u00e1 na modalidade online no Ambiente Virtual de Aprendizagem da Escola de Gest\u00e3o do Paran\u00e1. O objetivo do curso \u00e9 auxiliar o servidor a se preparar para a [&hellip;]<\/p>\n","protected":false},"author":2,"featured_media":29568,"comment_status":"open","ping_status":"open","sticky":false,"template":"","format":"standard","meta":{"advanced_seo_description":"","jetpack_seo_html_title":"","jetpack_seo_noindex":false,"_jetpack_memberships_contains_paid_content":false,"footnotes":""},"categories":[1],"tags":[],"class_list":{"0":"post-29567","1":"post","2":"type-post","3":"status-publish","4":"format-standard","5":"has-post-thumbnail","7":"category-sem-categoria"},"jetpack_featured_media_url":"https:\/\/www.paranapraia.com.br\/wp-content\/uploads\/2020\/11\/news_interna_1-1.jpg","jetpack_sharing_enabled":true,"_links":{"self":[{"href":"https:\/\/www.paranapraia.com.br\/index.php\/wp-json\/wp\/v2\/posts\/29567"}],"collection":[{"href":"https:\/\/www.paranapraia.com.br\/index.php\/wp-json\/wp\/v2\/posts"}],"about":[{"href":"https:\/\/www.paranapraia.com.br\/index.php\/wp-json\/wp\/v2\/types\/post"}],"author":[{"embeddable":true,"href":"https:\/\/www.paranapraia.com.br\/index.php\/wp-json\/wp\/v2\/users\/2"}],"replies":[{"embeddable":true,"href":"https:\/\/www.paranapraia.com.br\/index.php\/wp-json\/wp\/v2\/comments?post=29567"}],"version-history":[{"count":1,"href":"https:\/\/www.paranapraia.com.br\/index.php\/wp-json\/wp\/v2\/posts\/29567\/revisions"}],"predecessor-version":[{"id":29569,"href":"https:\/\/www.paranapraia.com.br\/index.php\/wp-json\/wp\/v2\/posts\/29567\/revisions\/29569"}],"wp:featuredmedia":[{"embeddable":true,"href":"https:\/\/www.paranapraia.com.br\/index.php\/wp-json\/wp\/v2\/media\/29568"}],"wp:attachment":[{"href":"https:\/\/www.paranapraia.com.br\/index.php\/wp-json\/wp\/v2\/media?parent=29567"}],"wp:term":[{"taxonomy":"category","embeddable":true,"href":"https:\/\/www.paranapraia.com.br\/index.php\/wp-json\/wp\/v2\/categories?post=29567"},{"taxonomy":"post_tag","embeddable":true,"href":"https:\/\/www.paranapraia.com.br\/index.php\/wp-json\/wp\/v2\/tags?post=29567"}],"curies":[{"name":"wp","href":"https:\/\/api.w.org\/{rel}","templated":true}]}}