{"id":29564,"date":"2020-11-10T08:23:01","date_gmt":"2020-11-10T11:23:01","guid":{"rendered":"https:\/\/www.paranapraia.com.br\/?p=29564"},"modified":"2020-11-10T08:23:04","modified_gmt":"2020-11-10T11:23:04","slug":"pronto-atendimento-da-santa-casa-de-curitiba-e-reinaugurado","status":"publish","type":"post","link":"https:\/\/www.paranapraia.com.br\/index.php\/2020\/11\/10\/pronto-atendimento-da-santa-casa-de-curitiba-e-reinaugurado\/","title":{"rendered":"Pronto Atendimento da Santa Casa de Curitiba \u00e9 reinaugurado"},"content":{"rendered":"\n<p>O Pronto Atendimento da Santa Casa de Curitiba passou por reforma completa e foi reinaugurado nesta segunda-feira (9). O espa\u00e7o, reformado em nove meses, ampliou a capacidade de atendimento e vai proporcionar maior comodidade aos pacientes.<\/p>\n\n\n\n<p>Para o secret\u00e1rio de Estado da Sa\u00fade, Beto Preto, o local reflete o que prima o Sistema \u00danico de Sa\u00fade (SUS) que \u00e9 dar assist\u00eancia a quem mais tem necessidade. \u201cA Santa Casa de Curitiba \u00e9 um marco na sa\u00fade do Paran\u00e1. \u00c9 um hospital que est\u00e1 h\u00e1 mais de 140 anos prestando servi\u00e7os aos cidad\u00e3os e se colocando \u00e0 disposi\u00e7\u00e3o de quem mais precisa\u201d, afirmou ele, na solenidade.<\/p>\n\n\n\n<p><strong>MELHORIAS \u2013<\/strong>&nbsp;O Pronto Atendimento teve uma reforma completa. A fachada foi refeita, espa\u00e7o e \u00e1reas internas foram adequadas em rela\u00e7\u00e3o \u00e0 acessibilidade, uma \u00e1rea coberta para embarque e desembarque de pacientes foi constru\u00edda. Outro espa\u00e7o da Santa Casa reformulado foi o Centro de Diagn\u00f3stico e Tratamento que est\u00e1 com equipamentos novos, ambiente e fluxo de atendimento mais humanizados.<\/p>\n\n\n\n<p>O secret\u00e1rio Beto Preto destacou a parceria da Santa Casa com o Governo do Estado na assist\u00eancia de pacientes residentes do munic\u00edpio de Colombo e lembrou que est\u00e1 em desenvolvimento o projeto para a constru\u00e7\u00e3o do local para receber usu\u00e1rios SUS via transporte a\u00e9reo.<\/p>\n\n\n\n<p>\u201cEm nome do governador Carlos Massa Ratinho J\u00fanior agrade\u00e7o a diretoria e o Provedor da Irmandade Santa Casa de Miseric\u00f3rdia de Curitiba, Dom Carmo Jo\u00e3o Rhoden, por toda a parceria que estamos tendo na obra do heliponto, que \u00e9 extremamente necess\u00e1ria para este local e tamb\u00e9m pelo apoio com o munic\u00edpio de Colombo\u201d, disse Beto Preto.<\/p>\n\n\n\n<p>Ap\u00f3s a revitaliza\u00e7\u00e3o, o local passou a ser chamado de Pronto Atendimento Dra Wanessa Portugal, advogada que atuou em favor dos doentes e mais humildes. O Centro de Diagn\u00f3stico e Tratamento tamb\u00e9m foi batizado como forma de homenagem ao Monsenhor Marco Eduardo Jacob da Silva.<\/p>\n\n\n\n<p><strong>ATENDIMENTOS \u2013&nbsp;<\/strong>O Pronto Atendimento Dra Wanessa Portugal funciona 24 horas por dia, durante toda a semana. Ser\u00e3o atendidos no local pacientes SUS, assim como de conv\u00eanios e particular. O fluxo dos atendimentos tamb\u00e9m \u00e9 novo e foi pensado com base em protocolos cl\u00ednicos internacionais a fim de garantir as reais prioridades e a seguran\u00e7a dos pacientes.<\/p>\n\n\n\n<p><strong>PRESEN\u00c7AS \u2013<\/strong>\u00a0Participaram o Provedor da Irmandade Santa Casa de Miseric\u00f3rdia de Curitiba, Dom Carmo Jo\u00e3o Rhoden; os representantes da Secretaria da Sa\u00fade \u00a0Vinicius Filipak (diretor de Gest\u00e3o em Sa\u00fade) e o C\u00e9sar Neves (assessor); o presidente do Pr\u00f3-Sa\u00fade, Dom Jo\u00e3o Bosco \u00d3liver de Faria; a primeira dama de Curitiba, Margarida Sansone; a secret\u00e1ria de Sa\u00fade de Curitiba, M\u00e1rcia Hu\u00e7ulak; os deputados federais Reinhold Stephanes e Ricardo Barros; a conselheira do Coren-PR, Tereza Kendra; o superintendente do Minist\u00e9rio da Sa\u00fade no Paran\u00e1, Benedito Crespo Garcia; a coordenadora do Conselho de Sa\u00fade da Associa\u00e7\u00e3o Comercial do Paran\u00e1, Malu Gomes; ex-governadora Cida Borghetti;<\/p>\n\n\n\n<p>Governo do Estado<\/p>\n","protected":false},"excerpt":{"rendered":"<p>O Pronto Atendimento da Santa Casa de Curitiba passou por reforma completa e foi reinaugurado nesta segunda-feira (9). O espa\u00e7o, reformado em nove meses, ampliou a capacidade de atendimento e vai proporcionar maior comodidade aos pacientes. Para o secret\u00e1rio de Estado da Sa\u00fade, Beto Preto, o local reflete o que prima o Sistema \u00danico de [&hellip;]<\/p>\n","protected":false},"author":2,"featured_media":29565,"comment_status":"open","ping_status":"open","sticky":false,"template":"","format":"standard","meta":{"advanced_seo_description":"","jetpack_seo_html_title":"","jetpack_seo_noindex":false,"_jetpack_memberships_contains_paid_content":false,"footnotes":""},"categories":[50],"tags":[],"class_list":{"0":"post-29564","1":"post","2":"type-post","3":"status-publish","4":"format-standard","5":"has-post-thumbnail","7":"category-saude"},"jetpack_featured_media_url":"https:\/\/www.paranapraia.com.br\/wp-content\/uploads\/2020\/11\/news_interna_dsc_8966.jpg","jetpack_sharing_enabled":true,"_links":{"self":[{"href":"https:\/\/www.paranapraia.com.br\/index.php\/wp-json\/wp\/v2\/posts\/29564"}],"collection":[{"href":"https:\/\/www.paranapraia.com.br\/index.php\/wp-json\/wp\/v2\/posts"}],"about":[{"href":"https:\/\/www.paranapraia.com.br\/index.php\/wp-json\/wp\/v2\/types\/post"}],"author":[{"embeddable":true,"href":"https:\/\/www.paranapraia.com.br\/index.php\/wp-json\/wp\/v2\/users\/2"}],"replies":[{"embeddable":true,"href":"https:\/\/www.paranapraia.com.br\/index.php\/wp-json\/wp\/v2\/comments?post=29564"}],"version-history":[{"count":1,"href":"https:\/\/www.paranapraia.com.br\/index.php\/wp-json\/wp\/v2\/posts\/29564\/revisions"}],"predecessor-version":[{"id":29566,"href":"https:\/\/www.paranapraia.com.br\/index.php\/wp-json\/wp\/v2\/posts\/29564\/revisions\/29566"}],"wp:featuredmedia":[{"embeddable":true,"href":"https:\/\/www.paranapraia.com.br\/index.php\/wp-json\/wp\/v2\/media\/29565"}],"wp:attachment":[{"href":"https:\/\/www.paranapraia.com.br\/index.php\/wp-json\/wp\/v2\/media?parent=29564"}],"wp:term":[{"taxonomy":"category","embeddable":true,"href":"https:\/\/www.paranapraia.com.br\/index.php\/wp-json\/wp\/v2\/categories?post=29564"},{"taxonomy":"post_tag","embeddable":true,"href":"https:\/\/www.paranapraia.com.br\/index.php\/wp-json\/wp\/v2\/tags?post=29564"}],"curies":[{"name":"wp","href":"https:\/\/api.w.org\/{rel}","templated":true}]}}