{"id":29561,"date":"2020-11-10T08:21:25","date_gmt":"2020-11-10T11:21:25","guid":{"rendered":"https:\/\/www.paranapraia.com.br\/?p=29561"},"modified":"2020-11-10T08:21:27","modified_gmt":"2020-11-10T11:21:27","slug":"campanha-aborda-importancia-do-prontuario-odontologico","status":"publish","type":"post","link":"https:\/\/www.paranapraia.com.br\/index.php\/2020\/11\/10\/campanha-aborda-importancia-do-prontuario-odontologico\/","title":{"rendered":"Campanha aborda import\u00e2ncia do prontu\u00e1rio odontol\u00f3gico"},"content":{"rendered":"\n<p>A Pol\u00edcia Cient\u00edfica do Paran\u00e1&nbsp;e&nbsp;o Conselho Regional de Odontologia&nbsp;(CRO)&nbsp;assinaram um termo de coopera\u00e7\u00e3o e d\u00e3o in\u00edcio a uma campanha sobre a identifica\u00e7\u00e3o pela Odontologia Forense. Intitulada \u201cGuardar o Prontu\u00e1rio \u00e9 Legal\u201d, a iniciativa tem o objetivo de esclarecer os mais de 21 mil cirurgi\u00f5es-dentistas ativos no Estado sobre a import\u00e2ncia do preenchimento e armazenamento corretos do prontu\u00e1rio, caso seja necess\u00e1rio em exames do Instituto M\u00e9dico-Legal (IML).<\/p>\n\n\n\n<p>O prontu\u00e1rio odontol\u00f3gico \u00e9 o conjunto de toda documenta\u00e7\u00e3o obtida durante o tratamento e mostra uma&nbsp;perspectiva fundamental para os trabalhos dos cirurgi\u00f5es-dentistas. No IML do Paran\u00e1, assim como em v\u00e1rias regi\u00f5es do Pa\u00eds, diversos s\u00e3o os casos de identifica\u00e7\u00e3o humana possibilitadas por meio de an\u00e1lises das caracter\u00edsticas e especificidades dentais registradas em prontu\u00e1rios.<\/p>\n\n\n\n<p>Os conhecimentos da Odontologia Forense geralmente s\u00e3o adotados para a&nbsp;identifica\u00e7\u00e3o&nbsp;humana em casos de cad\u00e1veres carbonizados, em avan\u00e7ado estado de decomposi\u00e7\u00e3o, fragmentados e esqueletizados.<\/p>\n\n\n\n<p>\u201cNesses casos, os profissionais da Pol\u00edcia Cient\u00edfica chamam os familiares e questionam se a pessoa passou por algum tratamento odontol\u00f3gico. Caso eles tenham conhecimento disso, o dentista da v\u00edtima \u00e9 acionado para que ele possa disponibilizar o prontu\u00e1rio odontol\u00f3gico e, assim,&nbsp;os exames de identifica\u00e7\u00e3o humana pela arcada dent\u00e1ria possam ser feitos&nbsp;pelos peritos\u201d, explica o diretor da Pol\u00edcia Cient\u00edfica do Paran\u00e1, Luiz Rodrigo Grochocki.<\/p>\n\n\n\n<p>\u201cEsse \u00e9 um assunto que grande parte da sociedade ainda desconhece. Muitas vezes as pessoas t\u00eam documenta\u00e7\u00e3o odontol\u00f3gica em casa e acabam jogando fora, pensando que n\u00e3o ter\u00e1 mais nenhuma utilidade. Infelizmente, a gente sabe que pode acontecer um acidente com qualquer um de n\u00f3s e n\u00e3o ser poss\u00edvel identificar o corpo pelas impress\u00f5es digitais, que \u00e9 o meio mais tradicional. A segunda op\u00e7\u00e3o mais vi\u00e1vel de identifica\u00e7\u00e3o humana seria pela odontologia legal\u201d, destaca a odontologista da Pol\u00edcia Cient\u00edfica do Paran\u00e1, Tha\u00eds Xavier.<\/p>\n\n\n\n<p>Entretanto, para que esse processo seja poss\u00edvel, os dados do exame precisam ser confrontados e, nesse ponto, os prontu\u00e1rios podem fornecer informa\u00e7\u00f5es essenciais para identifica\u00e7\u00e3o. \u201cO CRO tem investido na integra\u00e7\u00e3o da ci\u00eancia odontol\u00f3gica com as novas tecnologias para&nbsp;atendermos prontamente \u00e0s&nbsp;solicita\u00e7\u00f5es&nbsp;da Pol\u00edcia Cient\u00edfica. Muito al\u00e9m dos profissionais da odontologia forense, esta campanha traz benef\u00edcios a todos os paranaenses&nbsp;que possam precisar de identifica\u00e7\u00e3o humana\u201d, disse o presidente do&nbsp;Conselho Regional de Odontologia&nbsp;do Paran\u00e1, Aguinaldo Farias.<\/p>\n\n\n\n<p><strong>ODONTOLOGIA FORENSE<\/strong>&nbsp;\u2013 De acordo com a Pol\u00edcia Cient\u00edfica, depois da tradicional identifica\u00e7\u00e3o humana por papiloscopia (impress\u00f5es digitais), o uso da odontologia forense \u00e9 a op\u00e7\u00e3o mais vi\u00e1vel. Al\u00e9m de trazer o resultado r\u00e1pido, o que agiliza a identifica\u00e7\u00e3o e libera\u00e7\u00e3o do corpo para que a fam\u00edlia possa fazer o sepultamento, h\u00e1 menor custo&nbsp;ao Estado do que a identifica\u00e7\u00e3o por exames de DNA.<\/p>\n\n\n\n<p>\u201cSe for necess\u00e1rio um exame de DNA, a fam\u00edlia precisar\u00e1 esperar no m\u00ednimo tr\u00eas meses para ter a certeza de que trata-se do corpo de seu familiar. Essa \u00e9 uma situa\u00e7\u00e3o que causa muita dor e ang\u00fastia para quem passa por isso. Al\u00e9m de demorada, a identifica\u00e7\u00e3o por DNA tem custo muito mais elevado que pela arcada dent\u00e1ria. Por isso, \u00e9 muito importante que os cirurgi\u00f5es-dentistas tenham essa documenta\u00e7\u00e3o preenchida e armazenada corretamente\u201d, completou a perita odontologista.<\/p>\n\n\n\n<p><strong>REFER\u00caNCIA NACIONAL<\/strong>&nbsp;&#8211; Desde 2013, o Paran\u00e1 conta com uma comiss\u00e3o permanente de atendimento a desastres dentro da per\u00edcia criminal. No in\u00edcio de 2019, a Pol\u00edcia Cient\u00edfica ganhou destaque nacional por estar na linha de frente da identifica\u00e7\u00e3o dos corpos resgatados depois do rompimento da Barragem de Brumadinho (MG). Nesse caso, foram feitos exames minuciosos da arcada dent\u00e1ria de v\u00edtimas fatais, os quais foram respons\u00e1veis pela identifica\u00e7\u00e3o de muitas delas.<\/p>\n\n\n\n<p>A perita criminal Patricia Doubas Cancelier, coordenadora de identifica\u00e7\u00e3o de v\u00edtimas de desastres e diretora da Academia de Ci\u00eancias Forenses da Pol\u00edcia Cient\u00edfica paranaense, passou sete dias trabalhando ao lado do Corpo de Bombeiros para processar, de maneira adequada, os vest\u00edgios que poderiam levar ao reconhecimento.<\/p>\n\n\n\n<p><strong>NO PARAN\u00c1&nbsp;<\/strong>&#8211; H\u00e1 in\u00fameras situa\u00e7\u00f5es em que a Odontologia Forense da Pol\u00edcia Cient\u00edfica do Paran\u00e1 foi necess\u00e1ria para identifica\u00e7\u00e3o. Um dos casos de repercuss\u00e3o, em 2018, foi o da estudante Andriely Gon\u00e7alves da Silva, de 22 anos, encontrada na Serra da Graciosa, entre as cidades de Quatro Barras e Morretes, ap\u00f3s um m\u00eas desaparecida.<\/p>\n\n\n\n<p>Outro exemplo aconteceu em fevereiro de 2019 para identifica\u00e7\u00e3o de Jos\u00e9 Alves, de 60 anos, desaparecido h\u00e1 cerca de 30 dias, ap\u00f3s sofrer um acidente na BR-116. Sabendo que um corpo havia sido encontrado pelo Corpo de Bombeiros, a fam\u00edlia procurou o IML e levou exames da arcada dent\u00e1ria que possibilitaram a identifica\u00e7\u00e3o.<\/p>\n\n\n\n<p><strong>LEGISLA\u00c7\u00c3O&nbsp;<\/strong>&#8211; O C\u00f3digo de \u00c9tica Odontol\u00f3gica estabelece que a formata\u00e7\u00e3o, atualiza\u00e7\u00e3o e preserva\u00e7\u00e3o do prontu\u00e1rio odontol\u00f3gico \u00e9 um dever do cirurgi\u00e3o-dentista. Sobre o tempo de armazenamento, a Lei 13.787\/2018 determina o prazo m\u00ednimo de 20 anos a partir do \u00faltimo registro do paciente.<\/p>\n\n\n\n<p><strong>CAMPANHA\u00a0<\/strong>&#8211; A iniciativa Guardar o Prontu\u00e1rio \u00e9 Legal deve ser divulgada aos 21.036 cirurgi\u00f5es-dentistas ativos no Paran\u00e1 por meio das m\u00eddias digitais e canais oficiais da Pol\u00edcia Cient\u00edfica e do CRO-PR. A campanha orienta que a documenta\u00e7\u00e3o deve ser armazenada por tempo indefinido, j\u00e1 que pode ser necess\u00e1ria em exames de identifica\u00e7\u00e3o humana.Com a campanha, a Pol\u00edcia Cient\u00edfica busca tamb\u00e9m informar a sociedade sobre como cada cidad\u00e3o pode contribuir com o Estado e a identifica\u00e7\u00e3o humana por meio de registros odontol\u00f3gicos. A recomenda \u00e9 que as pessoas estejam atentas ao armazenamento de seu prontu\u00e1rio odontol\u00f3gico, assim como os de seus familiares.<\/p>\n\n\n\n<p>Governo do estado<br><\/p>\n","protected":false},"excerpt":{"rendered":"<p>A Pol\u00edcia Cient\u00edfica do Paran\u00e1&nbsp;e&nbsp;o Conselho Regional de Odontologia&nbsp;(CRO)&nbsp;assinaram um termo de coopera\u00e7\u00e3o e d\u00e3o in\u00edcio a uma campanha sobre a identifica\u00e7\u00e3o pela Odontologia Forense. Intitulada \u201cGuardar o Prontu\u00e1rio \u00e9 Legal\u201d, a iniciativa tem o objetivo de esclarecer os mais de 21 mil cirurgi\u00f5es-dentistas ativos no Estado sobre a import\u00e2ncia do preenchimento e armazenamento corretos [&hellip;]<\/p>\n","protected":false},"author":2,"featured_media":29562,"comment_status":"open","ping_status":"open","sticky":false,"template":"","format":"standard","meta":{"advanced_seo_description":"","jetpack_seo_html_title":"","jetpack_seo_noindex":false,"_jetpack_memberships_contains_paid_content":false,"footnotes":""},"categories":[1],"tags":[],"class_list":{"0":"post-29561","1":"post","2":"type-post","3":"status-publish","4":"format-standard","5":"has-post-thumbnail","7":"category-sem-categoria"},"jetpack_featured_media_url":"https:\/\/www.paranapraia.com.br\/wp-content\/uploads\/2020\/11\/news_interna_IMG_8108.jpg","jetpack_sharing_enabled":true,"_links":{"self":[{"href":"https:\/\/www.paranapraia.com.br\/index.php\/wp-json\/wp\/v2\/posts\/29561"}],"collection":[{"href":"https:\/\/www.paranapraia.com.br\/index.php\/wp-json\/wp\/v2\/posts"}],"about":[{"href":"https:\/\/www.paranapraia.com.br\/index.php\/wp-json\/wp\/v2\/types\/post"}],"author":[{"embeddable":true,"href":"https:\/\/www.paranapraia.com.br\/index.php\/wp-json\/wp\/v2\/users\/2"}],"replies":[{"embeddable":true,"href":"https:\/\/www.paranapraia.com.br\/index.php\/wp-json\/wp\/v2\/comments?post=29561"}],"version-history":[{"count":1,"href":"https:\/\/www.paranapraia.com.br\/index.php\/wp-json\/wp\/v2\/posts\/29561\/revisions"}],"predecessor-version":[{"id":29563,"href":"https:\/\/www.paranapraia.com.br\/index.php\/wp-json\/wp\/v2\/posts\/29561\/revisions\/29563"}],"wp:featuredmedia":[{"embeddable":true,"href":"https:\/\/www.paranapraia.com.br\/index.php\/wp-json\/wp\/v2\/media\/29562"}],"wp:attachment":[{"href":"https:\/\/www.paranapraia.com.br\/index.php\/wp-json\/wp\/v2\/media?parent=29561"}],"wp:term":[{"taxonomy":"category","embeddable":true,"href":"https:\/\/www.paranapraia.com.br\/index.php\/wp-json\/wp\/v2\/categories?post=29561"},{"taxonomy":"post_tag","embeddable":true,"href":"https:\/\/www.paranapraia.com.br\/index.php\/wp-json\/wp\/v2\/tags?post=29561"}],"curies":[{"name":"wp","href":"https:\/\/api.w.org\/{rel}","templated":true}]}}