{"id":29558,"date":"2020-11-10T08:18:01","date_gmt":"2020-11-10T11:18:01","guid":{"rendered":"https:\/\/www.paranapraia.com.br\/?p=29558"},"modified":"2020-11-10T08:20:14","modified_gmt":"2020-11-10T11:20:14","slug":"leilao-da-copel-telecom-arrecada-r-239-bilhoes-para-o-estado","status":"publish","type":"post","link":"https:\/\/www.paranapraia.com.br\/index.php\/2020\/11\/10\/leilao-da-copel-telecom-arrecada-r-239-bilhoes-para-o-estado\/","title":{"rendered":"Leil\u00e3o da Copel Telecom arrecada R$ 2,39 bilh\u00f5es para o Estado"},"content":{"rendered":"\n<p>A venda da subsidi\u00e1ria de telecomunica\u00e7\u00f5es da Copel arrecadou R$ 2,39 bilh\u00f5es. O Fundo Bordeaux, representado pela corretora Planner, venceu o leil\u00e3o de privatiza\u00e7\u00e3o, realizado nesta segunda-feira (9) na sede da B3, em S\u00e3o Paulo. Com quatro investidores disputando o certame, a empresa foi vendida com \u00e1gio de 70,94%, superando em quase R$ 1 bilh\u00e3o o pre\u00e7o m\u00ednimo estipulado, que era de R$ 1,4 bilh\u00e3o por 100% das a\u00e7\u00f5es.<\/p>\n\n\n\n<p>Na abertura dos envelopes, duas empresas ofereceram valor superior a R$ 2 bilh\u00f5es, iniciando o leil\u00e3o com \u00e1gio de mais de 50%. Na disputa por viva voz entre a Bordeaux e a Algar Solu\u00e7\u00f5es, a diferen\u00e7a do valor arrematado com o m\u00ednimo previsto superou os 70%. O recurso arrecadado retornar\u00e1 ao caixa da Copel e vai ampliar os investimentos da estatal na distribui\u00e7\u00e3o, transmiss\u00e3o e gera\u00e7\u00e3o sustent\u00e1vel de energia.<\/p>\n\n\n\n<p>Para o governador Carlos Massa Ratinho Junior, o bom resultado demonstra a solidez da companhia e o processo de transpar\u00eancia que acompanhou a privatiza\u00e7\u00e3o, a primeira em 20 anos no Estado. \u201cEste \u00e9 um dia importante e emblem\u00e1tico para o Paran\u00e1, que depois de 20 anos retoma, com credibilidade e transpar\u00eancia, a privatiza\u00e7\u00e3o de parte de seus ativos\u201d, afirmou.<\/p>\n\n\n\n<p>Ratinho Junior destaca que o Estado prepara leil\u00f5es de outros setores, como o de g\u00e1s, aeroportos, p\u00e1tios veiculares e concess\u00e3o de rodovias. \u201c\u00c9 o pontap\u00e9 de um grande pacote de moderniza\u00e7\u00e3o do Estado, que trouxe ao mercado uma empresa redonda, dentro de um setor competitivo como \u00e9 o de telecomunica\u00e7\u00f5es\u201d, salientou ele logo ap\u00f3s o leil\u00e3o da Copel Telecom.<\/p>\n\n\n\n<p>\u201cEste processo tamb\u00e9m representa uma grande oportunidade para a Copel, que passar\u00e1 a cumprir sua voca\u00e7\u00e3o e modernizar as \u00e1reas de gera\u00e7\u00e3o, transmiss\u00e3o e distribui\u00e7\u00e3o de energia, para dar mais qualidade \u00e0 energia que chega aos consumidores, seja no campo ou na cidade\u201d, destacou Ratinho Junior \u201cA companhia se fortalece como uma das principais empresas do setor el\u00e9trico da Am\u00e9rica Latina\u201d, afirmou.<\/p>\n\n\n\n<p>DESESTATIZA\u00c7\u00c3O \u2013 A Copel Telecom possui 100% de sua tecnologia em fibra \u00f3tica e \u00e9 l\u00edder deste mercado no Paran\u00e1. A subsidi\u00e1ria est\u00e1 presente nos 399 munic\u00edpios do Estado com 36 mil quil\u00f4metros de cabos que levam internet de alta velocidade a 170 mil clientes.<\/p>\n\n\n\n<p>Com a desestatiza\u00e7\u00e3o, a empresa ganha o benef\u00edcio de concorrer com regras de mercado, o que significa mais agilidade e possibilidade de ofertar novos servi\u00e7os para o cliente. Os contratos atuais da subsidi\u00e1ria ser\u00e3o respeitados, incluindo todos os firmados com o Governo do Estado, que foram contratados em concorr\u00eancia p\u00fablica.<\/p>\n\n\n\n<p>De acordo com o diretor-geral da subsidi\u00e1ria, Wendell Oliveira, o processo de venda deve ser finalizado at\u00e9 meados do ano que vem, depois de ser analisado por institui\u00e7\u00f5es como a Ag\u00eancia Nacional de Telecomunica\u00e7\u00f5es (Anatel) e o Conselho Administrativo de Defesa Econ\u00f4mica (Cade). Ele tamb\u00e9m ressaltou que os funcion\u00e1rios da Telecom ser\u00e3o incorporados por outras empresas do grupo Copel.<\/p>\n\n\n\n<p>\u201cEste processo est\u00e1 sendo feito com muita responsabilidade e transpar\u00eancia, por se tratar de um ativo importante, da primeira privatiza\u00e7\u00e3o depois de tanto tempo, al\u00e9m de ser a \u00faltima grande empresa de telecomunica\u00e7\u00e3o a ser privatizada\u201d, explicou Oliveira. \u201cH\u00e1 ainda um caminho longo at\u00e9 processo de desembarque, que passa pela homologa\u00e7\u00e3o de \u00f3rg\u00e3os como a Cade e a Anatel at\u00e9 chegar \u00e0 assinatura definitiva do contrato, a transfer\u00eancia das a\u00e7\u00f5es e o recebimento do valor de venda\u201d, disse.<\/p>\n\n\n\n<p>ENERGIA \u2013 Com o desinvestimento no setor de telecomunica\u00e7\u00f5es, a Copel passar\u00e1 a concentrar seus esfor\u00e7os nas \u00e1reas de gera\u00e7\u00e3o, transmiss\u00e3o, distribui\u00e7\u00e3o e comercializa\u00e7\u00e3o de energia el\u00e9trica, suas principais atividades. Com esse posicionamento estrat\u00e9gico, a companhia est\u00e1 se desfazendo de neg\u00f3cios fora do setor el\u00e9trico.<\/p>\n\n\n\n<p>Em agosto, a estatal j\u00e1 tinha se desfeito de sua participa\u00e7\u00e3o na Sercomtel, empresa de telecomunica\u00e7\u00f5es que opera em Londrina, no Norte do Estado, que tamb\u00e9m foi arrematada pelo Fundo Bordeaux. O pr\u00f3ximo passo deve ser o desinvestimento na Compag\u00e1s, empresa na qual a Copel det\u00e9m 51% dos ativos. A distribuidora de g\u00e1s canalizado conta com cerca de 47 mil clientes e 833 quil\u00f4metros de rede.<\/p>\n\n\n\n<p>A ideia, explica o presidente da companhia, Daniel Slaviero, \u00e9 focar em projetos que garantam a seguran\u00e7a e a efici\u00eancia energ\u00e9tica aos seus 4,7 milh\u00f5es de clientes em sua \u00e1rea de concess\u00e3o. Para isso, a companhia tem feito, desde o in\u00edcio de 2019, os maiores investimentos da hist\u00f3ria em redes de distribui\u00e7\u00e3o de energia, na casa de R$ 1 bilh\u00e3o anual.<\/p>\n\n\n\n<p>\u201cO sucesso deste leil\u00e3o, que ficou acima da expectativa e trouxe grupos consolidados do mercado, \u00e9 resultado da confian\u00e7a, robustez e seguran\u00e7a jur\u00eddica que seguiu por todo o processo de privatiza\u00e7\u00e3o, que foi acompanhado pelos \u00f3rg\u00e3os de controle\u201d, afirmou Slaviero. \u201cTemos uma vis\u00e3o de futuro para as pr\u00f3ximas d\u00e9cadas, com projetos para dar mais seguran\u00e7a ao sistema, ampliar a base de ativos da Copel e que sejam atrativos para aumentar os retornos aos nossos acionistas, clientes e consumidores\u201d, disse.<\/p>\n\n\n\n<p>O principal projeto da companhia na \u00e1rea \u00e9 o Paran\u00e1 Trif\u00e1sico, que j\u00e1 instalou, neste ano, 2.500 quil\u00f4metros de linhas no Estado. Ser\u00e3o 25 mil quil\u00f4metros at\u00e9 2025, em um investimento total superior a R$ 2 bilh\u00f5es. O refor\u00e7o no sistema traz mais seguran\u00e7a principalmente nas \u00e1reas rurais, fortalecendo as agroind\u00fastrias e importantes cadeias de produ\u00e7\u00e3o, como a de aves, peixes, su\u00ednos e de leite.<\/p>\n\n\n\n<p>Em janeiro, a Copel come\u00e7a a implantar o programa Rede El\u00e9trica Inteligente, o maior do g\u00eanero no Brasil, que vai tornar o sistema da companhia o mais moderno e seguro do pa\u00eds. Na primeira etapa, ser\u00e3o investidos R$ 820 milh\u00f5es para atender um ter\u00e7o dos clientes da empresa, que representam cerca de 1,5 milh\u00e3o de unidades consumidoras.<\/p>\n\n\n\n<p>OPORTUNIDADES  \u2013 A privatiza\u00e7\u00e3o da Copel Telecom tamb\u00e9m acompanha um movimento dentro do Governo do Estado, que conta com outros projetos que devem envolver a iniciativa privada, incluindo novas privatiza\u00e7\u00f5es, concess\u00f5es e Parcerias P\u00fablico-Privadas (PPPs).<\/p>\n\n\n\n<p>O Paran\u00e1 ter\u00e1 um dos principais programas de concess\u00f5es rodovi\u00e1rias do Pa\u00eds. Com previs\u00e3o de ser licitado em 2021, o novo Anel de Integra\u00e7\u00e3o deve incorporar 1,3 mil quil\u00f4metros de estradas ao trecho atual, de 2,5 mil quil\u00f4metros. Todo o processo, incluindo a modelagem, quantidade de lotes, prazos, obras e o valor da tarifa do ped\u00e1gio, est\u00e1 sendo constru\u00eddo junto com o Minist\u00e9rio da Infraestrutura. O projeto est\u00e1 em fase de estudos e \u00e9 elaborado pela Empresa de Planejamento e Log\u00edstica (EPL), em parceria com o IFC, bra\u00e7o de projetos do Banco Mundial.<\/p>\n\n\n\n<p>A Compagas \u00e9 outro ativo que pode passar para a iniciativa privada em raz\u00e3o do grande volume de recursos necess\u00e1rios para expandir a rede de g\u00e1s no Estado. Atualmente, a companhia conta com 48 mil clientes dos segmentos residencial, comercial, industrial, veicular e gera\u00e7\u00e3o de energia el\u00e9trica e est\u00e1 presente em 16 munic\u00edpios, a maioria na regi\u00e3o de Curitiba e Campos Gerais.<\/p>\n\n\n\n<p>Empresa de economia mista, a Compagas tem como acionista majorit\u00e1ria a Copel, com 51% das a\u00e7\u00f5es, a Gaspetro, com 24,5% e a Mitsui G\u00e1s e Energia do Brasil, com 24,5%. O governo estadual trabalha para renovar a concess\u00e3o federal dos servi\u00e7os ofertados pela empresa e quer estimular a amplia\u00e7\u00e3o da distribui\u00e7\u00e3o para diversas regi\u00f5es do Paran\u00e1.<\/p>\n\n\n\n<p>FERROESTE \u2013 Outra oportunidade em an\u00e1lise \u00e9 a privatiza\u00e7\u00e3o da Estrada de Ferro Paran\u00e1 Oeste (Ferroeste), dentro de um projeto maior que prev\u00ea a implanta\u00e7\u00e3o do Corredor Oeste de Exporta\u00e7\u00e3o. O novo ramal ferrovi\u00e1rio vai ligar o Porto de Paranagu\u00e1 at\u00e9 a cidade de Maracaju (MS), ampliando para mais de 1,3 mil quil\u00f4metros a malha operada pela Ferroeste.<\/p>\n\n\n\n<p>A ferrovia foi qualificada para integrar o Programa de Parcerias de Investimentos (PPI) do governo federal, atendendo a um pedido feito pelo Governo do Estado. Com a inclus\u00e3o no PPI, a Uni\u00e3o vai ajudar o Paran\u00e1 com apoio t\u00e9cnico regulat\u00f3rio necess\u00e1rio em diversas \u00e1reas, da modelagem e meio ambiente \u00e0 atra\u00e7\u00e3o de investidores. A expectativa \u00e9 colocar a Ferroeste em leil\u00e3o na Bolsa de Valores (B3) at\u00e9 novembro de 2021, j\u00e1 com o EVTEA e o EIA\/RIMA conclu\u00eddos.<\/p>\n\n\n\n<p>PPP \u2013 O programa de PPPs inclui a constru\u00e7\u00e3o e gest\u00e3o de pres\u00eddios, como a Penitenci\u00e1ria Industrial de Piraquara (PIP), e a gest\u00e3o de p\u00e1tios veiculares, hoje sob responsabilidade do Detran-PR. Al\u00e9m disso, o Estado tamb\u00e9m repassou \u00e0 iniciativa privada a concess\u00e3o do Parque Estadual de Vila Velha. O grupo que venceu a licita\u00e7\u00e3o fez uma s\u00e9rie de melhorias na unidade e pode explorar o potencial tur\u00edstico do parque por um per\u00edodo de 30 anos.<\/p>\n\n\n\n<p>Quatro aeroportos paranaenses integram o programa de concess\u00f5es da Ag\u00eancia Nacional de Avia\u00e7\u00e3o Civil (Anac): o Aeroporto Internacional Afonso Pena, em S\u00e3o Jos\u00e9 dos Pinhais, al\u00e9m dos de Foz do Igua\u00e7u, Londrina e Curitiba.<\/p>\n\n\n\n<p>PRESEN\u00c7AS \u2013 O leil\u00e3o de privatiza\u00e7\u00e3o da Copel Telecom teve a presen\u00e7a dos presidentes do Conselho de Administra\u00e7\u00e3o da Copel, Marcel Malczewski; do Conselho Diretor da Anatel, Leonardo Euler; o diretor da Aneel (Ag\u00eancia Nacional de Energia El\u00e9trica), Sandoval de Ara\u00fajo Feitosa; e os diretores-presidentes da Invest Paran\u00e1, Eduardo Bekin; e da Compagas, Rafael Lamastra. <\/p>\n\n\n\n<p>Governo do Estado<\/p>\n","protected":false},"excerpt":{"rendered":"<p>A venda da subsidi\u00e1ria de telecomunica\u00e7\u00f5es da Copel arrecadou R$ 2,39 bilh\u00f5es. O Fundo Bordeaux, representado pela corretora Planner, venceu o leil\u00e3o de privatiza\u00e7\u00e3o, realizado nesta segunda-feira (9) na sede da B3, em S\u00e3o Paulo. Com quatro investidores disputando o certame, a empresa foi vendida com \u00e1gio de 70,94%, superando em quase R$ 1 bilh\u00e3o [&hellip;]<\/p>\n","protected":false},"author":2,"featured_media":29559,"comment_status":"open","ping_status":"open","sticky":false,"template":"","format":"standard","meta":{"advanced_seo_description":"","jetpack_seo_html_title":"","jetpack_seo_noindex":false,"_jetpack_memberships_contains_paid_content":false,"footnotes":""},"categories":[32],"tags":[],"class_list":{"0":"post-29558","1":"post","2":"type-post","3":"status-publish","4":"format-standard","5":"has-post-thumbnail","7":"category-politica"},"jetpack_featured_media_url":"https:\/\/www.paranapraia.com.br\/wp-content\/uploads\/2020\/11\/news_interna__MG_5579.jpg","jetpack_sharing_enabled":true,"_links":{"self":[{"href":"https:\/\/www.paranapraia.com.br\/index.php\/wp-json\/wp\/v2\/posts\/29558"}],"collection":[{"href":"https:\/\/www.paranapraia.com.br\/index.php\/wp-json\/wp\/v2\/posts"}],"about":[{"href":"https:\/\/www.paranapraia.com.br\/index.php\/wp-json\/wp\/v2\/types\/post"}],"author":[{"embeddable":true,"href":"https:\/\/www.paranapraia.com.br\/index.php\/wp-json\/wp\/v2\/users\/2"}],"replies":[{"embeddable":true,"href":"https:\/\/www.paranapraia.com.br\/index.php\/wp-json\/wp\/v2\/comments?post=29558"}],"version-history":[{"count":1,"href":"https:\/\/www.paranapraia.com.br\/index.php\/wp-json\/wp\/v2\/posts\/29558\/revisions"}],"predecessor-version":[{"id":29560,"href":"https:\/\/www.paranapraia.com.br\/index.php\/wp-json\/wp\/v2\/posts\/29558\/revisions\/29560"}],"wp:featuredmedia":[{"embeddable":true,"href":"https:\/\/www.paranapraia.com.br\/index.php\/wp-json\/wp\/v2\/media\/29559"}],"wp:attachment":[{"href":"https:\/\/www.paranapraia.com.br\/index.php\/wp-json\/wp\/v2\/media?parent=29558"}],"wp:term":[{"taxonomy":"category","embeddable":true,"href":"https:\/\/www.paranapraia.com.br\/index.php\/wp-json\/wp\/v2\/categories?post=29558"},{"taxonomy":"post_tag","embeddable":true,"href":"https:\/\/www.paranapraia.com.br\/index.php\/wp-json\/wp\/v2\/tags?post=29558"}],"curies":[{"name":"wp","href":"https:\/\/api.w.org\/{rel}","templated":true}]}}