{"id":29477,"date":"2020-11-03T11:15:45","date_gmt":"2020-11-03T14:15:45","guid":{"rendered":"https:\/\/www.paranapraia.com.br\/?p=29477"},"modified":"2020-11-03T11:15:47","modified_gmt":"2020-11-03T14:15:47","slug":"parana-registra-mais-241-casos-e-11-mortes-pelo-novo-coronavirus","status":"publish","type":"post","link":"https:\/\/www.paranapraia.com.br\/index.php\/2020\/11\/03\/parana-registra-mais-241-casos-e-11-mortes-pelo-novo-coronavirus\/","title":{"rendered":"Paran\u00e1 registra mais 241 casos e 11 mortes pelo novo coronav\u00edrus"},"content":{"rendered":"\n<p>A Secretaria de Estado da Sa\u00fade divulgou nesta segunda-feira (2) mais 241 casos confirmados e 11 mortes em decorr\u00eancia da infec\u00e7\u00e3o causada pelo novo coronav\u00edrus. Os dados acumulados do monitoramento da Covid-19 mostram que o Paran\u00e1 soma 212.208 casos e 5.181 mortos em decorr\u00eancia da doen\u00e7a.<br>&nbsp;<\/p>\n\n\n\n<p><strong>INTERNADOS<\/strong>&nbsp;\u2013 634 pacientes com diagn\u00f3stico confirmado de Covid-19 est\u00e3o internados. S\u00e3o 510 pacientes em leitos SUS (245 em UTI e 265 em leitos cl\u00ednicos\/enfermaria) e 124 em leitos da rede particular (41 em UTI e 83 em leitos cl\u00ednicos\/enfermaria).<br>H\u00e1 outros 799 pacientes internados, 378 em leitos UTI e 421 em enfermaria, que aguardam resultados de exames. Eles est\u00e3o em leitos das redes p\u00fablica e particular e s\u00e3o considerados casos suspeitos de infec\u00e7\u00e3o pelo Sars-CoV-2.<br>&nbsp;<\/p>\n\n\n\n<p><strong>\u00d3BITOS<\/strong>&nbsp;\u2013 A Sesa informa a morte de mais 11 pacientes, todos estavam internados. S\u00e3o cinco mulheres e seis homens, com idades que variam de 46 a 91 anos. Os \u00f3bitos ocorreram entre os dias 30 de outubro e 2 de novembro.<br>Os pacientes que foram a \u00f3bito residiam em: Foz do Igua\u00e7u (2), al\u00e9m de um \u00f3bito em cada um dos seguintes munic\u00edpios: Antonina, Boa Vista da Aparecida, Ipiranga, Irati, Itaperu\u00e7u, Marechal C\u00e2ndido Rondon, S\u00e3o Pedro do Iva\u00ed, Sarandi e Toledo.<br>&nbsp;<\/p>\n\n\n\n<p><strong>FORA DO PARAN\u00c1<\/strong>&nbsp;\u2013 O monitoramento da Sesa registra 2.241 casos de residentes de fora, 51 pessoas foram a \u00f3bito.<br>&nbsp;<\/p>\n\n\n\n<p><strong>Exclus\u00f5es<\/strong>:<br>Um \u00f3bito confirmado no dia 19\/9 em Londrina (M, 63) foi exclu\u00eddo por duplicidade de notifica\u00e7\u00e3o<br>Um caso confirmado no dia 22\/10 em S\u00e3o Pedro do Iva\u00ed foi exclu\u00eddo por duplicidade de notifica\u00e7\u00e3o.<\/p>\n\n\n\n<p>Governo do Estado<\/p>\n","protected":false},"excerpt":{"rendered":"<p>A Secretaria de Estado da Sa\u00fade divulgou nesta segunda-feira (2) mais 241 casos confirmados e 11 mortes em decorr\u00eancia da infec\u00e7\u00e3o causada pelo novo coronav\u00edrus. Os dados acumulados do monitoramento da Covid-19 mostram que o Paran\u00e1 soma 212.208 casos e 5.181 mortos em decorr\u00eancia da doen\u00e7a.&nbsp; INTERNADOS&nbsp;\u2013 634 pacientes com diagn\u00f3stico confirmado de Covid-19 est\u00e3o [&hellip;]<\/p>\n","protected":false},"author":2,"featured_media":29381,"comment_status":"open","ping_status":"open","sticky":false,"template":"","format":"standard","meta":{"advanced_seo_description":"","jetpack_seo_html_title":"","jetpack_seo_noindex":false,"_jetpack_memberships_contains_paid_content":false,"footnotes":""},"categories":[50],"tags":[],"class_list":{"0":"post-29477","1":"post","2":"type-post","3":"status-publish","4":"format-standard","5":"has-post-thumbnail","7":"category-saude"},"jetpack_featured_media_url":"https:\/\/www.paranapraia.com.br\/wp-content\/uploads\/2020\/10\/news_interna_informes_banner_covid_19-7.jpg","jetpack_sharing_enabled":true,"_links":{"self":[{"href":"https:\/\/www.paranapraia.com.br\/index.php\/wp-json\/wp\/v2\/posts\/29477"}],"collection":[{"href":"https:\/\/www.paranapraia.com.br\/index.php\/wp-json\/wp\/v2\/posts"}],"about":[{"href":"https:\/\/www.paranapraia.com.br\/index.php\/wp-json\/wp\/v2\/types\/post"}],"author":[{"embeddable":true,"href":"https:\/\/www.paranapraia.com.br\/index.php\/wp-json\/wp\/v2\/users\/2"}],"replies":[{"embeddable":true,"href":"https:\/\/www.paranapraia.com.br\/index.php\/wp-json\/wp\/v2\/comments?post=29477"}],"version-history":[{"count":1,"href":"https:\/\/www.paranapraia.com.br\/index.php\/wp-json\/wp\/v2\/posts\/29477\/revisions"}],"predecessor-version":[{"id":29478,"href":"https:\/\/www.paranapraia.com.br\/index.php\/wp-json\/wp\/v2\/posts\/29477\/revisions\/29478"}],"wp:featuredmedia":[{"embeddable":true,"href":"https:\/\/www.paranapraia.com.br\/index.php\/wp-json\/wp\/v2\/media\/29381"}],"wp:attachment":[{"href":"https:\/\/www.paranapraia.com.br\/index.php\/wp-json\/wp\/v2\/media?parent=29477"}],"wp:term":[{"taxonomy":"category","embeddable":true,"href":"https:\/\/www.paranapraia.com.br\/index.php\/wp-json\/wp\/v2\/categories?post=29477"},{"taxonomy":"post_tag","embeddable":true,"href":"https:\/\/www.paranapraia.com.br\/index.php\/wp-json\/wp\/v2\/tags?post=29477"}],"curies":[{"name":"wp","href":"https:\/\/api.w.org\/{rel}","templated":true}]}}