{"id":29335,"date":"2020-10-13T18:18:44","date_gmt":"2020-10-13T21:18:44","guid":{"rendered":"https:\/\/www.paranapraia.com.br\/?p=29335"},"modified":"2020-10-13T18:18:46","modified_gmt":"2020-10-13T21:18:46","slug":"leilao-ofertara-veiculos-inserviveis-e-antieconomicos-do-executivo","status":"publish","type":"post","link":"https:\/\/www.paranapraia.com.br\/index.php\/2020\/10\/13\/leilao-ofertara-veiculos-inserviveis-e-antieconomicos-do-executivo\/","title":{"rendered":"Leil\u00e3o ofertar\u00e1 ve\u00edculos inserv\u00edveis e antiecon\u00f4micos do Executivo"},"content":{"rendered":"\n<p>A Secretaria de Estado da Administra\u00e7\u00e3o e da Previd\u00eancia inicia em 28 de outubro, \u00e0s 9 horas, o processo licitat\u00f3rio para a aliena\u00e7\u00e3o de ve\u00edculos recolhidos de \u00f3rg\u00e3os do Poder Executivo. O encerramento do leil\u00e3o ocorre em 3 de novembro, nos hor\u00e1rios constantes&nbsp;<a href=\"http:\/\/www.transparencia.pr.gov.br\/pte\/pages\/compras\/licitacoes\/detalhamentos\/detalhamento_licitacoes_gms?windowId=e60\">no&nbsp;edital de Leil\u00e3o Eletr\u00f4nico 3\/2020.<\/a><\/p>\n\n\n\n<p>Ser\u00e3o vendidos ve\u00edculos dos \u00f3rg\u00e3os do Executivo recolhidos ainda em 2017. Segundo o diretor do Departamento de Gest\u00e3o do Transporte Oficial (Deto), Juan Carlos Alves, essa ser\u00e1 mais uma a\u00e7\u00e3o de um Paran\u00e1 inovador para melhoria da economia do Estado.&nbsp;&nbsp;<\/p>\n\n\n\n<p>Os lotes colocados \u00e0 venda s\u00e3o compostos de bens usados inserv\u00edveis para a administra\u00e7\u00e3o p\u00fablica, antiecon\u00f4micos ou irrecuper\u00e1veis. O leil\u00e3o ter\u00e1 a venda de 10 lotes de ve\u00edculos, em que o lance inicial de cada lote est\u00e1 em R$ 1.101,65 \u2013 o valor m\u00ednimo total do leil\u00e3o \u00e9 R$ 11.016,50.<\/p>\n\n\n\n<p>A sess\u00e3o ocorrer\u00e1 pelo Sistema Eletr\u00f4nico de Leil\u00f5es, dispon\u00edvel no endere\u00e7o&nbsp;<a href=\"http:\/\/leilaopublico.paas.pr.gov.br\/\">http:\/\/leilaopublico.paas.pr.gov.br\/<\/a>. Os interessados em participar podem fazer o cadastro no mesmo site. Os lances eletr\u00f4nicos ser\u00e3o efetuados a partir do valor m\u00ednimo definido para cada lote, considerando-se arrematante o licitante que fizer o maior lance.<\/p>\n\n\n\n<p>O sistema eletr\u00f4nico de leil\u00e3o foi desenvolvido pela Celepar, com base em ferramenta semelhante utilizada no Governo de Minas Gerais. O termo de coopera\u00e7\u00e3o entre os dois estados foi assinado em julho.<\/p>\n\n\n\n<p>Governo do Estado<br><\/p>\n","protected":false},"excerpt":{"rendered":"<p>A Secretaria de Estado da Administra\u00e7\u00e3o e da Previd\u00eancia inicia em 28 de outubro, \u00e0s 9 horas, o processo licitat\u00f3rio para a aliena\u00e7\u00e3o de ve\u00edculos recolhidos de \u00f3rg\u00e3os do Poder Executivo. O encerramento do leil\u00e3o ocorre em 3 de novembro, nos hor\u00e1rios constantes&nbsp;no&nbsp;edital de Leil\u00e3o Eletr\u00f4nico 3\/2020. Ser\u00e3o vendidos ve\u00edculos dos \u00f3rg\u00e3os do Executivo recolhidos [&hellip;]<\/p>\n","protected":false},"author":2,"featured_media":29336,"comment_status":"open","ping_status":"open","sticky":false,"template":"","format":"standard","meta":{"advanced_seo_description":"","jetpack_seo_html_title":"","jetpack_seo_noindex":false,"_jetpack_memberships_contains_paid_content":false,"footnotes":""},"categories":[1],"tags":[],"class_list":{"0":"post-29335","1":"post","2":"type-post","3":"status-publish","4":"format-standard","5":"has-post-thumbnail","7":"category-sem-categoria"},"jetpack_featured_media_url":"https:\/\/www.paranapraia.com.br\/wp-content\/uploads\/2020\/10\/news_interna_IMG20201009WA0023.jpg","jetpack_sharing_enabled":true,"_links":{"self":[{"href":"https:\/\/www.paranapraia.com.br\/index.php\/wp-json\/wp\/v2\/posts\/29335"}],"collection":[{"href":"https:\/\/www.paranapraia.com.br\/index.php\/wp-json\/wp\/v2\/posts"}],"about":[{"href":"https:\/\/www.paranapraia.com.br\/index.php\/wp-json\/wp\/v2\/types\/post"}],"author":[{"embeddable":true,"href":"https:\/\/www.paranapraia.com.br\/index.php\/wp-json\/wp\/v2\/users\/2"}],"replies":[{"embeddable":true,"href":"https:\/\/www.paranapraia.com.br\/index.php\/wp-json\/wp\/v2\/comments?post=29335"}],"version-history":[{"count":1,"href":"https:\/\/www.paranapraia.com.br\/index.php\/wp-json\/wp\/v2\/posts\/29335\/revisions"}],"predecessor-version":[{"id":29337,"href":"https:\/\/www.paranapraia.com.br\/index.php\/wp-json\/wp\/v2\/posts\/29335\/revisions\/29337"}],"wp:featuredmedia":[{"embeddable":true,"href":"https:\/\/www.paranapraia.com.br\/index.php\/wp-json\/wp\/v2\/media\/29336"}],"wp:attachment":[{"href":"https:\/\/www.paranapraia.com.br\/index.php\/wp-json\/wp\/v2\/media?parent=29335"}],"wp:term":[{"taxonomy":"category","embeddable":true,"href":"https:\/\/www.paranapraia.com.br\/index.php\/wp-json\/wp\/v2\/categories?post=29335"},{"taxonomy":"post_tag","embeddable":true,"href":"https:\/\/www.paranapraia.com.br\/index.php\/wp-json\/wp\/v2\/tags?post=29335"}],"curies":[{"name":"wp","href":"https:\/\/api.w.org\/{rel}","templated":true}]}}