{"id":29332,"date":"2020-10-13T18:12:47","date_gmt":"2020-10-13T21:12:47","guid":{"rendered":"https:\/\/www.paranapraia.com.br\/?p=29332"},"modified":"2020-10-13T18:12:50","modified_gmt":"2020-10-13T21:12:50","slug":"com-apoio-do-estado-grupo-positivo-cria-polo-de-pesquisa-e-inovacao","status":"publish","type":"post","link":"https:\/\/www.paranapraia.com.br\/index.php\/2020\/10\/13\/com-apoio-do-estado-grupo-positivo-cria-polo-de-pesquisa-e-inovacao\/","title":{"rendered":"Com apoio do Estado, Grupo Positivo cria polo de pesquisa e inova\u00e7\u00e3o"},"content":{"rendered":"\n<p>O Paran\u00e1 vai se transformar em um polo de pesquisa, desenvolvimento e inova\u00e7\u00e3o do Grupo Positivo. Com o apoio do Governo do Estado, a companhia confirmou a implanta\u00e7\u00e3o de uma base em Curitiba com foco no estudo e na descoberta de novas plataformas e produtos tecnol\u00f3gicos. Al\u00e9m disso, a empresa anunciou a reformula\u00e7\u00e3o da Positivo Distribuidora, concentrando as importa\u00e7\u00f5es a partir dos portos e aeroportos paranaenses. O investimento somado \u00e9 de R$ 23,6 milh\u00f5es.<\/p>\n\n\n\n<p>O protocolo que formaliza a inclus\u00e3o dos empreendimentos no programa de incentivos do Estado foi conclu\u00eddo nesta ter\u00e7a-feira (13), no Pal\u00e1cio Igua\u00e7u, em cerim\u00f4nia com o governador Carlos Massa Ratinho Junior e executivos do grupo. Presidente da Positivo Tecnologia, H\u00e9lio Rotenberg participou do ato por meio de videoconfer\u00eancia. A previs\u00e3o \u00e9 da abertura de 15 empregos diretos neste primeiro momento.<\/p>\n\n\n\n<p>Ratinho Junior destacou a import\u00e2ncia do investimento, especialmente por proporcionar a cria\u00e7\u00e3o dos chamados postos de trabalho qualificados, que oferecem sal\u00e1rios maiores. Segundo ele, a conclus\u00e3o do acordo significa ainda um novo passo da consolida\u00e7\u00e3o do Paran\u00e1 como um agente inovador, agregador de novas tecnologias.<\/p>\n\n\n\n<p>\u201cO Positivo \u00e9 um grupo com a cara do Paran\u00e1, que nos enche de orgulho, o que torna esse investimento ainda mais importante, motivo de muita alegria para todos n\u00f3s. Nos colocamos \u00e0 disposi\u00e7\u00e3o para colaborar, fazendo com que o Positivo cres\u00e7a e gere mais empregos para os paranaenses\u201d, afirmou o governador.<\/p>\n\n\n\n<p>Ele lembrou que uma das prioridades da sua gest\u00e3o \u00e9 modernizar a m\u00e1quina p\u00fablica, melhorando a presta\u00e7\u00e3o de servi\u00e7os para o cidad\u00e3o. Outro ponto, ressaltou, busca criar um ambiente favor\u00e1vel que estimule a nova gera\u00e7\u00e3o a trabalhar dentro desta perspectiva tecnol\u00f3gica, com a difus\u00e3o de incentivos para pesquisa e desenvolvimento.<\/p>\n\n\n\n<p>\u201cPretendemos ter j\u00e1 em fevereiro 200 mil alunos da Rede Estadual de Ensino recebendo aulas de programa\u00e7\u00e3o. E a inten\u00e7\u00e3o \u00e9 chegar a m\u00e9dio e longo prazo a 1 milh\u00e3o de estudantes, consolidando o Paran\u00e1 como um polo de tecnologia. E, claro, o grupo Positivo \u00e9 uma refer\u00eancia neste contexto\u201d, disse Ratinho Junior.<\/p>\n\n\n\n<p><strong>A\u00c7\u00d5ES<\/strong>&nbsp;\u2013 O presidente da Positivo Tecnologia, H\u00e9lio Rotenberg, explicou que o investimento ser\u00e1 dividido. A maior parte, de R$ 20 milh\u00f5es, ser\u00e1 aplicada no centro de pesquisa. O restante, de R$ 3,6 milh\u00f5es, vai reformular a \u00e1rea de distribui\u00e7\u00e3o da empresa. A inten\u00e7\u00e3o, disse o executivo, \u00e9 centralizar no Paran\u00e1 a log\u00edstica do grupo.<\/p>\n\n\n\n<p>\u201cPreciso elogiar a vis\u00e3o deste governo, de um Paran\u00e1 do futuro. N\u00e3o se trata de uma vis\u00e3o tacanha, imediatista, mas sim de longo prazo. Esse conv\u00eanio \u00e9 in\u00e9dito, que pela primeira vez vai trocar investimento em pesquisa e desenvolvimento por um benef\u00edcio de transfer\u00eancia de ICMS\u201d, afirmou o executivo. \u201cE tamb\u00e9m agora tudo o que a empresa importa ser\u00e1 feito por portos e aeroportos paranaenses. O governo entendeu e nos ajuda a ficar aqui, a investir no Paran\u00e1 e a gerar mais empregos de alto n\u00edvel no Estado\u201d, acrescentou.<\/p>\n\n\n\n<p><strong>HIST\u00d3RICO<\/strong>&nbsp;\u2013 Criada em 1989, a Positivo Tecnologia \u00e9 uma marca genuinamente brasileira. Fazem parte do portf\u00f3lio da empresa computadores, celulares, servidores, tablets, acess\u00f3rios, solu\u00e7\u00f5es para casas e escrit\u00f3rios inteligentes, al\u00e9m de equipamentos para escolas de mais de 40 pa\u00edses. Tem presen\u00e7a na Argentina, Ruanda, Qu\u00eania, China e Taiwan.<\/p>\n\n\n\n<p>\u201cO valor deste an\u00fancio \u00e9 at\u00e9 simb\u00f3lico. Trazemos com a Positivo um investimento em tecnologia e inova\u00e7\u00e3o, algo incalcul\u00e1vel. Agregamos empregos e empregos com maior custo, gerando mais de R$ 100 milh\u00f5es na gera\u00e7\u00e3o de impostos\u201d, disse o diretor-presidente da Invest Paran\u00e1, Eduardo Bekin.<\/p>\n\n\n\n<p><strong>PRESEN\u00c7AS<\/strong>\u00a0\u2013 Participaram da solenidade o vice-governador Darci Piana; os diretores de Rela\u00e7\u00f5es Institucionais, C\u00e1ssio Chamecki; e Administrativo Tribut\u00e1rio da Positivo Tecnologia, Idel Iankilevich; o chefe da Casa Civil, Guto Silva; o secret\u00e1rio do Planejamento e Projetos Estruturantes, Valdemar Bernardo Jorge; o vice-presidente e diretor de opera\u00e7\u00f5es do BRDE, Wilson Bley Lipski; o diretor de Assuntos Econ\u00f4micos e Tribut\u00e1rios da Secretaria de Estado da Fazenda, Gilberto Calixto; o chefe do departamento de incentivos fiscais da Secretaria de Estado da Fazenda, Jo\u00e3o Marcos de Souza; e o deputado estadual Hussein Bakri.<\/p>\n\n\n\n<p>Governo do Estado<\/p>\n","protected":false},"excerpt":{"rendered":"<p>O Paran\u00e1 vai se transformar em um polo de pesquisa, desenvolvimento e inova\u00e7\u00e3o do Grupo Positivo. Com o apoio do Governo do Estado, a companhia confirmou a implanta\u00e7\u00e3o de uma base em Curitiba com foco no estudo e na descoberta de novas plataformas e produtos tecnol\u00f3gicos. Al\u00e9m disso, a empresa anunciou a reformula\u00e7\u00e3o da Positivo [&hellip;]<\/p>\n","protected":false},"author":2,"featured_media":29333,"comment_status":"open","ping_status":"open","sticky":false,"template":"","format":"standard","meta":{"advanced_seo_description":"","jetpack_seo_html_title":"","jetpack_seo_noindex":false,"_jetpack_memberships_contains_paid_content":false,"footnotes":""},"categories":[32],"tags":[],"class_list":{"0":"post-29332","1":"post","2":"type-post","3":"status-publish","4":"format-standard","5":"has-post-thumbnail","7":"category-politica"},"jetpack_featured_media_url":"https:\/\/www.paranapraia.com.br\/wp-content\/uploads\/2020\/10\/news_interna_INVESTIMENTO_GRUPO_POSITIVO_28.jpg","jetpack_sharing_enabled":true,"_links":{"self":[{"href":"https:\/\/www.paranapraia.com.br\/index.php\/wp-json\/wp\/v2\/posts\/29332"}],"collection":[{"href":"https:\/\/www.paranapraia.com.br\/index.php\/wp-json\/wp\/v2\/posts"}],"about":[{"href":"https:\/\/www.paranapraia.com.br\/index.php\/wp-json\/wp\/v2\/types\/post"}],"author":[{"embeddable":true,"href":"https:\/\/www.paranapraia.com.br\/index.php\/wp-json\/wp\/v2\/users\/2"}],"replies":[{"embeddable":true,"href":"https:\/\/www.paranapraia.com.br\/index.php\/wp-json\/wp\/v2\/comments?post=29332"}],"version-history":[{"count":1,"href":"https:\/\/www.paranapraia.com.br\/index.php\/wp-json\/wp\/v2\/posts\/29332\/revisions"}],"predecessor-version":[{"id":29334,"href":"https:\/\/www.paranapraia.com.br\/index.php\/wp-json\/wp\/v2\/posts\/29332\/revisions\/29334"}],"wp:featuredmedia":[{"embeddable":true,"href":"https:\/\/www.paranapraia.com.br\/index.php\/wp-json\/wp\/v2\/media\/29333"}],"wp:attachment":[{"href":"https:\/\/www.paranapraia.com.br\/index.php\/wp-json\/wp\/v2\/media?parent=29332"}],"wp:term":[{"taxonomy":"category","embeddable":true,"href":"https:\/\/www.paranapraia.com.br\/index.php\/wp-json\/wp\/v2\/categories?post=29332"},{"taxonomy":"post_tag","embeddable":true,"href":"https:\/\/www.paranapraia.com.br\/index.php\/wp-json\/wp\/v2\/tags?post=29332"}],"curies":[{"name":"wp","href":"https:\/\/api.w.org\/{rel}","templated":true}]}}