{"id":29229,"date":"2020-10-05T11:24:47","date_gmt":"2020-10-05T14:24:47","guid":{"rendered":"https:\/\/www.paranapraia.com.br\/?p=29229"},"modified":"2020-10-05T11:24:51","modified_gmt":"2020-10-05T14:24:51","slug":"novo-cisop-amplia-atendimento-em-saude-na-regiao-de-cascavel","status":"publish","type":"post","link":"https:\/\/www.paranapraia.com.br\/index.php\/2020\/10\/05\/novo-cisop-amplia-atendimento-em-saude-na-regiao-de-cascavel\/","title":{"rendered":"Novo Cisop amplia atendimento em sa\u00fade na regi\u00e3o de Cascavel"},"content":{"rendered":"\n<p>O novo Cons\u00f3rcio Intermunicipal de Sa\u00fade do Oeste do Paran\u00e1 (Cisop), em Cascavel, \u00e9 um gigante de 126 salas de atendimento constru\u00eddo em uma \u00e1rea de 4,6 mil metros quadrados na Avenida Brasil, a principal da cidade. Ele ser\u00e1 fundamental para garantir atendimento moderno em sa\u00fade para toda a regi\u00e3o no curto, m\u00e9dio e longo prazos, dentro de dois princ\u00edpios que s\u00e3o base da sa\u00fade p\u00fablica paranaense: cuidado especializado e perto da casa das pessoas.<\/p>\n\n\n\n<p>As obras da nova sede contam com investimento de R$ 3.171.626,41 do Governo do Estado, conveniados pela Secretaria da Sa\u00fade, o que corresponde a 50% do total de R$ 6.343.252,82 utilizados para finalmente concluir a obra \u2013 a outra metade \u00e9 do Minist\u00e9rio da Sa\u00fade. Cerca de R$ 1,7 milh\u00e3o, j\u00e1 dispon\u00edvel em caixa, ser\u00e1 destinado para equipamentos e mobili\u00e1rio.<\/p>\n\n\n\n<p>A estrutura de dois andares, em formato de H, \u00e9 uma mistura de concreto armado, alvenaria, drywall e vigas de metal. Al\u00e9m das salas dedicadas aos pacientes, h\u00e1, ainda, um anfiteatro de 200 lugares, um centro de distribui\u00e7\u00e3o de medicamentos e consult\u00f3rios equipados com tecnologia de ponta para realiza\u00e7\u00e3o de pequenos procedimentos ortop\u00e9dicos e dermatol\u00f3gicos, al\u00e9m de cirurgias pl\u00e1sticas, interven\u00e7\u00f5es odontol\u00f3gicas e o chamado ambulat\u00f3rio de feridos.<\/p>\n\n\n\n<p>Os trabalhos alcan\u00e7aram 85% no come\u00e7o de setembro e a entrega est\u00e1 prevista para dezembro deste ano. O Cisop \u00e9 a principal estrutura de atendimento secund\u00e1rio para uma popula\u00e7\u00e3o de quase 550 mil pessoas de 25 munic\u00edpios.<\/p>\n\n\n\n<p>\u201cO novo Cisop vai revolucionar a aten\u00e7\u00e3o de especialidades m\u00e9dicas na regi\u00e3o Oeste. Ele aposentar\u00e1 estruturas muito defasadas e antigas e ser\u00e1 um centro de ambienta\u00e7\u00e3o das novidades tecnol\u00f3gicas da sa\u00fade, como a telemedicina\u201d, afirma o governador Carlos Massa Ratinho Junior. \u201cEssa estrat\u00e9gia de atendimento consorciada, com gest\u00e3o unificada e despesas divididas, evidencia que estamos aplicando recursos para a cria\u00e7\u00e3o de um novo ciclo de sucesso\u201d.<\/p>\n\n\n\n<p>O Cisop realiza de 15 a 18 mil consultada por m\u00eas, al\u00e9m de fazer a indica\u00e7\u00e3o para 100 mil exames\/m\u00eas. A ideia \u00e9 de evoluir para, pelo menos, 20 mil consultas\/m\u00eas a partir da abertura definitiva do novo espa\u00e7o. Cerca de 90% dos recursos de manuten\u00e7\u00e3o do Cisop s\u00e3o dos munic\u00edpios e 60% do p\u00fablico s\u00e3o de Cascavel. Ser\u00e3o 155 funcion\u00e1rios e 122 m\u00e9dicos atuando diariamente na nova estrutura.<\/p>\n\n\n\n<p>\u201cOs investimentos nos cons\u00f3rcios s\u00e3o fundamentais porque eles s\u00e3o estrat\u00e9gicos para o Paran\u00e1, exemplos de organiza\u00e7\u00e3o em sa\u00fade p\u00fablica no Pa\u00eds\u201d, afirma o secret\u00e1rio estadual de Sa\u00fade, Beto Preto. \u201cCom um cons\u00f3rcio bem estruturado ganhamos em escala de atendimento e na possibilidade de contrata\u00e7\u00f5es mais baratas. \u00c9 um investimento que une boas solu\u00e7\u00f5es na gest\u00e3o p\u00fablica\u201d.<\/p>\n\n\n\n<p><strong>MUDAN\u00c7AS&nbsp;<\/strong>\u2013 O atual Cisop ocupa quatro espa\u00e7os alugados com \u00e1rea total de 1,46 mil metros quadrados: a sede administrativa (tr\u00eas apartamentos de um pr\u00e9dio comercial), na Rua Erechim; o Ambulat\u00f3rio de Especialidades e a Psiquiatria, na Dom Pedro II; e o Ambulat\u00f3rio Materno Infantil, na Rua Souza Naves. A estrutura ser\u00e1 triplicada, chegando a 4,6 mil metros quadrados, e vai encerrar uma trajet\u00f3ria de R$ 20 mil mensais de despesas fixas com a utiliza\u00e7\u00e3o de espa\u00e7o alheio, gerando gastos extras de R$ 240 mil por ano.<\/p>\n\n\n\n<p>A curiosa transforma\u00e7\u00e3o dos banheiros ajuda a explicar o salto. Atualmente s\u00e3o dois masculinos e dois femininos no principal pr\u00e9dio de atendimento do Cisop, que \u00e9 o Ambulat\u00f3rio de Especialidades. O novo im\u00f3vel ter\u00e1 oito banheiros com estrutura em m\u00e1rmore e v\u00e1rias cabines em cada, como em shoppings centers, al\u00e9m dos frald\u00e1rios, que n\u00e3o existem na antiga unidade e impossibilitam atendimento pedi\u00e1trico adequado.<\/p>\n\n\n\n<p>Outra grande mudan\u00e7a ser\u00e1 no almoxarifado, que atualmente fica num espa\u00e7o a cinco quil\u00f4metros de dist\u00e2ncia do Centro de Cascavel, cedido pelo Sim Paran\u00e1 (Servi\u00e7o Integrado de Sa\u00fade Mental), o que gera deslocamentos para qualquer tipo de servi\u00e7o, mesmo um muito simples como pegar panos novos para um grande faxina. Essa estrutura tamb\u00e9m ser\u00e1 realocada para o pr\u00e9dio novo, que ter\u00e1, ainda, um novo local adequado para armazenar os medicamentos adquiridos pelo Paran\u00e1 Sa\u00fade.<\/p>\n\n\n\n<p>Esse Ambulat\u00f3rio de Especialidades que ser\u00e1 fechado \u00e9 uma estrutura com cara de passado, de muita espera, datado pelos bancos em concreto do lado de fora e corredores acanhados (1,2 metro de largura) e apinhados de outros bancos e cadeiras. Os espa\u00e7os de atendimento s\u00e3o aqueles que v\u00eam \u00e0 mente quando se pensa em precariedade de equipamentos, dos m\u00f3veis \u00e0s cortinas, passando pelas divis\u00f3rias e grades de ferro.<\/p>\n\n\n\n<p>O pr\u00e9dio tem cerca de 40 anos e a estrutura n\u00e3o suporta sequer uma instala\u00e7\u00e3o de ar-condicionado. O raio-x, por exemplo, n\u00e3o tem nem sala de espera. Quando chove, alaga. Quando o sol beira o insuport\u00e1vel, os pacientes n\u00e3o t\u00eam a quem recorrer. Em tempos normais, h\u00e1 v\u00e1rias complexidades, mas nesses bicudos tempos de pandemia essa rotina teve que ser rearranjada com as exig\u00eancias de distanciamento social, problema que a nova unidade tamb\u00e9m n\u00e3o ter\u00e1.<\/p>\n\n\n\n<p>A cascavelense Ivone Cavalheiro Alves, 53, trata uma artrite reumatoide e uma fibromialgia no Cisop e \u00e9 testemunha ocular das dificuldades impostas pela infraestrutura acanhada. \u201cA cada tr\u00eas meses eu venho, mas \u00e0s vezes passa de um m\u00eas pela quantidade de agendamentos e eu entro na fila. E como eu uso frequentemente o Cisop, percebo que muitas pessoas reclamam do pr\u00e9dio. S\u00e3o s\u00f3 dois banheiros, \u00e9 tudo apertadinho\u201d, afirma. \u201cA expectativa \u00e9 a melhor poss\u00edvel com a mudan\u00e7a, vai melhorar\u201d.<\/p>\n\n\n\n<p><strong>NOVO CISOP&nbsp;<\/strong>\u2013 Internamente o novo Cisop \u00e9 dividido em 126 salas. O primeiro andar \u00e9 dedicado a consult\u00f3rios, atendimento materno-infantil, almoxarifado e o setor administrativo (recursos humanos, contabilidades, compras), al\u00e9m de sala de reuni\u00f5es e da diretoria. No segundo ser\u00e1 o raio-x, a ortopedia e a sala de esteriliza\u00e7\u00e3o.<\/p>\n\n\n\n<p>Os pacientes dos \u00f4nibus e vans que chegam dos munic\u00edpios da regi\u00e3o ser\u00e3o atendidos no t\u00e9rreo, que concentrar\u00e1 os procedimentos agendados. S\u00e3o dois elevadores ligando os tr\u00eas pisos, mas tamb\u00e9m h\u00e1 uma rampa de acesso para as macas.<\/p>\n\n\n\n<p>O novo Cisop fica perto de um parque (Ecopark Oeste) remodelado, com pista de caminhada e ciclovia, e em uma regi\u00e3o universit\u00e1ria. O projeto tem mais de dez anos e atualmente est\u00e1 na fase de paisagismo, instala\u00e7\u00f5es na fachada, pintura, retoques finais internos e compra de equipamentos.<\/p>\n\n\n\n<p>A obra foi iniciada em 28 de fevereiro de 2014 e em 25 de agosto de 2015 foi interrompida, ainda na fase de funda\u00e7\u00e3o, porque a empresa que venceu a licita\u00e7\u00e3o faliu. Foram investidos cerca de R$ 3,5 milh\u00f5es nesse primeiro contrato. Ela foi reiniciada em junho de 2018 com a atual gest\u00e3o do Cisop, que conseguiu restabelecer o contrato e manter a programa\u00e7\u00e3o do investimento.<\/p>\n\n\n\n<p>As principais mudan\u00e7as em rela\u00e7\u00e3o ao projeto original s\u00e3o a caixa d\u2019\u00e1gua instalada do lado de fora e as divis\u00f5es em drywall. As mudan\u00e7as foram necess\u00e1rias por conta do peso do im\u00f3vel. Tamb\u00e9m foram feitas cinco estruturas met\u00e1licas internas e refor\u00e7ados mais de 25 pilares e 80 vigas. Os projetos tamb\u00e9m n\u00e3o tinham sido compatibilizados, ou seja, havia falhas estruturais. Ainda ocorreram adapta\u00e7\u00f5es el\u00e9tricas.<\/p>\n\n\n\n<p>A programa\u00e7\u00e3o completa prev\u00ea um refeit\u00f3rio ou uma cantina, nos fundos, para atender funcion\u00e1rios e visitantes. O estacionamento interno tem 45 vagas e o externo ainda n\u00e3o teve local definido.<\/p>\n\n\n\n<p><strong>TESTEMUNHA<\/strong>&nbsp;\u2013 \u201cTeremos conforto, um espa\u00e7o para as crian\u00e7as. Isso \u00e9 fundamental para quem vem de \u00f4nibus, de carro, de outra cidade. O que n\u00e3o temos hoje \u00e9 infraestrutura de atendimento. Temos equipes, mas n\u00e3o o atendimento que quer\u00edamos\u201d, afirma o diretor-geral do Cisop, Airton Simonetti.<\/p>\n\n\n\n<p>Ele \u00e9 testemunha das transforma\u00e7\u00f5es do cons\u00f3rcio porque acompanha essa hist\u00f3ria desde o nascimento do Cisop, em 1995. \u201c\u00c9 um sonho realizado para toda a regi\u00e3o. Foi um processo longo que contou com a confian\u00e7a do Estado e dos prefeitos. Daqui vamos operacionalizar os atendimentos (odontologia, ortopedia, pequenos procedimentos) e as transforma\u00e7\u00f5es que queremos implementar, como a disponibilidade de cirurgias nas microrregi\u00f5es\u201d, completa Simonetti.<\/p>\n\n\n\n<p>O Cisop come\u00e7ou com 14 m\u00e9dicos e h\u00e1 quatro anos eram 6 mil consultas\/m\u00eas, ou seja, em pouco tempo o n\u00famero vai triplicar. As transforma\u00e7\u00f5es mal cabem nas m\u00e3os ansiosas de Airton. \u201cVamos dar um salto a partir de janeiro. Seremos o cons\u00f3rcio mais organizado do Pa\u00eds\u201d, diz. \u201c\u00c9 a maior obra de sa\u00fade do Oeste nos \u00faltimos anos\u201d. Ele chegou a \u201ccancelar\u201d as suas f\u00e9rias de fim de ano para fazer a transi\u00e7\u00e3o para o novo espa\u00e7o.<\/p>\n\n\n\n<p>\u201cTemos o Programa de Atendimento do Hipertenso, Diab\u00e9tico, Idoso e Paciente Psiqui\u00e1trico, por exemplo, mas quase n\u00e3o realizamos atendimentos pela falta de espa\u00e7o. A gestante de alto risco tamb\u00e9m \u00e9 atendida em um lugar improvisado, alugado, irregular para esse perfil. Tudo isso estar\u00e1 no novo espa\u00e7o\u201d, completa o diretor-geral.<\/p>\n\n\n\n<p>\u00c9 como se a transforma\u00e7\u00e3o para o novo s\u00e9culo imitasse a simb\u00f3lica mudan\u00e7a da Rua Dom Pedro para a Avenida Brasil. \u201cSe com 1.460 metros tocamos 25 anos, a nova estrutura vai deixar um legado para pelo menos 30 anos\u201d, arremata Simonetti.<\/p>\n\n\n\n<p><strong>Box<\/strong><\/p>\n\n\n\n<p><strong>Projeto de medicina virtual do Cisop promete agilizar atendimentos<\/strong><\/p>\n\n\n\n<p>O Cisop tamb\u00e9m ser\u00e1 inaugurado com um projeto pioneiro de comunica\u00e7\u00e3o online entre os m\u00e9dicos. A novidade promete evitar a consulta presencial \u201cerrada\u201d com integra\u00e7\u00e3o completa do atendimento na unidade de sa\u00fade do munic\u00edpio de origem com a segunda consulta, do Cisop, evitando deslocamentos desnecess\u00e1rios.<\/p>\n\n\n\n<p>A plataforma, que ainda est\u00e1 sendo testada, \u00e9 importante porque os pacientes dos cons\u00f3rcios s\u00e3o sempre referenciados. O objetivo \u00e9 eliminar os erros. O projeto tamb\u00e9m promete acelerar as filas de atendimento, que chegam a cinco anos em algumas especialidades.<\/p>\n\n\n\n<p>Pelo sistema, h\u00e1 uma plataforma de comunica\u00e7\u00e3o virtual entre o m\u00e9dico do munic\u00edpio e o m\u00e9dico do Cisop, modelo um pouco diferente da telemedicina, que \u00e9 entre paciente e m\u00e9dico. Ele foi desenvolvido e testado em Cascavel, uma vez que o Cisop abriu seu sistema para ajudar a implanta\u00e7\u00e3o. O menor munic\u00edpio da regi\u00e3o, que \u00e9 Iguatu, pagar\u00e1 menos de R$ 1 mil por m\u00eas para o sistema, que tamb\u00e9m prev\u00ea armazenamento de dados na nuvem.<\/p>\n\n\n\n<p>\u201cAtualmente 30% das nossas consultas s\u00e3o, de alguma maneira, indevidas. O paciente vem para o especialista errado. O Cisop \u00e9 uma refer\u00eancia para avalia\u00e7\u00e3o, por isso precisamos de precis\u00e3o. Esse canal em que o m\u00e9dico entra em contato conosco diminui esse problema\u201d, afirma o diretor-geral do Cisop, Airton Simonetti. \u201cE esse prontu\u00e1rio m\u00e9dico estar\u00e1 dispon\u00edvel para os dois m\u00e9dicos, o da base e o secund\u00e1rio. Inclusive com hist\u00f3rico de medicamentos. Estamos entrando no s\u00e9culo 21\u201d.<\/p>\n\n\n\n<p>O projeto teria in\u00edcio em mar\u00e7o no Cisop, mas a pandemia atrasou a instala\u00e7\u00e3o. Esse tempo ajudou a aprimorar a plataforma. \u201cCom a pandemia teve isso de alguns pacientes n\u00e3o poderem vir. Ou seja, testamos tudo durante esse per\u00edodo com todos os munic\u00edpios\u201d, completa o diretor-geral. \u201cE at\u00e9 hoje n\u00e3o gastamos um centavo. Abrimos as portas e deixamos a empresa respons\u00e1vel operacionaliz\u00e1-lo. \u00c9 hora de come\u00e7ar a implementa\u00e7\u00e3o\u201d.<\/p>\n\n\n\n<p><strong>CIRURGIAS&nbsp;<\/strong>\u2013 Outro projeto complementar do Cisop \u00e9 a descentraliza\u00e7\u00e3o das cirurgias eletivas de m\u00e9dia e baixa complexidades, que ser\u00e3o disponibilizadas em seis munic\u00edpios de microrregi\u00e3o: Nova Aurora, Corb\u00e9lia, Guarania\u00e7u, Quedas do Igua\u00e7u, Capit\u00e3o Le\u00f4nidas Marques e C\u00e9u Azul. A ideia, tamb\u00e9m nesse contexto, \u00e9 baixar em 30% os deslocamentos at\u00e9 Cascavel.<\/p>\n\n\n\n<p><strong>Box 2<\/strong><\/p>\n\n\n\n<p><strong>Entenda o que s\u00e3o os cons\u00f3rcios de sa\u00fade<\/strong><\/p>\n\n\n\n<p>Os cons\u00f3rcios de atendimento t\u00eam como meta ampliar a oferta secund\u00e1ria para o Sistema \u00danico de Sa\u00fade (SUS) nos munic\u00edpios. Os pacientes costumam chegar a esses ambulat\u00f3rios oriundos da aten\u00e7\u00e3o prim\u00e1ria ou direcionados pelas Unidades B\u00e1sicas de Sa\u00fade (UBS), geralmente localizadas nos bairros.<\/p>\n\n\n\n<p>O Governo do Estado auxilia os cons\u00f3rcios com R$ 30 milh\u00f5es em custeio ao longo do ano. A partir de 2021 a expectativa \u00e9 dobrar o repasse para R$ 60 milh\u00f5es. Desde 2019 tamb\u00e9m foram repassados mais de R$ 5 milh\u00f5es em equipamentos<\/p>\n\n\n\n<p>Os cons\u00f3rcios s\u00e3o iniciativas aut\u00f4nomas das prefeituras, que passaram a se associar para gerir e prover melhores servi\u00e7os \u00e0 popula\u00e7\u00e3o. Eles somam os recursos dos munic\u00edpios integrantes ao montante estadual e conseguem agilizar os atendimentos especializados. Essa estrat\u00e9gia ocupa papel de destaque na pol\u00edtica de sa\u00fade p\u00fablica do Paran\u00e1.<\/p>\n\n\n\n<p>Os cons\u00f3rcios intermunicipais paranaenses s\u00e3o muito antigos, mais do que a m\u00e9dia brasileira, fruto, inclusive, de uma legisla\u00e7\u00e3o anterior. A lei federal (11.107) \u00e9 de 2005, enquanto a lei complementar estadual (82) \u00e9 de 1998. No Paran\u00e1 s\u00e3o 25 cons\u00f3rcios para atendimentos eletivos, al\u00e9m dos cons\u00f3rcios de Servi\u00e7o de Atendimento M\u00f3vel de Urg\u00eancia (Samu) e do Paran\u00e1 Sa\u00fade, especializado em aquisi\u00e7\u00e3o de medicamentos.<\/p>\n\n\n\n<p>Governo do Estado<br><\/p>\n","protected":false},"excerpt":{"rendered":"<p>O novo Cons\u00f3rcio Intermunicipal de Sa\u00fade do Oeste do Paran\u00e1 (Cisop), em Cascavel, \u00e9 um gigante de 126 salas de atendimento constru\u00eddo em uma \u00e1rea de 4,6 mil metros quadrados na Avenida Brasil, a principal da cidade. Ele ser\u00e1 fundamental para garantir atendimento moderno em sa\u00fade para toda a regi\u00e3o no curto, m\u00e9dio e longo [&hellip;]<\/p>\n","protected":false},"author":2,"featured_media":29230,"comment_status":"open","ping_status":"open","sticky":false,"template":"","format":"standard","meta":{"advanced_seo_description":"","jetpack_seo_html_title":"","jetpack_seo_noindex":false,"_jetpack_memberships_contains_paid_content":false,"footnotes":""},"categories":[50],"tags":[],"class_list":{"0":"post-29229","1":"post","2":"type-post","3":"status-publish","4":"format-standard","5":"has-post-thumbnail","7":"category-saude"},"jetpack_featured_media_url":"https:\/\/www.paranapraia.com.br\/wp-content\/uploads\/2020\/10\/news_interna_image00003.jpg","jetpack_sharing_enabled":true,"_links":{"self":[{"href":"https:\/\/www.paranapraia.com.br\/index.php\/wp-json\/wp\/v2\/posts\/29229"}],"collection":[{"href":"https:\/\/www.paranapraia.com.br\/index.php\/wp-json\/wp\/v2\/posts"}],"about":[{"href":"https:\/\/www.paranapraia.com.br\/index.php\/wp-json\/wp\/v2\/types\/post"}],"author":[{"embeddable":true,"href":"https:\/\/www.paranapraia.com.br\/index.php\/wp-json\/wp\/v2\/users\/2"}],"replies":[{"embeddable":true,"href":"https:\/\/www.paranapraia.com.br\/index.php\/wp-json\/wp\/v2\/comments?post=29229"}],"version-history":[{"count":1,"href":"https:\/\/www.paranapraia.com.br\/index.php\/wp-json\/wp\/v2\/posts\/29229\/revisions"}],"predecessor-version":[{"id":29231,"href":"https:\/\/www.paranapraia.com.br\/index.php\/wp-json\/wp\/v2\/posts\/29229\/revisions\/29231"}],"wp:featuredmedia":[{"embeddable":true,"href":"https:\/\/www.paranapraia.com.br\/index.php\/wp-json\/wp\/v2\/media\/29230"}],"wp:attachment":[{"href":"https:\/\/www.paranapraia.com.br\/index.php\/wp-json\/wp\/v2\/media?parent=29229"}],"wp:term":[{"taxonomy":"category","embeddable":true,"href":"https:\/\/www.paranapraia.com.br\/index.php\/wp-json\/wp\/v2\/categories?post=29229"},{"taxonomy":"post_tag","embeddable":true,"href":"https:\/\/www.paranapraia.com.br\/index.php\/wp-json\/wp\/v2\/tags?post=29229"}],"curies":[{"name":"wp","href":"https:\/\/api.w.org\/{rel}","templated":true}]}}