{"id":29223,"date":"2020-10-05T11:16:39","date_gmt":"2020-10-05T14:16:39","guid":{"rendered":"https:\/\/www.paranapraia.com.br\/?p=29223"},"modified":"2020-10-05T11:17:02","modified_gmt":"2020-10-05T14:17:02","slug":"mais-de-181-mil-paranaenses-ja-foram-diagnosticados-com-a-covid-19","status":"publish","type":"post","link":"https:\/\/www.paranapraia.com.br\/index.php\/2020\/10\/05\/mais-de-181-mil-paranaenses-ja-foram-diagnosticados-com-a-covid-19\/","title":{"rendered":"Mais de 181 mil paranaenses j\u00e1 foram diagnosticados com a COVID-19"},"content":{"rendered":"\n<p>A Secretaria de Estado da Sa\u00fade confirma nesta s\u00e1bado (3), 1.497 novos casos e 14 \u00f3bitos pela infec\u00e7\u00e3o causada pelo novo coronav\u00edrus. O Paran\u00e1 soma agora 181.772&nbsp;casos e 4.530 mortos em decorr\u00eancia da doen\u00e7a. H\u00e1 ajustes nos casos confirmados detalhados ao final do texto.<\/p>\n\n\n\n<p>INTERNADOS&nbsp;\u2013&nbsp; 721 pacientes com diagn\u00f3stico confirmado de Covid-19 est\u00e3o internados hoje; 644 pacientes est\u00e3o em leitos SUS (310 em UTI e 334&nbsp;em leitos cl\u00ednicos\/enfermaria) e 117 em leitos da rede particular (51 em UTI e 66&nbsp;em leitos cl\u00ednicos\/enfermaria).<\/p>\n\n\n\n<p>H\u00e1 outros 1.021 pacientes internados,&nbsp;454 em leitos UTI e 567 em enfermaria, que aguardam resultados de exames. Eles est\u00e3o em leitos das redes p\u00fablica e particular e s\u00e3o considerados casos suspeitos de infec\u00e7\u00e3o pelo v\u00edrus Sars-CoV-2.<\/p>\n\n\n\n<p>\u00d3BITOS&nbsp;\u2013&nbsp; A secretaria estadual informa a morte de mais 14 pacientes, todos estavam internados. S\u00e3o cinco e nove homens, com idades que variam de 48 a 90 anos. Os \u00f3bitos ocorreram entre os dias 31 de agosto e 3 de outubro.<\/p>\n\n\n\n<p>Os pacientes que faleceram residiam em: Curitiba (6), Ponta Grossa (2) e S\u00e3o Jos\u00e9 dos Pinhais (2) e, um caso em cada um dos seguintes munic\u00edpios: Almirante Tamandar\u00e9, Colombo, Pinhais e Rio Negro.&nbsp;<\/p>\n\n\n\n<p>FORA DO PARAN\u00c1&nbsp;\u2013&nbsp;O monitoramento da Sesa registra 1.943 casos de residentes de fora,&nbsp;44 pessoas foram a \u00f3bito.<\/p>\n\n\n\n<p>AJUSTES:<\/p>\n\n\n\n<p><strong>Altera\u00e7\u00e3o de munic\u00edpio<\/strong><\/p>\n\n\n\n<p>Um caso confirmado no dia 18\/9 em C\u00e2ndido de Abreu foi transferido para Camb\u00e9<\/p>\n\n\n\n<p>Um caso confirmado no dia 1\/10 em Rondon foi transferido para Tamboara<\/p>\n\n\n\n<p>Um caso confirmado no dia 19\/6 em S\u00e3o Sebasti\u00e3o da Amoreira foi transferido para Londrina<\/p>\n\n\n\n<p>Um caso confirmado no dia 21\/6 em S\u00e3o Sebasti\u00e3o da Amoreira foi transferido para Londrina<\/p>\n\n\n\n<p>Um caso confirmado no dia 30\/8 em S\u00e3o Sebasti\u00e3o da Amoreira foi transferido para Londrina<\/p>\n\n\n\n<p>Um caso confirmado no dia 10\/8 em S\u00e3o Sebasti\u00e3o da Amoreira foi transferido para Astorga<\/p>\n\n\n\n<p>Um caso confirmado no dia 26\/8 em S\u00e3o Sebasti\u00e3o da Amoreira foi transferido para Curitiba<\/p>\n\n\n\n<p>Um caso confirmado no dia 3\/7 em Santa Terezinha de Itaipu foi transferido para S\u00e3o Sebasti\u00e3o da Amoreira<\/p>\n\n\n\n<p>Um caso confirmado no dia 20\/8 em Santo Ant\u00f4nio do Para\u00edso foi transferido para S\u00e3o Sebasti\u00e3o da Amoreira<\/p>\n\n\n\n<p>Um caso confirmado no dia 15\/9 em Arapoti foi transferido para Ponta Grossa<\/p>\n\n\n\n<p>Dois casos confirmados nos dias 26\/6 e 05\/7 em Arauc\u00e1ria foram transferidos para Ponta Grossa<\/p>\n\n\n\n<p>Um caso confirmado no dia 30\/8 em Cascavel foi transferido para Ponta Grossa<\/p>\n\n\n\n<p>Um caso confirmado no dia 1\/9 em Castro foi transferido para Ponta Grossa<\/p>\n\n\n\n<p>Tr\u00eas casos confirmados nos dias 23\/7, 10\/9 e 19\/9 em Curitiba foram transferidos para Ponta Grossa<\/p>\n\n\n\n<p>Dois casos confirmados nos dias 29\/7 e 28\/8 em Guarapuava foram transferidos para Ponta Grossa<\/p>\n\n\n\n<p>Um caso confirmado no dia 16\/9 em Guaratuba foi transferido para Ponta Grossa<\/p>\n\n\n\n<p>Um caso confirmado no dia 14\/9 em Ivai foi transferido para Ponta Grossa<\/p>\n\n\n\n<p>Um caso confirmado no dia 27\/8 em Mallet foi transferido para Ponta Grossa<\/p>\n\n\n\n<p>Um caso confirmado no dia 19\/9 em Mau\u00e1 da Serra foi transferido para Ponta Grossa<\/p>\n\n\n\n<p>Um caso confirmado no dia 6\/9 em Palmeira foi transferido para Ponta Grossa<\/p>\n\n\n\n<p>Um caso confirmado no dia 1\/9 em Rio Branco do Sul foi transferido para Ponta Grossa<\/p>\n\n\n\n<p>Um caso confirmado no dia 7\/9 em S\u00e3o Jos\u00e9 dos Pinhais foi transferido para Ponta Grossa<\/p>\n\n\n\n<p>Um caso confirmado no dia 31\/8 em Tel\u00eamaco Borba foi transferido para Ponta Grossa<\/p>\n\n\n\n<p>Um caso confirmado no dia 23\/7 em Tucuru\u00ed\/PA foi transferido para Ponta Grossa<\/p>\n\n\n\n<p>Um caso confirmado no dia 19\/9 em Bento Gon\u00e7alves\/RS foi transferido para Ponta Grossa<\/p>\n\n\n\n<p>Um caso confirmado no dia 7\/9 em Blumenau\/SC foi transferido para Ponta Grossa<\/p>\n\n\n\n<p>Um caso confirmado no dia 17\/7 em Brejo da Madre de Deus\/PE foi transferido para Ponta Grossa<\/p>\n\n\n\n<p>Um caso confirmado no dia 19\/9 em Campo Grande\/MS foi transferido para Ponta Grossa<\/p>\n\n\n\n<p>Um caso confirmado no dia 17\/7 em Concei\u00e7\u00e3o do Araguaia\/PA foi transferido para Ponta Grossa<\/p>\n\n\n\n<p>Um caso confirmado no dia 7\/9 em Dionisio Cerqueira\/SC foi transferido para Ponta Grossa<\/p>\n\n\n\n<p>Um caso confirmado no dia 19\/9 em Dourados\/MS foi transferido para Ponta Grossa<\/p>\n\n\n\n<p>Um caso confirmado no dia 1\/9 em Florian\u00f3polis\/SC foi transferido para Ponta Grossa<\/p>\n\n\n\n<p>Um caso confirmado no dia 5\/9 em Fortaleza\/CE foi transferido para Ponta Grossa<\/p>\n\n\n\n<p>Um caso confirmado no dia 23\/7 em Itapeva\/SP foi transferido para Ponta Grossa<\/p>\n\n\n\n<p>Um caso confirmado no dia 23\/7 em Juiz de Fora\/MG foi transferido para Ponta Grossa<\/p>\n\n\n\n<p>Um caso confirmado no dia 10\/9 em Osvaldo Cruz\/SP foi transferido para Ponta Grossa<\/p>\n\n\n\n<p>Um caso confirmado no dia 16\/7 em Rio Fortuna\/SC foi transferido para Ponta Grossa<\/p>\n\n\n\n<p>Um caso confirmado no dia 7\/9 em Santiago\/RS foi transferido para Ponta Grossa<\/p>\n\n\n\n<p>Um caso confirmado no dia 9\/6 em S\u00e3o Jos\u00e9 do Rio Preto\/SP foi transferido para Pira\u00ed do Sul<\/p>\n\n\n\n<p>Um caso confirmado no dia 25\/7 em Tijucas\/SC foi transferido para Pira\u00ed do Sul<\/p>\n\n\n\n<p><a href=\"https:\/\/www.saude.pr.gov.br\/sites\/default\/arquivos_restritos\/files\/documento\/2020-10\/informe_epidemiologico_03_10_2020_.pdf\">Confira o informe completo clicando aqui.<\/a><\/p>\n\n\n\n<p>Governo do Estado<br><\/p>\n","protected":false},"excerpt":{"rendered":"<p>A Secretaria de Estado da Sa\u00fade confirma nesta s\u00e1bado (3), 1.497 novos casos e 14 \u00f3bitos pela infec\u00e7\u00e3o causada pelo novo coronav\u00edrus. O Paran\u00e1 soma agora 181.772&nbsp;casos e 4.530 mortos em decorr\u00eancia da doen\u00e7a. H\u00e1 ajustes nos casos confirmados detalhados ao final do texto. INTERNADOS&nbsp;\u2013&nbsp; 721 pacientes com diagn\u00f3stico confirmado de Covid-19 est\u00e3o internados hoje; [&hellip;]<\/p>\n","protected":false},"author":2,"featured_media":29224,"comment_status":"open","ping_status":"open","sticky":false,"template":"","format":"standard","meta":{"advanced_seo_description":"","jetpack_seo_html_title":"","jetpack_seo_noindex":false,"_jetpack_memberships_contains_paid_content":false,"footnotes":""},"categories":[107],"tags":[],"class_list":{"0":"post-29223","1":"post","2":"type-post","3":"status-publish","4":"format-standard","5":"has-post-thumbnail","7":"category-covid-19"},"jetpack_featured_media_url":"https:\/\/www.paranapraia.com.br\/wp-content\/uploads\/2020\/10\/news_interna_informes_banner_covid_19-3.jpg","jetpack_sharing_enabled":true,"_links":{"self":[{"href":"https:\/\/www.paranapraia.com.br\/index.php\/wp-json\/wp\/v2\/posts\/29223"}],"collection":[{"href":"https:\/\/www.paranapraia.com.br\/index.php\/wp-json\/wp\/v2\/posts"}],"about":[{"href":"https:\/\/www.paranapraia.com.br\/index.php\/wp-json\/wp\/v2\/types\/post"}],"author":[{"embeddable":true,"href":"https:\/\/www.paranapraia.com.br\/index.php\/wp-json\/wp\/v2\/users\/2"}],"replies":[{"embeddable":true,"href":"https:\/\/www.paranapraia.com.br\/index.php\/wp-json\/wp\/v2\/comments?post=29223"}],"version-history":[{"count":1,"href":"https:\/\/www.paranapraia.com.br\/index.php\/wp-json\/wp\/v2\/posts\/29223\/revisions"}],"predecessor-version":[{"id":29225,"href":"https:\/\/www.paranapraia.com.br\/index.php\/wp-json\/wp\/v2\/posts\/29223\/revisions\/29225"}],"wp:featuredmedia":[{"embeddable":true,"href":"https:\/\/www.paranapraia.com.br\/index.php\/wp-json\/wp\/v2\/media\/29224"}],"wp:attachment":[{"href":"https:\/\/www.paranapraia.com.br\/index.php\/wp-json\/wp\/v2\/media?parent=29223"}],"wp:term":[{"taxonomy":"category","embeddable":true,"href":"https:\/\/www.paranapraia.com.br\/index.php\/wp-json\/wp\/v2\/categories?post=29223"},{"taxonomy":"post_tag","embeddable":true,"href":"https:\/\/www.paranapraia.com.br\/index.php\/wp-json\/wp\/v2\/tags?post=29223"}],"curies":[{"name":"wp","href":"https:\/\/api.w.org\/{rel}","templated":true}]}}