{"id":29220,"date":"2020-10-05T11:10:48","date_gmt":"2020-10-05T14:10:48","guid":{"rendered":"https:\/\/www.paranapraia.com.br\/?p=29220"},"modified":"2020-10-05T11:10:49","modified_gmt":"2020-10-05T14:10:49","slug":"estrategias-de-seguranca-na-fronteira-sao-discutidas-em-foz-do-iguacu","status":"publish","type":"post","link":"https:\/\/www.paranapraia.com.br\/index.php\/2020\/10\/05\/estrategias-de-seguranca-na-fronteira-sao-discutidas-em-foz-do-iguacu\/","title":{"rendered":"Estrat\u00e9gias de seguran\u00e7a na fronteira s\u00e3o discutidas em Foz do Igua\u00e7u"},"content":{"rendered":"\n<p>Gestores de seguran\u00e7a p\u00fablica da regi\u00e3o de fronteira, de gest\u00e3o e do Minist\u00e9rio da Justi\u00e7a e Seguran\u00e7a P\u00fablica se reuniram nesta sexta-feira (02\/10) em Foz do Igua\u00e7u, para discutir estrat\u00e9gias para a\u00e7\u00f5es de combate ao narcotr\u00e1fico na regi\u00e3o. Coordenado pela secretaria de Estado Seguran\u00e7a P\u00fablica do Paran\u00e1 (SESP), o encontro promoveu a avalia\u00e7\u00e3o das a\u00e7\u00f5es conjuntas e dos resultados obtidos com opera\u00e7\u00f5es e atividades preventivas feitas pelas institui\u00e7\u00f5es que comp\u00f5em o Gabinete de Gest\u00e3o Integrada de Seguran\u00e7a P\u00fablica de Fronteira (GGIFron).<\/p>\n\n\n\n<p>O secret\u00e1rio da Seguran\u00e7a P\u00fablica do Paran\u00e1, coronel Romulo Marinho Soares, abriu os trabalhos e fez um panorama geral das a\u00e7\u00f5es em seguran\u00e7a p\u00fablica. &#8220;A Secretaria est\u00e1 trabalhando arduamente para fortalecer a integra\u00e7\u00e3o na nossa fronteira, com equipamentos, obras, tecnologias e recursos humanos.&nbsp; Hoje, para qualquer a\u00e7\u00e3o que a Secretaria da Seguran\u00e7a P\u00fablica faz, chamamos os gestores das institui\u00e7\u00f5es vinculadas, projetamos o tema e discutimos. Depois do planejamento, informamos o Governo do Estado e partimos para a a\u00e7\u00e3o. Tudo integrado\u201d, ressaltou o secret\u00e1rio.<\/p>\n\n\n\n<p>O esfor\u00e7o em angariar recursos transformou o Paran\u00e1 num verdadeiro canteiro de obras com a constru\u00e7\u00e3o de novas delegacias de Pol\u00edcia Civil, unidades da Pol\u00edcia Militar e Corpo de Bombeiros e de cadeias p\u00fablicas para o Departamento Penitenci\u00e1rio, al\u00e9m de investimentos de pessoal e estrutura para a Pol\u00edcia Cient\u00edfica. &#8220;Temos dezenas obras em andamento em todo o estado. O investimento \u00e9 de mais de R$ 200 milh\u00f5es, al\u00e9m de R$150 milh\u00f5es em conv\u00eanios&#8221;, destacou o coronel<\/p>\n\n\n\n<p>GOVERNO FEDERAL &#8211; Representando a comitiva do Governo Federal, o tenente-coronel Vitor Hugo Tunala apresentou a metodologia do Programa de Prote\u00e7\u00e3o Integrada de Fronteiras, a\u00e7\u00f5es na costa mar\u00edtima e nas vias fluviais de fronteira. Falou ainda sobre a reuni\u00e3o ordin\u00e1ria do Comit\u00ea Executivo do Programa de Prote\u00e7\u00e3o Integrada de Fronteiras (CEPPIF), capacita\u00e7\u00f5es e treinamentos espec\u00edficos e dos grupos de trabalho sobre a Pol\u00edtica Nacional de Fronteira.<\/p>\n\n\n\n<p>&#8220;O Paran\u00e1 \u00e9 um dos exemplos de coopera\u00e7\u00e3o com o Minist\u00e9rio da Justi\u00e7a quando o assunto \u00e9 fronteira e at\u00e9 divisa. Desde 2011, o estado participa de uma integra\u00e7\u00e3o muito forte entre os \u00f3rg\u00e3os, e a receptividade do estado \u00e0 nossa iniciativa foi muito positiva porque a percebemos que o Paran\u00e1 trabalha a quest\u00e3o da participa\u00e7\u00e3o social, de entender qual \u00e9 o papel da sociedade no contexto da seguran\u00e7a p\u00fablica&#8221;, ressaltou Tunala.<\/p>\n\n\n\n<p>GGIFRON &#8211; Criado em 2011, o GGIFron encabe\u00e7a um colegiado das institui\u00e7\u00f5es municipais, estaduais e federais. Ele surgiu para que as a\u00e7\u00f5es repressivas e preventivas ao crime organizado tivessem maior impacto nas organiza\u00e7\u00f5es criminosas, consequentemente diminuindo a incid\u00eancia de crimes na regi\u00e3o. A Opera\u00e7\u00e3o H\u00f3rus, da Secretaria de Opera\u00e7\u00f5es Integradas, e a opera\u00e7\u00e3o \u00c1gata, em conjunto com o Ex\u00e9rcito Brasileiro, est\u00e3o em andamento na faixa de fronteira e t\u00eam causado apreens\u00f5es de armas e drogas em rodovias, terminais rodovi\u00e1rios, matas, al\u00e9m do rio Paran\u00e1 e Lago Itaipu.<\/p>\n\n\n\n<p>Segundo a Secretaria de Opera\u00e7\u00f5es Integradas (SEOPI) do Minist\u00e9rio da Justi\u00e7a, de maio de 2019 at\u00e9 outubro deste ano, os trabalhos do Programa VIGIA, atrav\u00e9s das opera\u00e7\u00f5es H\u00f3rus, apreenderam 87.725.346 ma\u00e7os de cigarros; 608.026.85 quilos de drogas; 320 embarca\u00e7\u00f5es e 3.126 ve\u00edculos.<\/p>\n\n\n\n<p>Governo do Estado<\/p>\n","protected":false},"excerpt":{"rendered":"<p>Gestores de seguran\u00e7a p\u00fablica da regi\u00e3o de fronteira, de gest\u00e3o e do Minist\u00e9rio da Justi\u00e7a e Seguran\u00e7a P\u00fablica se reuniram nesta sexta-feira (02\/10) em Foz do Igua\u00e7u, para discutir estrat\u00e9gias para a\u00e7\u00f5es de combate ao narcotr\u00e1fico na regi\u00e3o. Coordenado pela secretaria de Estado Seguran\u00e7a P\u00fablica do Paran\u00e1 (SESP), o encontro promoveu a avalia\u00e7\u00e3o das a\u00e7\u00f5es [&hellip;]<\/p>\n","protected":false},"author":2,"featured_media":29221,"comment_status":"open","ping_status":"open","sticky":false,"template":"","format":"standard","meta":{"advanced_seo_description":"","jetpack_seo_html_title":"","jetpack_seo_noindex":false,"_jetpack_memberships_contains_paid_content":false,"footnotes":""},"categories":[42],"tags":[],"class_list":{"0":"post-29220","1":"post","2":"type-post","3":"status-publish","4":"format-standard","5":"has-post-thumbnail","7":"category-cidades"},"jetpack_featured_media_url":"https:\/\/www.paranapraia.com.br\/wp-content\/uploads\/2020\/10\/news_interna_6.jpg","jetpack_sharing_enabled":true,"_links":{"self":[{"href":"https:\/\/www.paranapraia.com.br\/index.php\/wp-json\/wp\/v2\/posts\/29220"}],"collection":[{"href":"https:\/\/www.paranapraia.com.br\/index.php\/wp-json\/wp\/v2\/posts"}],"about":[{"href":"https:\/\/www.paranapraia.com.br\/index.php\/wp-json\/wp\/v2\/types\/post"}],"author":[{"embeddable":true,"href":"https:\/\/www.paranapraia.com.br\/index.php\/wp-json\/wp\/v2\/users\/2"}],"replies":[{"embeddable":true,"href":"https:\/\/www.paranapraia.com.br\/index.php\/wp-json\/wp\/v2\/comments?post=29220"}],"version-history":[{"count":1,"href":"https:\/\/www.paranapraia.com.br\/index.php\/wp-json\/wp\/v2\/posts\/29220\/revisions"}],"predecessor-version":[{"id":29222,"href":"https:\/\/www.paranapraia.com.br\/index.php\/wp-json\/wp\/v2\/posts\/29220\/revisions\/29222"}],"wp:featuredmedia":[{"embeddable":true,"href":"https:\/\/www.paranapraia.com.br\/index.php\/wp-json\/wp\/v2\/media\/29221"}],"wp:attachment":[{"href":"https:\/\/www.paranapraia.com.br\/index.php\/wp-json\/wp\/v2\/media?parent=29220"}],"wp:term":[{"taxonomy":"category","embeddable":true,"href":"https:\/\/www.paranapraia.com.br\/index.php\/wp-json\/wp\/v2\/categories?post=29220"},{"taxonomy":"post_tag","embeddable":true,"href":"https:\/\/www.paranapraia.com.br\/index.php\/wp-json\/wp\/v2\/tags?post=29220"}],"curies":[{"name":"wp","href":"https:\/\/api.w.org\/{rel}","templated":true}]}}