{"id":29111,"date":"2020-09-23T11:11:29","date_gmt":"2020-09-23T14:11:29","guid":{"rendered":"https:\/\/www.paranapraia.com.br\/?p=29111"},"modified":"2020-09-23T11:12:44","modified_gmt":"2020-09-23T14:12:44","slug":"saude-alerta-para-casos-de-doenca-rara-que-pode-estar-associada-a-covid-19","status":"publish","type":"post","link":"https:\/\/www.paranapraia.com.br\/index.php\/2020\/09\/23\/saude-alerta-para-casos-de-doenca-rara-que-pode-estar-associada-a-covid-19\/","title":{"rendered":"Sa\u00fade alerta para casos de doen\u00e7a rara que pode estar associada \u00e0 Covid-19"},"content":{"rendered":"\n<p>A Secretaria de Estado de Sa\u00fade est\u00e1 monitorando os casos de&nbsp;S\u00edndrome Inflamat\u00f3ria Multissist\u00eamica Pedi\u00e1trica (SIM-P), uma doen\u00e7a considerada rara e que pode estar associada ao coronav\u00edrus. Os sintomas costumam aparecer at\u00e9 quatro semanas ap\u00f3s a exposi\u00e7\u00e3o ao v\u00edrus em crian\u00e7as e adolescentes de zero a 19 anos.<\/p>\n\n\n\n<p>Com objetivo de identificar se a s\u00edndrome pode estar relacionada \u00e0 Covid-19, o Minist\u00e9rio da Sa\u00fade, em parceria com a Organiza\u00e7\u00e3o Mundial da Sa\u00fade (OMS) e&nbsp;a Sociedade Brasileira de Pediatria (SBP),&nbsp;emitiu em maio um alerta orientando sobre o manejo cl\u00ednico e a import\u00e2ncia da identifica\u00e7\u00e3o precoce dos casos de SIM-P no Brasil.<\/p>\n\n\n\n<p>Em julho, o minist\u00e9rio publicou a nota t\u00e9cnica&nbsp;n\u00ba 16\/2020-CGPNI\/DEIDT\/SVS\/MS, que orienta sobre como a notifica\u00e7\u00e3o deve ser realizada pelos servi\u00e7os de sa\u00fade ao identificar crian\u00e7as ou adolescentes que preencham a defini\u00e7\u00e3o de caso&nbsp;atrav\u00e9s dos sinais e sintomas mais comuns.<\/p>\n\n\n\n<p>\u201cTrata-se de uma medida de vigil\u00e2ncia em sa\u00fade. \u00c9&nbsp;muito importante que os servi\u00e7os de sa\u00fade notifiquem no sistema sobre os poss\u00edveis casos desta doen\u00e7a, prestando aten\u00e7\u00e3o nos sintomas, principalmente se a crian\u00e7a ou o adolescente tiveram a confirma\u00e7\u00e3o laboratorial de coronav\u00edrus,&nbsp;pois isso pode remeter \u00e0 hip\u00f3tese de associa\u00e7\u00e3o entre a SIM-P e a Covid-19\u201d, disse o secret\u00e1rio da Sa\u00fade, Beto Preto.<\/p>\n\n\n\n<p><strong>SINTOMAS<\/strong>&nbsp;&#8211;&nbsp;Os sintomas s\u00e3o&nbsp;febre persistente, conjuntivite, edema em extremidades,&nbsp;manchas no corpo, dor abdominal, manifesta\u00e7\u00f5es gastrointestinais (v\u00f4mito e diarr\u00e9ia) e elevados marcadores inflamat\u00f3rios, sendo que os sintomas respirat\u00f3rios nem sempre est\u00e3o presentes.<\/p>\n\n\n\n<p><strong>N\u00daMEROS<\/strong>\u00a0\u2013\u00a0No Brasil,\u00a0at\u00e9 22 de agosto, dados do Minist\u00e9rio da Sa\u00fade mostram que foram notificados casos de 197 crian\u00e7as e adolescentes de zero a 19 anos. Destes, 14 morreram em fun\u00e7\u00e3o da SIM-P temporalmente associada \u00e0 Covid-19. No\u00a0Paran\u00e1,\u00a0at\u00e9 esta ter\u00e7a-feira (22), foram notificados 10 casos, de acordo com levantamento da secretaria estadual da Sa\u00fade \u2013 seis do sexo masculino e quatro do feminino, com idade entre tr\u00eas a 16 anos. Quatro j\u00e1 tiveram alta hospitalar, tr\u00eas foram a \u00f3bito e tr\u00eas permanecem em investiga\u00e7\u00e3o. Os casos ocorreram nos munic\u00edpios de Curitiba (7), Fazenda Rio Grande (1), Realeza (1) e Medianeira (1).<\/p>\n\n\n\n<p>Governo do Estado<br><\/p>\n","protected":false},"excerpt":{"rendered":"<p>A Secretaria de Estado de Sa\u00fade est\u00e1 monitorando os casos de&nbsp;S\u00edndrome Inflamat\u00f3ria Multissist\u00eamica Pedi\u00e1trica (SIM-P), uma doen\u00e7a considerada rara e que pode estar associada ao coronav\u00edrus. Os sintomas costumam aparecer at\u00e9 quatro semanas ap\u00f3s a exposi\u00e7\u00e3o ao v\u00edrus em crian\u00e7as e adolescentes de zero a 19 anos. Com objetivo de identificar se a s\u00edndrome pode [&hellip;]<\/p>\n","protected":false},"author":2,"featured_media":29112,"comment_status":"open","ping_status":"open","sticky":false,"template":"","format":"standard","meta":{"advanced_seo_description":"","jetpack_seo_html_title":"","jetpack_seo_noindex":false,"_jetpack_memberships_contains_paid_content":false,"footnotes":""},"categories":[98],"tags":[],"class_list":{"0":"post-29111","1":"post","2":"type-post","3":"status-publish","4":"format-standard","5":"has-post-thumbnail","7":"category-covid19"},"jetpack_featured_media_url":"https:\/\/www.paranapraia.com.br\/wp-content\/uploads\/2020\/09\/normal_DSC_0356.jpg","jetpack_sharing_enabled":true,"_links":{"self":[{"href":"https:\/\/www.paranapraia.com.br\/index.php\/wp-json\/wp\/v2\/posts\/29111"}],"collection":[{"href":"https:\/\/www.paranapraia.com.br\/index.php\/wp-json\/wp\/v2\/posts"}],"about":[{"href":"https:\/\/www.paranapraia.com.br\/index.php\/wp-json\/wp\/v2\/types\/post"}],"author":[{"embeddable":true,"href":"https:\/\/www.paranapraia.com.br\/index.php\/wp-json\/wp\/v2\/users\/2"}],"replies":[{"embeddable":true,"href":"https:\/\/www.paranapraia.com.br\/index.php\/wp-json\/wp\/v2\/comments?post=29111"}],"version-history":[{"count":1,"href":"https:\/\/www.paranapraia.com.br\/index.php\/wp-json\/wp\/v2\/posts\/29111\/revisions"}],"predecessor-version":[{"id":29113,"href":"https:\/\/www.paranapraia.com.br\/index.php\/wp-json\/wp\/v2\/posts\/29111\/revisions\/29113"}],"wp:featuredmedia":[{"embeddable":true,"href":"https:\/\/www.paranapraia.com.br\/index.php\/wp-json\/wp\/v2\/media\/29112"}],"wp:attachment":[{"href":"https:\/\/www.paranapraia.com.br\/index.php\/wp-json\/wp\/v2\/media?parent=29111"}],"wp:term":[{"taxonomy":"category","embeddable":true,"href":"https:\/\/www.paranapraia.com.br\/index.php\/wp-json\/wp\/v2\/categories?post=29111"},{"taxonomy":"post_tag","embeddable":true,"href":"https:\/\/www.paranapraia.com.br\/index.php\/wp-json\/wp\/v2\/tags?post=29111"}],"curies":[{"name":"wp","href":"https:\/\/api.w.org\/{rel}","templated":true}]}}