{"id":29108,"date":"2020-09-23T10:55:25","date_gmt":"2020-09-23T13:55:25","guid":{"rendered":"https:\/\/www.paranapraia.com.br\/?p=29108"},"modified":"2020-09-23T10:56:14","modified_gmt":"2020-09-23T13:56:14","slug":"cbd-no-tratamento-da-depressao","status":"publish","type":"post","link":"https:\/\/www.paranapraia.com.br\/index.php\/2020\/09\/23\/cbd-no-tratamento-da-depressao\/","title":{"rendered":"CBD no Tratamento da Depress\u00e3o"},"content":{"rendered":"\n<p>O\u00a0canabidiol\u00a0(CBD) \u00e9 um composto da planta cannabis que juntamente com o THC t\u00eam sido usado de forma medicinal. N\u00e3o d\u00e1 mais para \u201cdissociar\u201d o\u00a0THC\u00a0das terapias, desconsiderando-o por completo. \u00c9 o que temos observado em novos estudos. Os achados demonstram que pode ser bem indicada uma maior concentra\u00e7\u00e3o de THC em combina\u00e7\u00e3o com CBD como linha terap\u00eautica.<\/p>\n\n\n\n<p>Al\u00e9m de seu uso no tratamento de doen\u00e7as como fibromialgia, doen\u00e7as inflamat\u00f3rias do intestino (como a doen\u00e7a de chron), dor, AVC e at\u00e9 mesmo do c\u00e2ncer, evid\u00eancias mostram que o CBD pode ter uma intera\u00e7\u00e3o positiva com receptores de serotonina, sendo muito promissor no tratamento para\u00a0depress\u00e3o\u00a0e ansiedade. Mais estudos s\u00e3o necess\u00e1rios, mas as pesquisas iniciais t\u00eam sido positivas, principalmente com o uso do CBD como um antidepressivo de a\u00e7\u00e3o r\u00e1pida \u2013 e com menos efeitos colaterais do que os rem\u00e9dios tradicionais.<\/p>\n\n\n\n<p>O\u00a0<a href=\"https:\/\/drbarakat.com.br\/precisamos-falar-sobre-canabidiol\/\">CBD<\/a>\u00a0est\u00e1 associado \u00e0 regula\u00e7\u00e3o do humor \u2013 uma disfun\u00e7\u00e3o no sistema endocanabinoide levaria \u00e0 redu\u00e7\u00e3o na concentra\u00e7\u00e3o de canabinoides, o que foi associado \u00e0\u00a0depress\u00e3o\u00a0e dist\u00farbios do humor em estudos.De acordo com pesquisas, o CBD pode ser capaz de diminuir a tend\u00eancia \u00e0 ansiedade. Isso pode ser explicado porque os endocanabin\u00f3ides modulam a resposta dos neurotransmissores como a dopamina e a serotonina, auxiliando a promover o bem-estar e promovendo efeito antidepressivo e ansiol\u00edtico.<\/p>\n\n\n\n<p>Al\u00e9m disso, h\u00e1 tamb\u00e9m estudos que mostram que o CBD \u00e9 capaz de induzir altera\u00e7\u00f5es neuropl\u00e1sticas no c\u00f3rtex pr\u00e9-frontal e no hipocampo (estruturas envolvidas no desenvolvimento da depress\u00e3o) e, assim, demonstram mais uma vez seu potencial terap\u00eautico.<\/p>\n\n\n\n<p>Se voc\u00ea sofre de\u00a0depress\u00e3o, entenda que ela \u00e9 uma doen\u00e7a multifatorial, logo, \u00e9 preciso cuidar de sua sa\u00fade integralmente \u2013 desde alimenta\u00e7\u00e3o, sono, pr\u00e1tica de exerc\u00edcio f\u00edsico, etc. N\u00e3o deixe de procurar ajuda m\u00e9dica e psicol\u00f3gica, uma equipe multidisciplinar pode ajudar voc\u00ea na luta contra essa doen\u00e7a que assola cada vez mais pessoas!<\/p>\n\n\n\n<p>Dr Barakat<\/p>\n","protected":false},"excerpt":{"rendered":"<p>O\u00a0canabidiol\u00a0(CBD) \u00e9 um composto da planta cannabis que juntamente com o THC t\u00eam sido usado de forma medicinal. N\u00e3o d\u00e1 mais para \u201cdissociar\u201d o\u00a0THC\u00a0das terapias, desconsiderando-o por completo. \u00c9 o que temos observado em novos estudos. Os achados demonstram que pode ser bem indicada uma maior concentra\u00e7\u00e3o de THC em combina\u00e7\u00e3o com CBD como linha [&hellip;]<\/p>\n","protected":false},"author":2,"featured_media":29109,"comment_status":"open","ping_status":"open","sticky":false,"template":"","format":"standard","meta":{"advanced_seo_description":"","jetpack_seo_html_title":"","jetpack_seo_noindex":false,"_jetpack_memberships_contains_paid_content":false,"footnotes":""},"categories":[50],"tags":[],"class_list":{"0":"post-29108","1":"post","2":"type-post","3":"status-publish","4":"format-standard","5":"has-post-thumbnail","7":"category-saude"},"jetpack_featured_media_url":"https:\/\/www.paranapraia.com.br\/wp-content\/uploads\/2020\/09\/unnamed-6.jpg","jetpack_sharing_enabled":true,"_links":{"self":[{"href":"https:\/\/www.paranapraia.com.br\/index.php\/wp-json\/wp\/v2\/posts\/29108"}],"collection":[{"href":"https:\/\/www.paranapraia.com.br\/index.php\/wp-json\/wp\/v2\/posts"}],"about":[{"href":"https:\/\/www.paranapraia.com.br\/index.php\/wp-json\/wp\/v2\/types\/post"}],"author":[{"embeddable":true,"href":"https:\/\/www.paranapraia.com.br\/index.php\/wp-json\/wp\/v2\/users\/2"}],"replies":[{"embeddable":true,"href":"https:\/\/www.paranapraia.com.br\/index.php\/wp-json\/wp\/v2\/comments?post=29108"}],"version-history":[{"count":1,"href":"https:\/\/www.paranapraia.com.br\/index.php\/wp-json\/wp\/v2\/posts\/29108\/revisions"}],"predecessor-version":[{"id":29110,"href":"https:\/\/www.paranapraia.com.br\/index.php\/wp-json\/wp\/v2\/posts\/29108\/revisions\/29110"}],"wp:featuredmedia":[{"embeddable":true,"href":"https:\/\/www.paranapraia.com.br\/index.php\/wp-json\/wp\/v2\/media\/29109"}],"wp:attachment":[{"href":"https:\/\/www.paranapraia.com.br\/index.php\/wp-json\/wp\/v2\/media?parent=29108"}],"wp:term":[{"taxonomy":"category","embeddable":true,"href":"https:\/\/www.paranapraia.com.br\/index.php\/wp-json\/wp\/v2\/categories?post=29108"},{"taxonomy":"post_tag","embeddable":true,"href":"https:\/\/www.paranapraia.com.br\/index.php\/wp-json\/wp\/v2\/tags?post=29108"}],"curies":[{"name":"wp","href":"https:\/\/api.w.org\/{rel}","templated":true}]}}