{"id":28804,"date":"2020-09-08T15:15:47","date_gmt":"2020-09-08T18:15:47","guid":{"rendered":"https:\/\/www.paranapraia.com.br\/?p=28804"},"modified":"2020-09-08T15:15:49","modified_gmt":"2020-09-08T18:15:49","slug":"pauta-dia-9-11h30-governador-lanca-programa-rede-eletrica-inteligente","status":"publish","type":"post","link":"https:\/\/www.paranapraia.com.br\/index.php\/2020\/09\/08\/pauta-dia-9-11h30-governador-lanca-programa-rede-eletrica-inteligente\/","title":{"rendered":"PAUTA DIA 9 \u2013 11H30: GOVERNADOR LAN\u00c7A PROGRAMA REDE EL\u00c9TRICA INTELIGENTE"},"content":{"rendered":"\n<p>O governador Carlos Massa Ratinho Junior&nbsp;e o presidente&nbsp;da Copel, Daniel&nbsp;Slaviero, lan\u00e7am,&nbsp;nesta&nbsp;quarta-feira (09),&nbsp;o Programa Rede El\u00e9trica Inteligente,&nbsp;em Curitiba. O evento ter\u00e1 in\u00edcio \u00e0s 11h30&nbsp;horas, com transmiss\u00e3o on-line pelo link&nbsp;<a href=\"https:\/\/www.youtube.com\/watch?v=QtwARwY9_ZM\" target=\"_blank\" rel=\"noreferrer noopener\">www.youtube.com\/watch?v=QtwARwY9_ZM<\/a>&nbsp;<\/p>\n\n\n\n<p>Na primeira fase do Programa Rede El\u00e9trica Inteligente, 151 munic\u00edpios das regi\u00f5es Leste, Centro-Sul, Sudoeste e Oeste v\u00e3o receber a rede de distribui\u00e7\u00e3o de energia automatizada. Com o novo sistema, as unidades consumidoras receber\u00e3o medidores digitais, que se comunicam diretamente com a central de opera\u00e7\u00e3o da Copel.&nbsp;&nbsp;<\/p>\n\n\n\n<p>O investimento nesta etapa, de R$ 820 milh\u00f5es, levar\u00e1 a nova tecnologia para 4,5 milh\u00f5es de paranaenses, em unidades residenciais e empresas urbanas e rurais. A rede inteligente da Copel ser\u00e1 a maior do Brasil, em um modelo que j\u00e1 existe em pa\u00edses como os Estados Unidos e o Jap\u00e3o.&nbsp;&nbsp;&nbsp;&nbsp;&nbsp;<\/p>\n\n\n\n<p>SERVI\u00c7O&nbsp;<\/p>\n\n\n\n<p>Solenidade&nbsp;de&nbsp;lan\u00e7amento do Programa Rede El\u00e9trica Inteligente&nbsp;&nbsp;<\/p>\n\n\n\n<p>Data:&nbsp;quarta-feira (09)&nbsp;<br>Hor\u00e1rio:&nbsp;11h30&nbsp;&nbsp;&nbsp;<\/p>\n\n\n\n<p>Local:&nbsp;Pal\u00e1cio Igua\u00e7u &#8211;&nbsp;Pra\u00e7a Nossa Senhora de&nbsp;Salette&nbsp;s\/n&nbsp;\u2013&nbsp;Curitiba&nbsp;&nbsp;<\/p>\n\n\n\n<p>Transmiss\u00e3o on-line:\u00a0<a rel=\"noreferrer noopener\" href=\"https:\/\/www.youtube.com\/watch?v=QtwARwY9_ZM\" target=\"_blank\">www.youtube.com\/watch?v=QtwARwY9_ZM<\/a>\u00a0<\/p>\n\n\n\n<p>Governo do Estado<\/p>\n","protected":false},"excerpt":{"rendered":"<p>O governador Carlos Massa Ratinho Junior&nbsp;e o presidente&nbsp;da Copel, Daniel&nbsp;Slaviero, lan\u00e7am,&nbsp;nesta&nbsp;quarta-feira (09),&nbsp;o Programa Rede El\u00e9trica Inteligente,&nbsp;em Curitiba. O evento ter\u00e1 in\u00edcio \u00e0s 11h30&nbsp;horas, com transmiss\u00e3o on-line pelo link&nbsp;www.youtube.com\/watch?v=QtwARwY9_ZM&nbsp; Na primeira fase do Programa Rede El\u00e9trica Inteligente, 151 munic\u00edpios das regi\u00f5es Leste, Centro-Sul, Sudoeste e Oeste v\u00e3o receber a rede de distribui\u00e7\u00e3o de energia automatizada. Com [&hellip;]<\/p>\n","protected":false},"author":2,"featured_media":28805,"comment_status":"open","ping_status":"open","sticky":false,"template":"","format":"standard","meta":{"advanced_seo_description":"","jetpack_seo_html_title":"","jetpack_seo_noindex":false,"_jetpack_memberships_contains_paid_content":false,"footnotes":""},"categories":[42],"tags":[],"class_list":{"0":"post-28804","1":"post","2":"type-post","3":"status-publish","4":"format-standard","5":"has-post-thumbnail","7":"category-cidades"},"jetpack_featured_media_url":"https:\/\/www.paranapraia.com.br\/wp-content\/uploads\/2020\/09\/unnamed-1.jpg","jetpack_sharing_enabled":true,"_links":{"self":[{"href":"https:\/\/www.paranapraia.com.br\/index.php\/wp-json\/wp\/v2\/posts\/28804"}],"collection":[{"href":"https:\/\/www.paranapraia.com.br\/index.php\/wp-json\/wp\/v2\/posts"}],"about":[{"href":"https:\/\/www.paranapraia.com.br\/index.php\/wp-json\/wp\/v2\/types\/post"}],"author":[{"embeddable":true,"href":"https:\/\/www.paranapraia.com.br\/index.php\/wp-json\/wp\/v2\/users\/2"}],"replies":[{"embeddable":true,"href":"https:\/\/www.paranapraia.com.br\/index.php\/wp-json\/wp\/v2\/comments?post=28804"}],"version-history":[{"count":1,"href":"https:\/\/www.paranapraia.com.br\/index.php\/wp-json\/wp\/v2\/posts\/28804\/revisions"}],"predecessor-version":[{"id":28806,"href":"https:\/\/www.paranapraia.com.br\/index.php\/wp-json\/wp\/v2\/posts\/28804\/revisions\/28806"}],"wp:featuredmedia":[{"embeddable":true,"href":"https:\/\/www.paranapraia.com.br\/index.php\/wp-json\/wp\/v2\/media\/28805"}],"wp:attachment":[{"href":"https:\/\/www.paranapraia.com.br\/index.php\/wp-json\/wp\/v2\/media?parent=28804"}],"wp:term":[{"taxonomy":"category","embeddable":true,"href":"https:\/\/www.paranapraia.com.br\/index.php\/wp-json\/wp\/v2\/categories?post=28804"},{"taxonomy":"post_tag","embeddable":true,"href":"https:\/\/www.paranapraia.com.br\/index.php\/wp-json\/wp\/v2\/tags?post=28804"}],"curies":[{"name":"wp","href":"https:\/\/api.w.org\/{rel}","templated":true}]}}