{"id":28605,"date":"2020-08-05T12:47:55","date_gmt":"2020-08-05T15:47:55","guid":{"rendered":"https:\/\/www.paranapraia.com.br\/?p=28605"},"modified":"2020-08-05T12:47:59","modified_gmt":"2020-08-05T15:47:59","slug":"federacao-mineira-de-futebol-cancela-jogo-entre-cruzeiro-e-uberlandia","status":"publish","type":"post","link":"https:\/\/www.paranapraia.com.br\/index.php\/2020\/08\/05\/federacao-mineira-de-futebol-cancela-jogo-entre-cruzeiro-e-uberlandia\/","title":{"rendered":"Federa\u00e7\u00e3o Mineira de Futebol cancela jogo entre Cruzeiro e Uberl\u00e2ndia"},"content":{"rendered":"\n<p>Partida estava programada para \u00e0s 19h de hoje, no Mineir\u00e3o. A decis\u00e3o foi tomada ap\u00f3s o time do Tri\u00e2ngulo Mineiro registrar 13 casos de Covid-19. O jogo seria v\u00e1lido pela final do Trof\u00e9u Inconfid\u00eancia, disputado pelos times que n\u00e3o se classificaram para a fase final do Campeonato Mineiro.<\/p>\n\n\n\n<p>CBN<\/p>\n","protected":false},"excerpt":{"rendered":"<p>Partida estava programada para \u00e0s 19h de hoje, no Mineir\u00e3o. A decis\u00e3o foi tomada ap\u00f3s o time do Tri\u00e2ngulo Mineiro registrar 13 casos de Covid-19. O jogo seria v\u00e1lido pela final do Trof\u00e9u Inconfid\u00eancia, disputado pelos times que n\u00e3o se classificaram para a fase final do Campeonato Mineiro. CBN<\/p>\n","protected":false},"author":2,"featured_media":28606,"comment_status":"open","ping_status":"open","sticky":false,"template":"","format":"standard","meta":{"advanced_seo_description":"","jetpack_seo_html_title":"","jetpack_seo_noindex":false,"_jetpack_memberships_contains_paid_content":false,"footnotes":""},"categories":[37],"tags":[],"class_list":{"0":"post-28605","1":"post","2":"type-post","3":"status-publish","4":"format-standard","5":"has-post-thumbnail","7":"category-esporte"},"jetpack_featured_media_url":"https:\/\/www.paranapraia.com.br\/wp-content\/uploads\/2020\/08\/61297828-badd-431f-a147-7a77d256445d.jpg.640x360_q75_box-060784500_crop_detail.jpg","jetpack_sharing_enabled":true,"_links":{"self":[{"href":"https:\/\/www.paranapraia.com.br\/index.php\/wp-json\/wp\/v2\/posts\/28605"}],"collection":[{"href":"https:\/\/www.paranapraia.com.br\/index.php\/wp-json\/wp\/v2\/posts"}],"about":[{"href":"https:\/\/www.paranapraia.com.br\/index.php\/wp-json\/wp\/v2\/types\/post"}],"author":[{"embeddable":true,"href":"https:\/\/www.paranapraia.com.br\/index.php\/wp-json\/wp\/v2\/users\/2"}],"replies":[{"embeddable":true,"href":"https:\/\/www.paranapraia.com.br\/index.php\/wp-json\/wp\/v2\/comments?post=28605"}],"version-history":[{"count":1,"href":"https:\/\/www.paranapraia.com.br\/index.php\/wp-json\/wp\/v2\/posts\/28605\/revisions"}],"predecessor-version":[{"id":28607,"href":"https:\/\/www.paranapraia.com.br\/index.php\/wp-json\/wp\/v2\/posts\/28605\/revisions\/28607"}],"wp:featuredmedia":[{"embeddable":true,"href":"https:\/\/www.paranapraia.com.br\/index.php\/wp-json\/wp\/v2\/media\/28606"}],"wp:attachment":[{"href":"https:\/\/www.paranapraia.com.br\/index.php\/wp-json\/wp\/v2\/media?parent=28605"}],"wp:term":[{"taxonomy":"category","embeddable":true,"href":"https:\/\/www.paranapraia.com.br\/index.php\/wp-json\/wp\/v2\/categories?post=28605"},{"taxonomy":"post_tag","embeddable":true,"href":"https:\/\/www.paranapraia.com.br\/index.php\/wp-json\/wp\/v2\/tags?post=28605"}],"curies":[{"name":"wp","href":"https:\/\/api.w.org\/{rel}","templated":true}]}}