{"id":28539,"date":"2020-07-23T21:36:39","date_gmt":"2020-07-24T00:36:39","guid":{"rendered":"https:\/\/www.paranapraia.com.br\/?p=28539"},"modified":"2020-07-23T21:36:43","modified_gmt":"2020-07-24T00:36:43","slug":"com-covid-19-delcidio-sente-cansaco-e-perda-de-peso-e-corre-para-hospital-em-campo-grande","status":"publish","type":"post","link":"https:\/\/www.paranapraia.com.br\/index.php\/2020\/07\/23\/com-covid-19-delcidio-sente-cansaco-e-perda-de-peso-e-corre-para-hospital-em-campo-grande\/","title":{"rendered":"Com covid-19, Delc\u00eddio sente cansa\u00e7o e perda de peso e corre para hospital em Campo Grande"},"content":{"rendered":"\n<h4 class=\"wp-block-heading\">Ele alertou que esse v\u00edrus \u2018\u00e9 trai\u00e7oeiro\u2019<\/h4>\n\n\n\n<p>O ex-senador Delc\u00eddio do Amara (PTB) foi para o Hospital da Cassems, em Campo Grande, na noite desta quarta-feira (22). Infectado com a covid-19, ele diz que perdeu peso e sentiu cansa\u00e7o, por isso procurou ajuda.&nbsp;<\/p>\n\n\n\n<p>\u201dEsse v\u00edrus \u00e9 trai\u00e7oeiro. At\u00e9 hoje, com altos e baixos (o tal ioi\u00f4), dei conta de ficar em casa isolado mas o neg\u00f3cio deu uma desandada nos meus exames e sintomas\u201d, escreveu o pol\u00edtico no Facebook.&nbsp;<\/p>\n\n\n\n<p>Delc\u00eddio conta que est\u00e1 no \u201d8\u00ba&nbsp;dia da doen\u00e7a\u201d. Ele \u00e9 defensor do isolamento social e pede que as pessoas fiquem em casa.&nbsp;<\/p>\n\n\n\n<p>\u201dMais do que nunca insisto no que, pra mim, j\u00e1 virou um mantra: FIQUEM EM CASA o m\u00e1ximo que puderem mas se precisarem sair, sempre USEM M\u00c1SCARA e respeitem o DISTANCIAMENTO SOCIAL. At\u00e9 aparecer uma vacina efetiva, n\u00e3o existe outra forma de nos protegermos e aos nossos entes queridos\u201d.<\/p>\n\n\n\n<p>Entramos em contato com a Cassems para obter algum boletim m\u00e9dico, mas at\u00e9 o momento n\u00e3o houve resposta.\u00a0<\/p>\n\n\n\n<p>GritoMS<\/p>\n","protected":false},"excerpt":{"rendered":"<p>Ele alertou que esse v\u00edrus \u2018\u00e9 trai\u00e7oeiro\u2019 O ex-senador Delc\u00eddio do Amara (PTB) foi para o Hospital da Cassems, em Campo Grande, na noite desta quarta-feira (22). Infectado com a covid-19, ele diz que perdeu peso e sentiu cansa\u00e7o, por isso procurou ajuda.&nbsp; \u201dEsse v\u00edrus \u00e9 trai\u00e7oeiro. At\u00e9 hoje, com altos e baixos (o tal [&hellip;]<\/p>\n","protected":false},"author":2,"featured_media":28540,"comment_status":"open","ping_status":"open","sticky":false,"template":"","format":"standard","meta":{"advanced_seo_description":"","jetpack_seo_html_title":"","jetpack_seo_noindex":false,"_jetpack_memberships_contains_paid_content":false,"footnotes":""},"categories":[42],"tags":[],"class_list":{"0":"post-28539","1":"post","2":"type-post","3":"status-publish","4":"format-standard","5":"has-post-thumbnail","7":"category-cidades"},"jetpack_featured_media_url":"https:\/\/www.paranapraia.com.br\/wp-content\/uploads\/2020\/07\/delcidio-750x430-1-750x375-1.jpg","jetpack_sharing_enabled":true,"_links":{"self":[{"href":"https:\/\/www.paranapraia.com.br\/index.php\/wp-json\/wp\/v2\/posts\/28539"}],"collection":[{"href":"https:\/\/www.paranapraia.com.br\/index.php\/wp-json\/wp\/v2\/posts"}],"about":[{"href":"https:\/\/www.paranapraia.com.br\/index.php\/wp-json\/wp\/v2\/types\/post"}],"author":[{"embeddable":true,"href":"https:\/\/www.paranapraia.com.br\/index.php\/wp-json\/wp\/v2\/users\/2"}],"replies":[{"embeddable":true,"href":"https:\/\/www.paranapraia.com.br\/index.php\/wp-json\/wp\/v2\/comments?post=28539"}],"version-history":[{"count":1,"href":"https:\/\/www.paranapraia.com.br\/index.php\/wp-json\/wp\/v2\/posts\/28539\/revisions"}],"predecessor-version":[{"id":28541,"href":"https:\/\/www.paranapraia.com.br\/index.php\/wp-json\/wp\/v2\/posts\/28539\/revisions\/28541"}],"wp:featuredmedia":[{"embeddable":true,"href":"https:\/\/www.paranapraia.com.br\/index.php\/wp-json\/wp\/v2\/media\/28540"}],"wp:attachment":[{"href":"https:\/\/www.paranapraia.com.br\/index.php\/wp-json\/wp\/v2\/media?parent=28539"}],"wp:term":[{"taxonomy":"category","embeddable":true,"href":"https:\/\/www.paranapraia.com.br\/index.php\/wp-json\/wp\/v2\/categories?post=28539"},{"taxonomy":"post_tag","embeddable":true,"href":"https:\/\/www.paranapraia.com.br\/index.php\/wp-json\/wp\/v2\/tags?post=28539"}],"curies":[{"name":"wp","href":"https:\/\/api.w.org\/{rel}","templated":true}]}}