{"id":28432,"date":"2020-07-21T17:45:36","date_gmt":"2020-07-21T20:45:36","guid":{"rendered":"https:\/\/www.paranapraia.com.br\/?p=28432"},"modified":"2020-07-21T18:01:35","modified_gmt":"2020-07-21T21:01:35","slug":"morre-de-covid-19-bernaldina-jose-pedro-simbolo-da-luta-politica-da-etnia-macuxi","status":"publish","type":"post","link":"https:\/\/www.paranapraia.com.br\/index.php\/2020\/07\/21\/morre-de-covid-19-bernaldina-jose-pedro-simbolo-da-luta-politica-da-etnia-macuxi\/","title":{"rendered":"Morre de covid-19 Bernaldina Jos\u00e9 Pedro, s\u00edmbolo da luta pol\u00edtica da etnia macuxi"},"content":{"rendered":"\n<p>A anci\u00e3 ind\u00edgena&nbsp;<strong>V\u00f3 Bernal&nbsp;<\/strong>foi uma das lideran\u00e7as na expuls\u00e3o de&nbsp;grileiros na TI Raposa Serra do Sol, em&nbsp;<strong>Roraima<\/strong>.<br><br>A reportagem \u00e9 de&nbsp;<strong>&nbsp;Pedro Stropasolas<\/strong>, publicada por<strong>&nbsp;Brasil de Fato<\/strong>, 25-06-2020.<\/p>\n\n\n\n<p>A mestra&nbsp;Bernaldina Jos\u00e9 Pedro, uma das anci\u00e3s mais ativas da cultura&nbsp;<strong>Makuxi<\/strong>, morreu na manh\u00e3 desta quarta-feira (24), aos 75 anos, em&nbsp;<strong>Boa Vista<\/strong>, capital de&nbsp;<strong>Roraima<\/strong>, em decorr\u00eancia da covid-19.<\/p>\n\n\n\n<p>H\u00e1 11 dias,&nbsp;V\u00f3 Bernaldina, a&nbsp;<strong>Merin\u00e1<\/strong>, foi removida \u00e0s pressas da&nbsp;<strong>Comunidade do Maturuca<\/strong>, na&nbsp;<strong>Terra Ind\u00edgena Raposa Serra do Sol<\/strong>, para ser atendida no&nbsp;<strong>Hospital Geral de Roraima<\/strong>&nbsp;(<strong>HGR<\/strong>).<\/p>\n\n\n\n<p>Por conta da&nbsp;<strong>superlota\u00e7\u00e3o<\/strong>&nbsp;no&nbsp;<strong>HGR<\/strong>, \u00fanica unidade p\u00fablica de sa\u00fade que atende quadros graves de infectados pelo&nbsp;<strong>v\u00edrus<\/strong>&nbsp;no estado, a anci\u00e3 n\u00e3o vinha recebendo tratamento adequado e esperava por uma transfer\u00eancia para um hospital particular, com apoio de uma campanha solid\u00e1ria organizada por seu filho e artista&nbsp;Jaider Esbell.<\/p>\n\n\n\n<p>\u201cVai meu amorzinho e ficamos c\u00e1 com todos os seus ensinamentos, sobretudo a teimosia em permanecer alegre mesmo quando tudo remete a tristeza e solid\u00e3o. Eu n\u00e3o vou chorar, eu vou ficar sereno e pode tomar meu cora\u00e7\u00e3o para permanecer viva, eternamente no mundo maior das artes onde muito bem se ambientou\u201d, escreveu&nbsp;<strong>Esbell<\/strong>, nas redes sociais, no an\u00fancio da morte da m\u00e3e.<\/p>\n\n\n\n<p>O artista tamb\u00e9m comunica que o apoio virtual continua, e o foco agora \u00e9 dar suporte a&nbsp;<strong>Charles Gabriel&nbsp;<\/strong>e&nbsp;<strong>Renan<\/strong>, filho e neto de&nbsp;<strong>Bernaldina<\/strong>, que estiveram com ela no&nbsp;<strong>HGR<\/strong>&nbsp;e tamb\u00e9m est\u00e3o contaminados pela doen\u00e7a.<\/p>\n\n\n\n<p><strong>Bernaldina<\/strong>, que deixa seis filhos e 15 netos, foi uma das protagonistas da&nbsp;luta ind\u00edgena pela expuls\u00e3o de n\u00e3o \u00edndios e de garimpeiros&nbsp;da&nbsp;<strong>TI Raposa Serra do Sol<\/strong>, homologada pelo ex-presidente&nbsp;<strong>Luiz In\u00e1cio Lula da Silva<\/strong>, em 2005, e com a demarca\u00e7\u00e3o reconhecida pelo&nbsp;<strong>Supremo Tribunal Federal&nbsp;<\/strong>(<strong>STF<\/strong>) anos mais tarde.<\/p>\n\n\n\n<p>No ano passado, a anci\u00e3 esteve pela primeira vez em&nbsp;<strong>S\u00e3o Paulo<\/strong>&nbsp;e participou de um ciclo de encontros para compartilhar a&nbsp;<strong>espiritualidade macuxi<\/strong>, por meio da palavra cantada e da defuma\u00e7\u00e3o do&nbsp;<strong>Maruai<\/strong>. As pr\u00e1ticas s\u00e3o usadas na luta pol\u00edtica da etnia, que vive aos p\u00e9s do&nbsp;<strong>Monte Roraima<\/strong>, fronteira entre&nbsp;<strong>Brasil<\/strong>,&nbsp;<a href=\"http:\/\/www.ihu.unisinos.br\/78-noticias\/582690-brasileiros-e-venezuelanos-uma-cronica-de-odio-e-compaixao\" target=\"_blank\" rel=\"noreferrer noopener\">Venezuela<\/a>&nbsp;e&nbsp;<strong>Guiana<\/strong>.<\/p>\n\n\n\n<p>O&nbsp;<strong>Brasil de Fato&nbsp;<\/strong>entrevistou&nbsp;<strong>Bernardina<\/strong>&nbsp;em sua passagem pela capital paulista e compartilha novamente suas palavras como forma de homenagear seu legado:<\/p>\n\n\n\n<figure class=\"wp-block-embed-youtube wp-block-embed is-type-video is-provider-youtube wp-embed-aspect-16-9 wp-has-aspect-ratio\"><div class=\"wp-block-embed__wrapper\">\n<iframe loading=\"lazy\" title=\"Saberes tradicionais com Bernaldina\" width=\"696\" height=\"392\" src=\"https:\/\/www.youtube.com\/embed\/p5UcwBJelqU?feature=oembed&#038;enablejsapi=1\" frameborder=\"0\" allow=\"accelerometer; autoplay; encrypted-media; gyroscope; picture-in-picture\" allowfullscreen><\/iframe>\n<\/div><\/figure>\n\n\n\n<p>IHU<\/p>\n","protected":false},"excerpt":{"rendered":"<p>A anci\u00e3 ind\u00edgena&nbsp;V\u00f3 Bernal&nbsp;foi uma das lideran\u00e7as na expuls\u00e3o de&nbsp;grileiros na TI Raposa Serra do Sol, em&nbsp;Roraima. A reportagem \u00e9 de&nbsp;&nbsp;Pedro Stropasolas, publicada por&nbsp;Brasil de Fato, 25-06-2020. A mestra&nbsp;Bernaldina Jos\u00e9 Pedro, uma das anci\u00e3s mais ativas da cultura&nbsp;Makuxi, morreu na manh\u00e3 desta quarta-feira (24), aos 75 anos, em&nbsp;Boa Vista, capital de&nbsp;Roraima, em decorr\u00eancia da covid-19. [&hellip;]<\/p>\n","protected":false},"author":2,"featured_media":28433,"comment_status":"open","ping_status":"open","sticky":false,"template":"","format":"standard","meta":{"advanced_seo_description":"","jetpack_seo_html_title":"","jetpack_seo_noindex":false,"_jetpack_memberships_contains_paid_content":false,"footnotes":""},"categories":[107],"tags":[],"class_list":{"0":"post-28432","1":"post","2":"type-post","3":"status-publish","4":"format-standard","5":"has-post-thumbnail","7":"category-covid-19"},"jetpack_featured_media_url":"https:\/\/www.paranapraia.com.br\/wp-content\/uploads\/2020\/07\/unnamed-1.jpg","jetpack_sharing_enabled":true,"_links":{"self":[{"href":"https:\/\/www.paranapraia.com.br\/index.php\/wp-json\/wp\/v2\/posts\/28432"}],"collection":[{"href":"https:\/\/www.paranapraia.com.br\/index.php\/wp-json\/wp\/v2\/posts"}],"about":[{"href":"https:\/\/www.paranapraia.com.br\/index.php\/wp-json\/wp\/v2\/types\/post"}],"author":[{"embeddable":true,"href":"https:\/\/www.paranapraia.com.br\/index.php\/wp-json\/wp\/v2\/users\/2"}],"replies":[{"embeddable":true,"href":"https:\/\/www.paranapraia.com.br\/index.php\/wp-json\/wp\/v2\/comments?post=28432"}],"version-history":[{"count":2,"href":"https:\/\/www.paranapraia.com.br\/index.php\/wp-json\/wp\/v2\/posts\/28432\/revisions"}],"predecessor-version":[{"id":28448,"href":"https:\/\/www.paranapraia.com.br\/index.php\/wp-json\/wp\/v2\/posts\/28432\/revisions\/28448"}],"wp:featuredmedia":[{"embeddable":true,"href":"https:\/\/www.paranapraia.com.br\/index.php\/wp-json\/wp\/v2\/media\/28433"}],"wp:attachment":[{"href":"https:\/\/www.paranapraia.com.br\/index.php\/wp-json\/wp\/v2\/media?parent=28432"}],"wp:term":[{"taxonomy":"category","embeddable":true,"href":"https:\/\/www.paranapraia.com.br\/index.php\/wp-json\/wp\/v2\/categories?post=28432"},{"taxonomy":"post_tag","embeddable":true,"href":"https:\/\/www.paranapraia.com.br\/index.php\/wp-json\/wp\/v2\/tags?post=28432"}],"curies":[{"name":"wp","href":"https:\/\/api.w.org\/{rel}","templated":true}]}}