{"id":27932,"date":"2020-07-01T21:11:38","date_gmt":"2020-07-02T00:11:38","guid":{"rendered":"https:\/\/www.paranapraia.com.br\/?p=27932"},"modified":"2020-07-01T21:11:40","modified_gmt":"2020-07-02T00:11:40","slug":"curitiba-ainda-tem-27-mil-casas-sem-energia-eletrica-por-conta-de-estragos-do-temporal","status":"publish","type":"post","link":"https:\/\/www.paranapraia.com.br\/index.php\/2020\/07\/01\/curitiba-ainda-tem-27-mil-casas-sem-energia-eletrica-por-conta-de-estragos-do-temporal\/","title":{"rendered":"Curitiba ainda tem 27 mil casas sem energia el\u00e9trica por conta de estragos do temporal"},"content":{"rendered":"\n<h4 class=\"wp-block-heading\">\u00c9 o pior evento clim\u00e1tico j\u00e1 enfrentado pela Companhia em rela\u00e7\u00e3o aos danos na rede<\/h4>\n\n\n\n<p>As equipes da Copel seguem em atendimento dos estragos provocados pelo temporal e pelos fortes ventos da \u00faltima ter\u00e7a-feira (30). Curitiba continua com 27 mil unidades consumidoras sem energia.<\/p>\n\n\n\n<p>\u00c9 o pior evento clim\u00e1tico j\u00e1 enfrentado pela Companhia em rela\u00e7\u00e3o aos danos na rede. Na Regi\u00e3o Metropolitana de Curitiba, os munic\u00edpios mais atingidos s\u00e3o Campo do Tenente (3 mil), Mandirituba (7,5 mil), Quitandinha (7,6 mil) e Rio Negro (1,4 mil). S\u00e3o Jos\u00e9 dos Pinhais est\u00e1 com 12,4 mil desligamentos.<\/p>\n\n\n\n<p>No Paran\u00e1, 217 mil unidades consumidoras continuam sem energia \u2013 no total, 1,6 milh\u00e3o de unidades consumidoras foram alternadamente afetadas no Estado no \u00faltimo dia (33% do total de unidades consumidoras atendidas pela Copel). As regi\u00f5es mais afetadas s\u00e3o Leste (118 mil), Centro-Sul (46 mil) e Oeste (39 mil).<\/p>\n\n\n\n<h2 class=\"wp-block-heading\">Estragos<\/h2>\n\n\n\n<p>A interrup\u00e7\u00e3o no fornecimento de energia foi causada principalmente por queda de \u00e1rvores ou outros objetos na rede, al\u00e9m dos ventos e raios. Muitas dessas situa\u00e7\u00f5es demandam servi\u00e7os complexos de manuten\u00e7\u00e3o, ou at\u00e9 mesmo a reconstru\u00e7\u00e3o de parte da rede el\u00e9trica. A previs\u00e3o de religa\u00e7\u00e3o varia caso a caso, de acordo com a dimens\u00e3o das avarias provocadas pelo temporal na localidade em quest\u00e3o e do tipo de manuten\u00e7\u00e3o requerida.<\/p>\n\n\n\n<p>A Copel alerta que, em situa\u00e7\u00f5es com postes quebrados ou fios rompidos, \u00e9 importante manter uma dist\u00e2ncia segura. Os desligamentos em circuitos de m\u00e9dia tens\u00e3o, que s\u00e3o os de maior extens\u00e3o, s\u00e3o automaticamente identificados pela Companhia. J\u00e1 a falta de luz em trechos menores e situa\u00e7\u00f5es de risco devem ser comunicadas pelo cliente. A comunica\u00e7\u00e3o de falta de luz pode ser feita pelo aplicativo para celulares, ou enviando um SMS para o n\u00famero 28593, com as letras \u201cSL\u201d e o n\u00famero da unidade consumidora.<\/p>\n\n\n\n<p>BandaB<\/p>\n","protected":false},"excerpt":{"rendered":"<p>\u00c9 o pior evento clim\u00e1tico j\u00e1 enfrentado pela Companhia em rela\u00e7\u00e3o aos danos na rede As equipes da Copel seguem em atendimento dos estragos provocados pelo temporal e pelos fortes ventos da \u00faltima ter\u00e7a-feira (30). Curitiba continua com 27 mil unidades consumidoras sem energia. \u00c9 o pior evento clim\u00e1tico j\u00e1 enfrentado pela Companhia em rela\u00e7\u00e3o [&hellip;]<\/p>\n","protected":false},"author":2,"featured_media":27933,"comment_status":"open","ping_status":"open","sticky":false,"template":"","format":"standard","meta":{"advanced_seo_description":"","jetpack_seo_html_title":"","jetpack_seo_noindex":false,"_jetpack_memberships_contains_paid_content":false,"footnotes":""},"categories":[42,71],"tags":[],"class_list":{"0":"post-27932","1":"post","2":"type-post","3":"status-publish","4":"format-standard","5":"has-post-thumbnail","7":"category-cidades","8":"category-curitiba"},"jetpack_featured_media_url":"https:\/\/www.paranapraia.com.br\/wp-content\/uploads\/2020\/07\/WhatsApp-Image-2020-06-30-at-19.12.00-768x494-1.jpeg","jetpack_sharing_enabled":true,"_links":{"self":[{"href":"https:\/\/www.paranapraia.com.br\/index.php\/wp-json\/wp\/v2\/posts\/27932"}],"collection":[{"href":"https:\/\/www.paranapraia.com.br\/index.php\/wp-json\/wp\/v2\/posts"}],"about":[{"href":"https:\/\/www.paranapraia.com.br\/index.php\/wp-json\/wp\/v2\/types\/post"}],"author":[{"embeddable":true,"href":"https:\/\/www.paranapraia.com.br\/index.php\/wp-json\/wp\/v2\/users\/2"}],"replies":[{"embeddable":true,"href":"https:\/\/www.paranapraia.com.br\/index.php\/wp-json\/wp\/v2\/comments?post=27932"}],"version-history":[{"count":1,"href":"https:\/\/www.paranapraia.com.br\/index.php\/wp-json\/wp\/v2\/posts\/27932\/revisions"}],"predecessor-version":[{"id":27934,"href":"https:\/\/www.paranapraia.com.br\/index.php\/wp-json\/wp\/v2\/posts\/27932\/revisions\/27934"}],"wp:featuredmedia":[{"embeddable":true,"href":"https:\/\/www.paranapraia.com.br\/index.php\/wp-json\/wp\/v2\/media\/27933"}],"wp:attachment":[{"href":"https:\/\/www.paranapraia.com.br\/index.php\/wp-json\/wp\/v2\/media?parent=27932"}],"wp:term":[{"taxonomy":"category","embeddable":true,"href":"https:\/\/www.paranapraia.com.br\/index.php\/wp-json\/wp\/v2\/categories?post=27932"},{"taxonomy":"post_tag","embeddable":true,"href":"https:\/\/www.paranapraia.com.br\/index.php\/wp-json\/wp\/v2\/tags?post=27932"}],"curies":[{"name":"wp","href":"https:\/\/api.w.org\/{rel}","templated":true}]}}