{"id":27929,"date":"2020-07-01T21:07:12","date_gmt":"2020-07-02T00:07:12","guid":{"rendered":"https:\/\/www.paranapraia.com.br\/?p=27929"},"modified":"2020-07-01T21:07:15","modified_gmt":"2020-07-02T00:07:15","slug":"covid-19-estava-em-espanha-nove-meses-antes-de-aparecer-na-china","status":"publish","type":"post","link":"https:\/\/www.paranapraia.com.br\/index.php\/2020\/07\/01\/covid-19-estava-em-espanha-nove-meses-antes-de-aparecer-na-china\/","title":{"rendered":"Covid-19 estava em Espanha nove meses antes de aparecer na China"},"content":{"rendered":"\n<h4 class=\"wp-block-heading\">Virologistas espanh\u00f3is detetaram a presen\u00e7a do novo coronav\u00edrus numa amostra colhida dos esgotos de Barcelona em mar\u00e7o de 2019, nove meses antes de a doen\u00e7a da Covid-19 ter sido identificada na China<\/h4>\n\n\n\n<p>A descoberta da presen\u00e7a do genoma do v\u00edrus t\u00e3o cedo em Espanha, se confirmada, implicaria que a doen\u00e7a apareceu muito antes do que pensava a comunidade cient\u00edfica. O estudo espanhol foi anunciado na sexta-feira pela Universidade de Barcelona, noticiou a\u00a0Reuters.<\/p>\n\n\n\n<p>A Universidade de Barcelona, que tem estado a testar as \u00e1guas residuais desde meados de abril para identificar potenciais novos surtos de coronav\u00edrus, decidiu fazer testes a amostras antigas dos esgotos e foi assim que chegou \u00e0 impressionante descoberta.<\/p>\n\n\n\n<p>Quando fizeram testes \u00e0s amostras colhidas entre janeiro de 2018 e dezembro de 2019, identificaram a presen\u00e7a do genoma do v\u00edrus numa delas, que fora colhida a 12 de mar\u00e7o de 2019.<\/p>\n\n\n\n<p>\u201cOs n\u00edveis de SARS-CoV-2 eram baixos mas positivos\u201d, afirmou o l\u00edder da investiga\u00e7\u00e3o, o cientista Albert Bosch.<\/p>\n\n\n\n<p>Joan Ramon Villalbi, da Sociedade Espanhola para a Sa\u00fade P\u00fablica e Administra\u00e7\u00e3o Sanit\u00e1ria, adiantou \u00e0 Reuters que ainda \u00e9 cedo para tirar conclus\u00f5es definitivas: \u201cQuando s\u00f3 temos um resultado, temos de ter mais dados, mais estudos, mais amostras para o confirmar e afastar a hip\u00f3tese de um erro de laborat\u00f3rio ou problema metodol\u00f3gico\u201d.<\/p>\n\n\n\n<p>plataformamedia<\/p>\n","protected":false},"excerpt":{"rendered":"<p>Virologistas espanh\u00f3is detetaram a presen\u00e7a do novo coronav\u00edrus numa amostra colhida dos esgotos de Barcelona em mar\u00e7o de 2019, nove meses antes de a doen\u00e7a da Covid-19 ter sido identificada na China A descoberta da presen\u00e7a do genoma do v\u00edrus t\u00e3o cedo em Espanha, se confirmada, implicaria que a doen\u00e7a apareceu muito antes do que [&hellip;]<\/p>\n","protected":false},"author":2,"featured_media":27415,"comment_status":"open","ping_status":"open","sticky":false,"template":"","format":"standard","meta":{"advanced_seo_description":"","jetpack_seo_html_title":"","jetpack_seo_noindex":false,"_jetpack_memberships_contains_paid_content":false,"footnotes":""},"categories":[98,55],"tags":[],"class_list":{"0":"post-27929","1":"post","2":"type-post","3":"status-publish","4":"format-standard","5":"has-post-thumbnail","7":"category-covid19","8":"category-curiosidades"},"jetpack_featured_media_url":"https:\/\/www.paranapraia.com.br\/wp-content\/uploads\/2020\/05\/oito-casos-de-coronavirus-estao-confirmados-no-brasil-201408.jpg","jetpack_sharing_enabled":true,"_links":{"self":[{"href":"https:\/\/www.paranapraia.com.br\/index.php\/wp-json\/wp\/v2\/posts\/27929"}],"collection":[{"href":"https:\/\/www.paranapraia.com.br\/index.php\/wp-json\/wp\/v2\/posts"}],"about":[{"href":"https:\/\/www.paranapraia.com.br\/index.php\/wp-json\/wp\/v2\/types\/post"}],"author":[{"embeddable":true,"href":"https:\/\/www.paranapraia.com.br\/index.php\/wp-json\/wp\/v2\/users\/2"}],"replies":[{"embeddable":true,"href":"https:\/\/www.paranapraia.com.br\/index.php\/wp-json\/wp\/v2\/comments?post=27929"}],"version-history":[{"count":1,"href":"https:\/\/www.paranapraia.com.br\/index.php\/wp-json\/wp\/v2\/posts\/27929\/revisions"}],"predecessor-version":[{"id":27931,"href":"https:\/\/www.paranapraia.com.br\/index.php\/wp-json\/wp\/v2\/posts\/27929\/revisions\/27931"}],"wp:featuredmedia":[{"embeddable":true,"href":"https:\/\/www.paranapraia.com.br\/index.php\/wp-json\/wp\/v2\/media\/27415"}],"wp:attachment":[{"href":"https:\/\/www.paranapraia.com.br\/index.php\/wp-json\/wp\/v2\/media?parent=27929"}],"wp:term":[{"taxonomy":"category","embeddable":true,"href":"https:\/\/www.paranapraia.com.br\/index.php\/wp-json\/wp\/v2\/categories?post=27929"},{"taxonomy":"post_tag","embeddable":true,"href":"https:\/\/www.paranapraia.com.br\/index.php\/wp-json\/wp\/v2\/tags?post=27929"}],"curies":[{"name":"wp","href":"https:\/\/api.w.org\/{rel}","templated":true}]}}