{"id":27924,"date":"2020-07-01T21:00:40","date_gmt":"2020-07-02T00:00:40","guid":{"rendered":"https:\/\/www.paranapraia.com.br\/?p=27924"},"modified":"2020-07-01T21:15:13","modified_gmt":"2020-07-02T00:15:13","slug":"mdb-e-avante-se-organizam-para-as-eleicoes-de-2020-em-pontal-do-parana","status":"publish","type":"post","link":"https:\/\/www.paranapraia.com.br\/index.php\/2020\/07\/01\/mdb-e-avante-se-organizam-para-as-eleicoes-de-2020-em-pontal-do-parana\/","title":{"rendered":"MDB e AVANTE se organizam para as elei\u00e7\u00f5es de 2020 em Pontal do Paran\u00e1"},"content":{"rendered":"\n<p> O MDB &#8211; Movimento Democr\u00e1tico Brasileiro (15) e o AVANTE (70) se preparam para disputar as elei\u00e7\u00f5es de 2020 em Pontal do Paran\u00e1.<\/p>\n\n\n\n<figure class=\"wp-block-image size-large\"><img loading=\"lazy\" decoding=\"async\" width=\"400\" height=\"400\" src=\"https:\/\/www.paranapraia.com.br\/wp-content\/uploads\/2020\/06\/Mar\u00e9.-2.gif\" alt=\"\" class=\"wp-image-27702\"\/><\/figure>\n\n\n\n<p>Por meio de reuni\u00f5es com n\u00famero de pessoas reduzido, utilizando m\u00e1scara e \u00e1lcool gel (devido a Covid-19) e grupos de WhatsApp, os dois grupos de pr\u00e9-candidatos se comunicam e trocam informa\u00e7\u00f5es, especialmente na parte jur\u00eddica, que \u00e9 de fundamental import\u00e2ncia nesse momento pois a falta de documentos podem definir a cassa\u00e7\u00e3o de uma candidatura.<\/p>\n\n\n\n<p><br>Os dois grupos entendem que esse \u00e9 o momento de mudan\u00e7a e que o pr\u00e9-candidato Rud\u00e3o Gimenes \u00e9 o mais preparado para administrar a cidade. As reuni\u00f5es do Avante contaram com a presen\u00e7a da presidente estadual do partido Marisa Lobo.\u00a0<\/p>\n\n\n\n<figure class=\"wp-block-image size-large\"><img loading=\"lazy\" decoding=\"async\" width=\"768\" height=\"1024\" src=\"https:\/\/www.paranapraia.com.br\/wp-content\/uploads\/2020\/07\/1ebe897a-6fbf-4c8e-86d9-825dc96641f3-768x1024.jpg\" alt=\"\" class=\"wp-image-27927\" srcset=\"https:\/\/www.paranapraia.com.br\/wp-content\/uploads\/2020\/07\/1ebe897a-6fbf-4c8e-86d9-825dc96641f3-768x1024.jpg 768w, https:\/\/www.paranapraia.com.br\/wp-content\/uploads\/2020\/07\/1ebe897a-6fbf-4c8e-86d9-825dc96641f3-225x300.jpg 225w, https:\/\/www.paranapraia.com.br\/wp-content\/uploads\/2020\/07\/1ebe897a-6fbf-4c8e-86d9-825dc96641f3-696x928.jpg 696w, https:\/\/www.paranapraia.com.br\/wp-content\/uploads\/2020\/07\/1ebe897a-6fbf-4c8e-86d9-825dc96641f3-315x420.jpg 315w, https:\/\/www.paranapraia.com.br\/wp-content\/uploads\/2020\/07\/1ebe897a-6fbf-4c8e-86d9-825dc96641f3.jpg 960w\" sizes=\"(max-width: 768px) 100vw, 768px\" \/><\/figure>\n\n\n\n<p><br>A presidente do MDB de Pontal do Paran\u00e1, Cida Gimenes, disse que Rud\u00e3o se preparou para postular esse cargo e Pontal ter\u00e1 uma vis\u00e3o jovem e arrojada.<\/p>\n\n\n\n<figure class=\"wp-block-image size-large\"><img loading=\"lazy\" decoding=\"async\" width=\"1024\" height=\"646\" src=\"https:\/\/www.paranapraia.com.br\/wp-content\/uploads\/2020\/07\/IMG_9591-1024x646.jpg\" alt=\"\" class=\"wp-image-27937\" srcset=\"https:\/\/www.paranapraia.com.br\/wp-content\/uploads\/2020\/07\/IMG_9591-1024x646.jpg 1024w, https:\/\/www.paranapraia.com.br\/wp-content\/uploads\/2020\/07\/IMG_9591-300x189.jpg 300w, https:\/\/www.paranapraia.com.br\/wp-content\/uploads\/2020\/07\/IMG_9591-768x484.jpg 768w, https:\/\/www.paranapraia.com.br\/wp-content\/uploads\/2020\/07\/IMG_9591-696x439.jpg 696w, https:\/\/www.paranapraia.com.br\/wp-content\/uploads\/2020\/07\/IMG_9591-1068x674.jpg 1068w, https:\/\/www.paranapraia.com.br\/wp-content\/uploads\/2020\/07\/IMG_9591-666x420.jpg 666w, https:\/\/www.paranapraia.com.br\/wp-content\/uploads\/2020\/07\/IMG_9591.jpg 1246w\" sizes=\"(max-width: 1024px) 100vw, 1024px\" \/><\/figure>\n\n\n\n<p><br>\u201cVamos juntos a comunidade de porta em porta levando o nome do Rud\u00e3o, um garoto que cresceu na cidade, se preparou, tem a for\u00e7a da mudan\u00e7a que o jovem precisa, se formou advogado, na juventude acompanhou o pai em muitas decis\u00f5es pol\u00edticas de Pontal, serviu o ex\u00e9rcito e tem um imenso amor pela sua p\u00e1tria, pela sua cidade e pelo seu Estado\u201d, afirmou Cida Gimenes.<br>O presidente do AVANTE, Odalbor Ferreira Alves, empres\u00e1rio e professor universit\u00e1rio, explicou porque o AVANTE decidiu se unir ao projeto junto com o MDB.&nbsp;<\/p>\n\n\n\n<p><br>\u201cO nome do nosso partido j\u00e1 se identifica muito para o rumo que nosso munic\u00edpio sem d\u00favida alguma ter\u00e1 com este apoio ao pr\u00e9-candidato Rud\u00e3o, jovem cheio de ideias desenvolvimentistas e muito pr\u00f3prias para um munic\u00edpio que tem em seu nome a grandeza de ser o Pontal de nosso Estado, e para gerir os nossos destinos s\u00f3 um jovem comprometido desde o seu nascimento com este ch\u00e3o, que com sua lideran\u00e7a, estar\u00e1 sempre a frente de todas as expectativas\u201d, completou Odalbor.<\/p>\n\n\n\n<figure class=\"wp-block-image size-large\"><img loading=\"lazy\" decoding=\"async\" width=\"1024\" height=\"768\" src=\"https:\/\/www.paranapraia.com.br\/wp-content\/uploads\/2020\/07\/0b141926-3370-46fd-8c3f-3edbdf67d9c8-1024x768.jpg\" alt=\"\" class=\"wp-image-27926\" srcset=\"https:\/\/www.paranapraia.com.br\/wp-content\/uploads\/2020\/07\/0b141926-3370-46fd-8c3f-3edbdf67d9c8-1024x768.jpg 1024w, https:\/\/www.paranapraia.com.br\/wp-content\/uploads\/2020\/07\/0b141926-3370-46fd-8c3f-3edbdf67d9c8-300x225.jpg 300w, https:\/\/www.paranapraia.com.br\/wp-content\/uploads\/2020\/07\/0b141926-3370-46fd-8c3f-3edbdf67d9c8-768x576.jpg 768w, https:\/\/www.paranapraia.com.br\/wp-content\/uploads\/2020\/07\/0b141926-3370-46fd-8c3f-3edbdf67d9c8-80x60.jpg 80w, https:\/\/www.paranapraia.com.br\/wp-content\/uploads\/2020\/07\/0b141926-3370-46fd-8c3f-3edbdf67d9c8-265x198.jpg 265w, https:\/\/www.paranapraia.com.br\/wp-content\/uploads\/2020\/07\/0b141926-3370-46fd-8c3f-3edbdf67d9c8-696x522.jpg 696w, https:\/\/www.paranapraia.com.br\/wp-content\/uploads\/2020\/07\/0b141926-3370-46fd-8c3f-3edbdf67d9c8-1068x801.jpg 1068w, https:\/\/www.paranapraia.com.br\/wp-content\/uploads\/2020\/07\/0b141926-3370-46fd-8c3f-3edbdf67d9c8-560x420.jpg 560w, https:\/\/www.paranapraia.com.br\/wp-content\/uploads\/2020\/07\/0b141926-3370-46fd-8c3f-3edbdf67d9c8.jpg 1280w\" sizes=\"(max-width: 1024px) 100vw, 1024px\" \/><\/figure>\n\n\n\n<p><br>Os pr\u00e9-candidatos a vereador pelo MDB 15 s\u00e3o: Cl\u00e1udio Do Guaragua\u00e7u, Danilea Henrique Da Silva, Barriga, Jociane Cristina Fernandes, Jose Augusto Rodrigues, Jhony Bigoo, Laine, Marcia Mores, M\u00e1rcio Da Veiga, Professora Patr\u00edcia, Nega, Sans\u00e3o Mariano Da Silva, Sene, Thomas M\u00e3o Amiga, Valter Fernandes Da Silva E Willian Pereira.<\/p>\n\n\n\n<p><br>Os pr\u00e9-candidatos a vereador pelo Avante 70 s\u00e3o: Ademilson Cabeleireiro, &nbsp;Albor Neto da \u00d3tica, \u00c1lvaro Becker, Ant\u00f4nio da Pousada, Dra. Carla, Eleonai PVCERCA, F\u00e1tima da Feira da Lua, Gilmar Bombeiro, Jo\u00e3o do Aipim, Ga\u00facho do Bail\u00e3o, Dominguinhos, J\u00falio Cesar Grendel, Marcia Regina Da Luz, Marinho da Farm\u00e1cia, &nbsp;Maurilio Castioni, Natalie Facco, Osvaldo do Taxi, Ot\u00e1vio do L\u00e9o, Wilson Correa Gon\u00e7alves, Paulo Roberto e Nina. <\/p>\n\n\n\n<p>Assessoria<\/p>\n","protected":false},"excerpt":{"rendered":"<p>O MDB &#8211; Movimento Democr\u00e1tico Brasileiro (15) e o AVANTE (70) se preparam para disputar as elei\u00e7\u00f5es de 2020 em Pontal do Paran\u00e1. Por meio de reuni\u00f5es com n\u00famero de pessoas reduzido, utilizando m\u00e1scara e \u00e1lcool gel (devido a Covid-19) e grupos de WhatsApp, os dois grupos de pr\u00e9-candidatos se comunicam e trocam informa\u00e7\u00f5es, especialmente [&hellip;]<\/p>\n","protected":false},"author":2,"featured_media":27925,"comment_status":"open","ping_status":"open","sticky":false,"template":"","format":"standard","meta":{"advanced_seo_description":"","jetpack_seo_html_title":"","jetpack_seo_noindex":false,"_jetpack_memberships_contains_paid_content":false,"footnotes":""},"categories":[40],"tags":[],"class_list":{"0":"post-27924","1":"post","2":"type-post","3":"status-publish","4":"format-standard","5":"has-post-thumbnail","7":"category-destaques"},"jetpack_featured_media_url":"https:\/\/www.paranapraia.com.br\/wp-content\/uploads\/2020\/07\/0664cb8e-55c4-427c-b6b7-48336f488234.jpg","jetpack_sharing_enabled":true,"_links":{"self":[{"href":"https:\/\/www.paranapraia.com.br\/index.php\/wp-json\/wp\/v2\/posts\/27924"}],"collection":[{"href":"https:\/\/www.paranapraia.com.br\/index.php\/wp-json\/wp\/v2\/posts"}],"about":[{"href":"https:\/\/www.paranapraia.com.br\/index.php\/wp-json\/wp\/v2\/types\/post"}],"author":[{"embeddable":true,"href":"https:\/\/www.paranapraia.com.br\/index.php\/wp-json\/wp\/v2\/users\/2"}],"replies":[{"embeddable":true,"href":"https:\/\/www.paranapraia.com.br\/index.php\/wp-json\/wp\/v2\/comments?post=27924"}],"version-history":[{"count":3,"href":"https:\/\/www.paranapraia.com.br\/index.php\/wp-json\/wp\/v2\/posts\/27924\/revisions"}],"predecessor-version":[{"id":27938,"href":"https:\/\/www.paranapraia.com.br\/index.php\/wp-json\/wp\/v2\/posts\/27924\/revisions\/27938"}],"wp:featuredmedia":[{"embeddable":true,"href":"https:\/\/www.paranapraia.com.br\/index.php\/wp-json\/wp\/v2\/media\/27925"}],"wp:attachment":[{"href":"https:\/\/www.paranapraia.com.br\/index.php\/wp-json\/wp\/v2\/media?parent=27924"}],"wp:term":[{"taxonomy":"category","embeddable":true,"href":"https:\/\/www.paranapraia.com.br\/index.php\/wp-json\/wp\/v2\/categories?post=27924"},{"taxonomy":"post_tag","embeddable":true,"href":"https:\/\/www.paranapraia.com.br\/index.php\/wp-json\/wp\/v2\/tags?post=27924"}],"curies":[{"name":"wp","href":"https:\/\/api.w.org\/{rel}","templated":true}]}}