{"id":27921,"date":"2020-07-01T20:53:27","date_gmt":"2020-07-01T23:53:27","guid":{"rendered":"https:\/\/www.paranapraia.com.br\/?p=27921"},"modified":"2020-07-01T20:53:31","modified_gmt":"2020-07-01T23:53:31","slug":"novo-decreto-atualiza-normas-validas-para-as-sete-regionais-da-saude","status":"publish","type":"post","link":"https:\/\/www.paranapraia.com.br\/index.php\/2020\/07\/01\/novo-decreto-atualiza-normas-validas-para-as-sete-regionais-da-saude\/","title":{"rendered":"Novo decreto atualiza normas v\u00e1lidas para as sete regionais da Sa\u00fade"},"content":{"rendered":"\n<p>O Governo do Estado emitiu nesta quarta-feira (1\u00ba) um decreto (4951\/20) para atualizar termos do decreto 4942\/20, que trata de medidas mais restritivas para conter o avan\u00e7o da Covid-19 em sete regionais de Sa\u00fade: Cascavel, Cianorte, Corn\u00e9lio Proc\u00f3pio, Regi\u00e3o Metropolitana de Curitiba, Londrina, Foz do Igua\u00e7u e Toledo. As medidas devem ser adotadas em 134 munic\u00edpios do Paran\u00e1.<\/p>\n\n\n\n<p>A principal mudan\u00e7a \u00e9 em rela\u00e7\u00e3o ao transporte p\u00fablico. O sistema dever\u00e1 atender com prioridade os passageiros que trabalhem em servi\u00e7os considerados essenciais, e com at\u00e9 65% de capacidade das 5 horas \u00e0s 8 horas e das 15h30 \u00e0s 19h30 (hor\u00e1rios de pico), e at\u00e9 55% da capacidade nos demais per\u00edodos do dia.<\/p>\n\n\n\n<p>As outras duas mudan\u00e7as s\u00e3o a retirada das feiras livres da lista atividades suspensas e uma nova reda\u00e7\u00e3o para o funcionamento das lojas conveni\u00eancias dos postos de combust\u00edveis, que poder\u00e3o abrir normalmente, dentro dos munic\u00edpios e nas rodovias, mas sem a comercializa\u00e7\u00e3o de bebidas alco\u00f3licas.<\/p>\n\n\n\n<p>Todas as outras normas continuam valendo at\u00e9 pr\u00f3ximo dia 15 de julho. Entre elas est\u00e3o a suspens\u00e3o das atividades n\u00e3o essenciais.<\/p>\n\n\n\n<p>O c\u00e1lculo epidemiol\u00f3gico para essas sete regionais de Sa\u00fade levou em considera\u00e7\u00e3o a taxa de incid\u00eancia por 100 mil habitantes, o n\u00famero de mortes pela mesma faixa populacional e a ocupa\u00e7\u00e3o de leitos de UTI nas quatro macrorregionais de Sa\u00fade (Leste, Oeste, Norte e Noroeste).<\/p>\n\n\n\n<p><strong>Tira d\u00favidas sobre o Decreto 4.942\/20:<\/strong><\/p>\n\n\n\n<p>Funcionamento de panificadoras\/frutarias\/mercearias:<\/p>\n\n\n\n<p>Devem se adequar \u00e0s mesmas regras dos supermercados. Funcionamento das 7h \u00e0s 21 horas, de segunda a s\u00e1bado, e fechamento aos domingos. Podem operar com apenas 30% do fluxo de clientes e ter\u00e3o que impedir a entrada de crian\u00e7as menores de 12 anos.<\/p>\n\n\n\n<p><strong>Funcionamento de lojas de material de constru\u00e7\u00e3o:<\/strong><\/p>\n\n\n\n<p>Est\u00e3o integradas ao setor de constru\u00e7\u00e3o civil, que \u00e9 atividade essencial.<\/p>\n\n\n\n<p><strong>Funcionamento de pet shops:<\/strong><\/p>\n\n\n\n<p>Podem funcionar as cl\u00ednicas de assist\u00eancia veterin\u00e1ria e aquelas especializadas em produ\u00e7\u00e3o, distribui\u00e7\u00e3o e comercializa\u00e7\u00e3o de medicamentos para uso veterin\u00e1rio.<\/p>\n\n\n\n<p><strong>Funcionado de oficinas e lojas de autope\u00e7as:<\/strong><\/p>\n\n\n\n<p>Servi\u00e7os de manuten\u00e7\u00e3o, assist\u00eancia e comercializa\u00e7\u00e3o de pe\u00e7as de ve\u00edculo automotor terrestre ou bicicleta s\u00e3o considerados essenciais.<\/p>\n\n\n\n<p><strong>Funcionamento de distribuidoras de bebidas:<\/strong><\/p>\n\n\n\n<p>Devem fechar.<\/p>\n\n\n\n<p><strong>A interrup\u00e7\u00e3o de cirurgias eletivas:<\/strong><\/p>\n\n\n\n<p>Vale para todos os munic\u00edpios do Estado e abrange as redes p\u00fablica e privada. O disposto n\u00e3o se aplica a interven\u00e7\u00f5es cardiol\u00f3gicas, oncol\u00f3gicas e nefrol\u00f3gicas, al\u00e9m de exames considerados essenciais por prescri\u00e7\u00e3o m\u00e9dica. A medida leva em considera\u00e7\u00e3o a necessidade de equilibrar o uso de analg\u00e9sicos e relaxantes musculares.<\/p>\n\n\n\n<p><strong>Fiscaliza\u00e7\u00e3o:<\/strong><\/p>\n\n\n\n<p>A fiscaliza\u00e7\u00e3o ser\u00e1 realizada pela Secretaria de Seguran\u00e7a P\u00fablica, em parceria com as guardas municipais e outras secretarias designadas pelas prefeituras. Haver\u00e1 multas para infratores, de R$ 106,60 (uma Unidade Padr\u00e3o Fiscal do Paran\u00e1) a R$ 533,00 para pessoas f\u00edsicas; e entre R$ 2.132,00 a R$ 10.660,00 para pessoas jur\u00eddicas. O valor poder\u00e1 ser dobrado em caso de reincid\u00eancia.<\/p>\n\n\n\n<p>Assessoria<\/p>\n","protected":false},"excerpt":{"rendered":"<p>O Governo do Estado emitiu nesta quarta-feira (1\u00ba) um decreto (4951\/20) para atualizar termos do decreto 4942\/20, que trata de medidas mais restritivas para conter o avan\u00e7o da Covid-19 em sete regionais de Sa\u00fade: Cascavel, Cianorte, Corn\u00e9lio Proc\u00f3pio, Regi\u00e3o Metropolitana de Curitiba, Londrina, Foz do Igua\u00e7u e Toledo. As medidas devem ser adotadas em 134 [&hellip;]<\/p>\n","protected":false},"author":2,"featured_media":27922,"comment_status":"open","ping_status":"open","sticky":false,"template":"","format":"standard","meta":{"advanced_seo_description":"","jetpack_seo_html_title":"","jetpack_seo_noindex":false,"_jetpack_memberships_contains_paid_content":false,"footnotes":""},"categories":[40,50],"tags":[],"class_list":{"0":"post-27921","1":"post","2":"type-post","3":"status-publish","4":"format-standard","5":"has-post-thumbnail","7":"category-destaques","8":"category-saude"},"jetpack_featured_media_url":"https:\/\/www.paranapraia.com.br\/wp-content\/uploads\/2020\/07\/normal_E26445F6C7188A87430DBD1F6BFB74A7.jpg","jetpack_sharing_enabled":true,"_links":{"self":[{"href":"https:\/\/www.paranapraia.com.br\/index.php\/wp-json\/wp\/v2\/posts\/27921"}],"collection":[{"href":"https:\/\/www.paranapraia.com.br\/index.php\/wp-json\/wp\/v2\/posts"}],"about":[{"href":"https:\/\/www.paranapraia.com.br\/index.php\/wp-json\/wp\/v2\/types\/post"}],"author":[{"embeddable":true,"href":"https:\/\/www.paranapraia.com.br\/index.php\/wp-json\/wp\/v2\/users\/2"}],"replies":[{"embeddable":true,"href":"https:\/\/www.paranapraia.com.br\/index.php\/wp-json\/wp\/v2\/comments?post=27921"}],"version-history":[{"count":1,"href":"https:\/\/www.paranapraia.com.br\/index.php\/wp-json\/wp\/v2\/posts\/27921\/revisions"}],"predecessor-version":[{"id":27923,"href":"https:\/\/www.paranapraia.com.br\/index.php\/wp-json\/wp\/v2\/posts\/27921\/revisions\/27923"}],"wp:featuredmedia":[{"embeddable":true,"href":"https:\/\/www.paranapraia.com.br\/index.php\/wp-json\/wp\/v2\/media\/27922"}],"wp:attachment":[{"href":"https:\/\/www.paranapraia.com.br\/index.php\/wp-json\/wp\/v2\/media?parent=27921"}],"wp:term":[{"taxonomy":"category","embeddable":true,"href":"https:\/\/www.paranapraia.com.br\/index.php\/wp-json\/wp\/v2\/categories?post=27921"},{"taxonomy":"post_tag","embeddable":true,"href":"https:\/\/www.paranapraia.com.br\/index.php\/wp-json\/wp\/v2\/tags?post=27921"}],"curies":[{"name":"wp","href":"https:\/\/api.w.org\/{rel}","templated":true}]}}