{"id":27915,"date":"2020-07-01T20:21:22","date_gmt":"2020-07-01T23:21:22","guid":{"rendered":"https:\/\/www.paranapraia.com.br\/?p=27915"},"modified":"2021-05-24T15:19:30","modified_gmt":"2021-05-24T18:19:30","slug":"um-dia-depois-do-ciclone-221-mil-casas-do-parana-ainda-estao-sem-energia-eletrica","status":"publish","type":"post","link":"https:\/\/www.paranapraia.com.br\/index.php\/2020\/07\/01\/um-dia-depois-do-ciclone-221-mil-casas-do-parana-ainda-estao-sem-energia-eletrica\/","title":{"rendered":"Um dia depois do ciclone, 221 mil casas do Paran\u00e1 ainda est\u00e3o sem energia el\u00e9trica"},"content":{"rendered":"\n<p>Mais de 24 horas ap\u00f3s a passagem do ciclone extratropical, apelidado de &#8220;ciclone bomba&#8221;, 221 mil unidades consumidoras do Paran\u00e1 ainda est\u00e3o sem energia. De acordo com a assessoria da Copel, em algumas localidades, onde os estragos na rede el\u00e9trica foram mais graves, o prazo para normaliza\u00e7\u00e3o \u00e9 s\u00f3 na sexta (3).&nbsp; Em Curitiba, h\u00e1 ainda 24 mil unidades consumidores sem energia.<\/p>\n\n\n\n<p>A companhia alega que os estragos causados na rede de energia caracterizam o pior evento clim\u00e1tico j\u00e1 enfrentado pela Companhia. As interrup\u00e7\u00f5es chegaram a afetar 1,6 milh\u00e3o de unidades consumidoras, sendo quase dois ter\u00e7os na regi\u00e3o Leste do Estado. A interrup\u00e7\u00e3o no fornecimento de energia foi causada principalmente por queda de \u00e1rvores ou outros objetos na rede, al\u00e9m dos ventos e raios. Muitas dessas situa\u00e7\u00f5es demandam servi\u00e7os complexos de manuten\u00e7\u00e3o, ou at\u00e9 mesmo a reconstru\u00e7\u00e3o de parte da rede el\u00e9trica. A previs\u00e3o de religa\u00e7\u00e3o varia caso a caso, de acordo com a dimens\u00e3o das avarias provocadas pelo temporal na localidade em quest\u00e3o e do tipo de manuten\u00e7\u00e3o requerida.<\/p>\n\n\n\n<p>Mais de mil eletricistas da Copel permanecem em campo na tarde desta quarta-feira (01\/07) trabalhando para restabelecer energia. As regi\u00f5es mais afetadas s\u00e3o Leste (Curitiba, Regi\u00e3o Metropolitana e Litoral), com 117 mil desligamentos, Centro-Sul, com 46 mil desligamentos, e Oeste, com 45 mil desligamentos.<\/p>\n\n\n\n<p>A regi\u00e3o Leste concentra 7.088 pontos a serem restaurados nas redes de energia. Na regi\u00e3o Oeste h\u00e1 1.948 ocorr\u00eancias para atendimento das equipes, no Centro-Sul s\u00e3o 1.679, enquanto no Noroeste h\u00e1 491 servi\u00e7os, e no Norte, 361.<br><br>A Copel alerta que, em situa\u00e7\u00f5es com postes quebrados ou fios rompidos, \u00e9 importante manter uma dist\u00e2ncia segura. Os desligamentos em circuitos de m\u00e9dia tens\u00e3o, que s\u00e3o os de maior extens\u00e3o, s\u00e3o automaticamente identificados pela Companhia. J\u00e1 a falta de luz em trechos menores e situa\u00e7\u00f5es de risco devem ser comunicadas pelo cliente. A comunica\u00e7\u00e3o de falta de luz pode ser feita pelo aplicativo para celulares, ou enviando um SMS para o n\u00famero 28593, com as letras &#8220;SL&#8221; e o n\u00famero da unidade consumidora.<br><br><\/p>\n\n\n\n<p><strong>Ciclone afetou&nbsp;65 cidades<\/strong><\/p>\n\n\n\n<p>O temporal de ter\u00e7a-feira (30) atingiu&nbsp;65 munic\u00edpios paranaenses, conforme boletim da Coordenadoria Estadual da Defesa Civil publicado \u00e0s 18 horas desta quarta-feira (01).&nbsp;<\/p>\n\n\n\n<p>O temporal com rajadas de vento de 120 km\/h e chuva de granizo&nbsp;afetou 13.952 pessoas, sendo que 279 ficaram desalojadas e&nbsp;202 permanecem desalojadas. Vinte ficaram desabrigadas e&nbsp;19 permanecem nesta condi\u00e7\u00e3o. S\u00e3o registrados at\u00e9 agora 11 feridos e&nbsp;3.143&nbsp;casas danificadas. As equipes do Corpo de Bombeiros e dos n\u00facleos municipais de Defesa Civil continuam fazendo os atendimentos. O pr\u00f3ximo boletim ser\u00e1 publicado \u00e0s 18h.<\/p>\n\n\n\n<p>Bem Paran\u00e1<\/p>\n","protected":false},"excerpt":{"rendered":"<p>Mais de 24 horas ap\u00f3s a passagem do ciclone extratropical, apelidado de &#8220;ciclone bomba&#8221;, 221 mil unidades consumidoras do Paran\u00e1 ainda est\u00e3o sem energia. De acordo com a assessoria da Copel, em algumas localidades, onde os estragos na rede el\u00e9trica foram mais graves, o prazo para normaliza\u00e7\u00e3o \u00e9 s\u00f3 na sexta (3).&nbsp; Em Curitiba, h\u00e1 [&hellip;]<\/p>\n","protected":false},"author":2,"featured_media":27916,"comment_status":"open","ping_status":"open","sticky":false,"template":"","format":"standard","meta":{"advanced_seo_description":"","jetpack_seo_html_title":"","jetpack_seo_noindex":false,"_jetpack_memberships_contains_paid_content":false,"footnotes":""},"categories":[40],"tags":[],"class_list":{"0":"post-27915","1":"post","2":"type-post","3":"status-publish","4":"format-standard","5":"has-post-thumbnail","7":"category-destaques"},"jetpack_featured_media_url":"https:\/\/www.paranapraia.com.br\/wp-content\/uploads\/2020\/07\/noticia_795596_img1_chuvafrankarvore.jpg","jetpack_sharing_enabled":true,"_links":{"self":[{"href":"https:\/\/www.paranapraia.com.br\/index.php\/wp-json\/wp\/v2\/posts\/27915"}],"collection":[{"href":"https:\/\/www.paranapraia.com.br\/index.php\/wp-json\/wp\/v2\/posts"}],"about":[{"href":"https:\/\/www.paranapraia.com.br\/index.php\/wp-json\/wp\/v2\/types\/post"}],"author":[{"embeddable":true,"href":"https:\/\/www.paranapraia.com.br\/index.php\/wp-json\/wp\/v2\/users\/2"}],"replies":[{"embeddable":true,"href":"https:\/\/www.paranapraia.com.br\/index.php\/wp-json\/wp\/v2\/comments?post=27915"}],"version-history":[{"count":2,"href":"https:\/\/www.paranapraia.com.br\/index.php\/wp-json\/wp\/v2\/posts\/27915\/revisions"}],"predecessor-version":[{"id":32333,"href":"https:\/\/www.paranapraia.com.br\/index.php\/wp-json\/wp\/v2\/posts\/27915\/revisions\/32333"}],"wp:featuredmedia":[{"embeddable":true,"href":"https:\/\/www.paranapraia.com.br\/index.php\/wp-json\/wp\/v2\/media\/27916"}],"wp:attachment":[{"href":"https:\/\/www.paranapraia.com.br\/index.php\/wp-json\/wp\/v2\/media?parent=27915"}],"wp:term":[{"taxonomy":"category","embeddable":true,"href":"https:\/\/www.paranapraia.com.br\/index.php\/wp-json\/wp\/v2\/categories?post=27915"},{"taxonomy":"post_tag","embeddable":true,"href":"https:\/\/www.paranapraia.com.br\/index.php\/wp-json\/wp\/v2\/tags?post=27915"}],"curies":[{"name":"wp","href":"https:\/\/api.w.org\/{rel}","templated":true}]}}