{"id":27804,"date":"2020-06-29T21:50:42","date_gmt":"2020-06-30T00:50:42","guid":{"rendered":"https:\/\/www.paranapraia.com.br\/?p=27804"},"modified":"2020-06-29T21:50:45","modified_gmt":"2020-06-30T00:50:45","slug":"entregadores-de-aplicativos-vao-paralisar-nesta-quarta-1o-e-chamam-boicote-solidario","status":"publish","type":"post","link":"https:\/\/www.paranapraia.com.br\/index.php\/2020\/06\/29\/entregadores-de-aplicativos-vao-paralisar-nesta-quarta-1o-e-chamam-boicote-solidario\/","title":{"rendered":"Entregadores de aplicativos v\u00e3o paralisar nesta quarta, 1\u00ba, e chamam boicote solid\u00e1rio"},"content":{"rendered":"\n<p>Entregadores de aplicativos decidiram paralisar por um dia, nesta quarta-feira, 1\u00ba de julho. Sob o comando de aplicativos, um setor liderado no Brasil por quatro grandes empresas: Uber Eats, Ifood, Loggi e Rappi, s\u00e3o em sua maioria \u201cpejotizados\u201d. Eles tamb\u00e9m est\u00e3o chamando a popula\u00e7\u00e3o para um boicote \u00e0s empresas, pois entendem que elas ampliam seus lucros enquanto a categoria v\u00ea sua renda ficar cada vez menor, em um ambiente de trabalho de maior exposi\u00e7\u00e3o a riscos pela\u00a0pandemia\u00a0e de crescimento no n\u00famero de acidentes.<\/p>\n\n\n\n<p>Motoboys\u00a0e entregadores de aplicativos desde o in\u00edcio do isolamento social s\u00e3o considerados prestadores de servi\u00e7o essencial. Mas, apesar do aumento consider\u00e1vel de trabalho, a Rede de Estudos e Monitoramento da Reforma Trabalhista (Remir Trabalho) apontou em pesquisa que a renda desses trabalhadores n\u00e3o aumentou com o crescimento da demanda. Pelo contr\u00e1rio. Segundo o trabalho que foi realizado entre os dias 13 e 20 de abril em 26 cidades, essa categoria passou a ganhar menos.<\/p>\n\n\n\n<p>Se por um lado as empresas questionam a metodologia do estudo e dizem que houve um aumento de trabalhadores conveniados em suas bases, lideran\u00e7as do movimento apontam que, na realidade, o que existe \u00e9 explora\u00e7\u00e3o.<\/p>\n\n\n\n<p>\u201cOs aplicativos n\u00e3o est\u00e3o pagando a taxa que a gente merece. Eles passaram aumento para todos os restaurantes, mas n\u00e3o passaram para n\u00f3s\u201d, diz um entregador que pediu para n\u00e3o ser identificado pois a retalia\u00e7\u00e3o com o desligamento das plataformas \u201ca quem p\u00f5e a cara \u00e9 na hora\u201d.<\/p>\n\n\n\n<h2 class=\"wp-block-heading\">Sem aviso pr\u00e9vio e direito de defesa<\/h2>\n\n\n\n<p>Segundo os organizadores do primeiro protesto que aconteceu em abril na Avenida Paulista, em S\u00e3o Paulo, entregadores t\u00eam sido desligados, muitas vezes, sem aviso pr\u00e9vio, nem direito de defesa. Robson Silva \u00e9 um deles. Hoje ele trabalha para apenas um aplicativo pois foi exclu\u00eddo do Rappi e do Ifood no mesmo dia.<\/p>\n\n\n\n<p>\u201cE n\u00e3o adianta ligar ou ir na sede da empresa. Eles n\u00e3o querem ouvir a gente\u201d, fala. Robson participa da organiza\u00e7\u00e3o do movimento e tem publicando v\u00eddeos nas redes sociais convocando colegas para a paralisa\u00e7\u00e3o de quarta-feira.<\/p>\n\n\n\n<p>Existe ainda o caso de trabalhadores que foram exclu\u00eddos ap\u00f3s acidentes durante uma entrega.&nbsp;Caso, de Thiago de Jesus Dias que morreu enquanto realizava uma entrega para a Rappi. Mesmo avisando a empresa que estava passando mal ouviu como resposta: \u201cEnt\u00e3o voc\u00ea n\u00e3o vai conseguir fazer mais entregas?\u201d. Thiago, segundo seus familiares trabalhava cerca de 12 horas por dia para o aplicativo e morreu na cal\u00e7ada de AVC.<\/p>\n\n\n\n<p>Segundo estat\u00edsticas do Servi\u00e7o de Monitoramento de Tr\u00e2nsito de S\u00e3o Paulo (<a href=\"http:\/\/www.infosiga.sp.gov.br\/\" target=\"_blank\" rel=\"noreferrer noopener\">Infosiga<\/a>), entre mar\u00e7o e abril, o n\u00famero de \u00f3bitos relacionados aos acidentes de moto cresceu 47,3% em rela\u00e7\u00e3o ao mesmo per\u00edodo no ano passado.<\/p>\n\n\n\n<p>Sem n\u00fameros mais precisos para o Brasil, Edgar da Silva, presidente da&nbsp;<a href=\"https:\/\/www.amabr.net\/\" target=\"_blank\" rel=\"noreferrer noopener\">Associa\u00e7\u00e3o dos Motofretistas de Aplicativos e Aut\u00f4nomos do Brasil<\/a>. diz que somente a capital paulista tem entre 50 mil a 70 mil entregadores.<\/p>\n\n\n\n<h2 class=\"wp-block-heading\">N\u00e3o somos n\u00fameros<\/h2>\n\n\n\n<p>Integrante do grupo&nbsp;<em>Entregadores Antifascistas<\/em>, Paulo Lima apoia a paralisa\u00e7\u00e3o e diz que somente ela e o poss\u00edvel boicote aos<\/p>\n\n\n\n<p>aplicativos podem dar um recado claro. \u201cQueremos mostrar que as empresas dependem de n\u00f3s, trabalhadores. Vamos provar para eles que sem n\u00f3s eles n\u00e3o ganham dinheiro, que n\u00e3o somos apenas n\u00fameros\u201d, fala.<\/p>\n\n\n\n<p>Mineiro \u00e9 outro motoboy da \u201clinha de frente\u201d da paralisa\u00e7\u00e3o que tamb\u00e9m pediu para que seu nome verdadeiro n\u00e3o fosse identificado para evitar bloqueios das plataformas. Ele relata que h\u00e1 tr\u00eas anos atr\u00e1s deixou um emprego formal para trabalhar com os aplicativos, ganhando R$ 6 mil \u201cpor m\u00eas facilmente\u201d.<\/p>\n\n\n\n<p>Nos \u00faltimos meses, ressalta que sua renda diminui cada vez mais. \u201cHoje, para conseguir ganhar R$ 2 mil livres preciso trabalhar mais de 12 horas, todos os dias, sem folga\u201d, desabafa.<\/p>\n\n\n\n<p>O movimento quer al\u00e9m do aumento dos valores m\u00ednimos para as chamadas corridas uma solu\u00e7\u00e3o para que dizem ser exclus\u00f5es, bloqueios, sem maiores satisfa\u00e7\u00f5es aos trabalhadores. \u201cSe voc\u00ea bota a cara pra bater, ou vai em uma manifesta\u00e7\u00e3o, os aplicativos te bloqueiam. Se voc\u00ea reclamar muito no site, tamb\u00e9m te bloqueiam. N\u00e3o querem que a gente tenha voz\u201d, fala Mineiro.<\/p>\n\n\n\n<p>Segundo os entregadores, as plataformas n\u00e3o s\u00e3o transparentes e nem lhes informam sobre eventuais mudan\u00e7as de tarifas e servi\u00e7os. Outra queixa \u00e9 a falta do fornecimento de Equipamentos de Prote\u00e7\u00e3o Individual (EPIs) para que o trabalho seja exercido com seguran\u00e7a no meio da pandemia.<\/p>\n\n\n\n<h2 class=\"wp-block-heading\">Movimento veio para ficar<\/h2>\n\n\n\n<p>Para Paulo Lima, o movimento dos entregadores veio para ficar. \u201cQuando esses aplicativos chegaram aqui, venderam uma mentira para n\u00f3s. A mentira era de que somos empreendedores, e n\u00f3s acreditamos. As empresas n\u00e3o querem lidar com direitos: rescis\u00e3o, f\u00e9rias, 13\u00ba sal\u00e1rio\u201d.&nbsp;Para o motoboy, agora os entregadores est\u00e3o come\u00e7ando a se ver como trabalhadores.<\/p>\n\n\n\n<p>Se a onda de insatisfa\u00e7\u00e3o com os aplicativos de tele-entrega come\u00e7ou a apresentar sua primeira rea\u00e7\u00e3o em S\u00e3o Paulo, a mobiliza\u00e7\u00e3o j\u00e1 come\u00e7a contagiar at\u00e9 capitais de outros pa\u00edses da Am\u00e9rica Latina.\u00a0Em dezenas de grupos de WhatsApp, trabalhadores est\u00e3o compartilhando depoimentos de entregadores que devem aderir a paralisa\u00e7\u00e3o na Argentina, no Uruguai e no Paraguai.<\/p>\n\n\n\n<p>extraclasse<\/p>\n","protected":false},"excerpt":{"rendered":"<p>Entregadores de aplicativos decidiram paralisar por um dia, nesta quarta-feira, 1\u00ba de julho. Sob o comando de aplicativos, um setor liderado no Brasil por quatro grandes empresas: Uber Eats, Ifood, Loggi e Rappi, s\u00e3o em sua maioria \u201cpejotizados\u201d. Eles tamb\u00e9m est\u00e3o chamando a popula\u00e7\u00e3o para um boicote \u00e0s empresas, pois entendem que elas ampliam seus [&hellip;]<\/p>\n","protected":false},"author":2,"featured_media":27805,"comment_status":"open","ping_status":"open","sticky":false,"template":"","format":"standard","meta":{"advanced_seo_description":"","jetpack_seo_html_title":"","jetpack_seo_noindex":false,"_jetpack_memberships_contains_paid_content":false,"footnotes":""},"categories":[40],"tags":[],"class_list":{"0":"post-27804","1":"post","2":"type-post","3":"status-publish","4":"format-standard","5":"has-post-thumbnail","7":"category-destaques"},"jetpack_featured_media_url":"https:\/\/www.paranapraia.com.br\/wp-content\/uploads\/2020\/06\/Entregadores-de-aplicativo-v\u00e3o-paralisar-e-pedem-boicote-solid\u00e1rio-Marcelo-Agencia-Brasil-768x511-1.jpg","jetpack_sharing_enabled":true,"_links":{"self":[{"href":"https:\/\/www.paranapraia.com.br\/index.php\/wp-json\/wp\/v2\/posts\/27804"}],"collection":[{"href":"https:\/\/www.paranapraia.com.br\/index.php\/wp-json\/wp\/v2\/posts"}],"about":[{"href":"https:\/\/www.paranapraia.com.br\/index.php\/wp-json\/wp\/v2\/types\/post"}],"author":[{"embeddable":true,"href":"https:\/\/www.paranapraia.com.br\/index.php\/wp-json\/wp\/v2\/users\/2"}],"replies":[{"embeddable":true,"href":"https:\/\/www.paranapraia.com.br\/index.php\/wp-json\/wp\/v2\/comments?post=27804"}],"version-history":[{"count":1,"href":"https:\/\/www.paranapraia.com.br\/index.php\/wp-json\/wp\/v2\/posts\/27804\/revisions"}],"predecessor-version":[{"id":27806,"href":"https:\/\/www.paranapraia.com.br\/index.php\/wp-json\/wp\/v2\/posts\/27804\/revisions\/27806"}],"wp:featuredmedia":[{"embeddable":true,"href":"https:\/\/www.paranapraia.com.br\/index.php\/wp-json\/wp\/v2\/media\/27805"}],"wp:attachment":[{"href":"https:\/\/www.paranapraia.com.br\/index.php\/wp-json\/wp\/v2\/media?parent=27804"}],"wp:term":[{"taxonomy":"category","embeddable":true,"href":"https:\/\/www.paranapraia.com.br\/index.php\/wp-json\/wp\/v2\/categories?post=27804"},{"taxonomy":"post_tag","embeddable":true,"href":"https:\/\/www.paranapraia.com.br\/index.php\/wp-json\/wp\/v2\/tags?post=27804"}],"curies":[{"name":"wp","href":"https:\/\/api.w.org\/{rel}","templated":true}]}}