{"id":27801,"date":"2020-06-29T21:44:48","date_gmt":"2020-06-30T00:44:48","guid":{"rendered":"https:\/\/www.paranapraia.com.br\/?p=27801"},"modified":"2020-06-29T21:45:34","modified_gmt":"2020-06-30T00:45:34","slug":"numero-de-queimadas-na-amazonia-e-o-maior-dos-ultimos-10-anos","status":"publish","type":"post","link":"https:\/\/www.paranapraia.com.br\/index.php\/2020\/06\/29\/numero-de-queimadas-na-amazonia-e-o-maior-dos-ultimos-10-anos\/","title":{"rendered":"N\u00famero de queimadas na Amaz\u00f4nia \u00e9 o maior dos \u00faltimos 10 anos"},"content":{"rendered":"\n<p>O per\u00edodo seco na Amaz\u00f4nia \u2013 quando, em 2019, foram registradas queimadas de dimens\u00f5es tr\u00e1gicas \u2013 est\u00e1 come\u00e7ando com dados alarmantes. O n\u00famero de queimadas entre 1 e 21 de junho de 2020 \u00e9 o maior dos \u00faltimos 10 anos nesse per\u00edodo \u2013 e ficou 50% acima da m\u00e9dia dos 10 anos anteriores (2010 a 2019), que foi de 979.<\/p>\n\n\n\n<p>Nos primeiros 21 dias de junho, foram detectados 1.469 focos de queimadas no bioma Amaz\u00f4nia, 30% a mais que no mesmo per\u00edodo de 2019, quando 1.125 focos foram registrados pelo Inpe. Desses 1.469 focos de queimadas detectados na Amaz\u00f4nia entre 1 e 21 de junho de 2020, 63% ocorreram no Mato Grosso (915).<\/p>\n\n\n\n<p>Esses s\u00e3o os dados mais recentes disponibilizados pelo Inpe \u2013 Instituto Nacional de Pesquisas Espaciais. Somados aos dados de desmatamento recente, este aumento no n\u00famero de focos em um m\u00eas que historicamente \u00e9 mais baixo anuncia o que est\u00e1 por vir.<\/p>\n\n\n\n<h2 class=\"wp-block-heading\">Desmatamento<\/h2>\n\n\n\n<p>Entre 1o de janeiro e 31 de maio de 2020, houve alertas de desmatamento para 2.032 km2 na Amaz\u00f4nia Legal, o maior n\u00famero registrado para o per\u00edodo desde 2015. E o corte raso na floresta amaz\u00f4nica continua subindo.<\/p>\n\n\n\n<p>A amea\u00e7a \u00e9 que o desmate deste ano supere os 10.129 km2 medidos no ano passado, na maior taxa desde 2008 e mais do que o dobro da taxa medida em 2012.<\/p>\n\n\n\n<p>Se olharmos de agosto de 2019 a maio de 2020 com base nos dados do Deter, do Inpe, o desmatamento foi de 6.504 km2, 78% a mais em compara\u00e7\u00e3o ao per\u00edodo anterior (agosto de 2018 a maio de 2019), quando foram desmatados 3.654 km2. Esse per\u00edodo de 10 meses exclui os meses de junho e julho, quando o desmatamento \u00e9 historicamente mais alto.<\/p>\n\n\n\n<h2 class=\"wp-block-heading\">Sa\u00fade p\u00fablica<\/h2>\n\n\n\n<p>Vistas isoladamente, as queimadas representam graves riscos \u00e0 sa\u00fade da popula\u00e7\u00e3o. Um dos efeitos \u00e9 o aumento do registro de interna\u00e7\u00f5es hospitalares por doen\u00e7as respirat\u00f3rias. Estudo da Funda\u00e7\u00e3o Oswaldo Cruz constatou que o n\u00famero de crian\u00e7as internadas dobrou entre maio e junho de 2019 \u2013 no in\u00edcio do per\u00edodo das queimadas, numa amostra de 100 munic\u00edpios da Amaz\u00f4nia Legal.<\/p>\n\n\n\n<p>Foram 2,5 mil interna\u00e7\u00f5es a mais por m\u00eas, o que teria custado R$ 1,5 milh\u00e3o extras ao Sistema \u00danico de Sa\u00fade. E n\u00e3o s\u00e3o apenas as crian\u00e7as que sofrem. \u201cAs queimadas na Amaz\u00f4nia representam um grande risco \u00e0 sa\u00fade da popula\u00e7\u00e3o. Os poluentes emitidos por essas queimadas podem ser transportados a grande dist\u00e2ncia, alcan\u00e7ando cidades distantes dos focos de queimadas\u201d, diz o informe do Observat\u00f3rio de Clima e Sa\u00fade, ligado \u00e0 Fiocruz.<\/p>\n\n\n\n<p>ciclovivo<\/p>\n","protected":false},"excerpt":{"rendered":"<p>O per\u00edodo seco na Amaz\u00f4nia \u2013 quando, em 2019, foram registradas queimadas de dimens\u00f5es tr\u00e1gicas \u2013 est\u00e1 come\u00e7ando com dados alarmantes. O n\u00famero de queimadas entre 1 e 21 de junho de 2020 \u00e9 o maior dos \u00faltimos 10 anos nesse per\u00edodo \u2013 e ficou 50% acima da m\u00e9dia dos 10 anos anteriores (2010 a [&hellip;]<\/p>\n","protected":false},"author":2,"featured_media":27802,"comment_status":"open","ping_status":"open","sticky":false,"template":"","format":"standard","meta":{"advanced_seo_description":"","jetpack_seo_html_title":"","jetpack_seo_noindex":false,"_jetpack_memberships_contains_paid_content":false,"footnotes":""},"categories":[40,34],"tags":[],"class_list":{"0":"post-27801","1":"post","2":"type-post","3":"status-publish","4":"format-standard","5":"has-post-thumbnail","7":"category-destaques","8":"category-meio-ambiente"},"jetpack_featured_media_url":"https:\/\/www.paranapraia.com.br\/wp-content\/uploads\/2020\/06\/foco-de-incendio-na-floresta-amazonia-em-sao-felix-do-xingu-no-para-registrado-pelo-greenpeace-1566404148623_v2_1200x800.jpg","jetpack_sharing_enabled":true,"_links":{"self":[{"href":"https:\/\/www.paranapraia.com.br\/index.php\/wp-json\/wp\/v2\/posts\/27801"}],"collection":[{"href":"https:\/\/www.paranapraia.com.br\/index.php\/wp-json\/wp\/v2\/posts"}],"about":[{"href":"https:\/\/www.paranapraia.com.br\/index.php\/wp-json\/wp\/v2\/types\/post"}],"author":[{"embeddable":true,"href":"https:\/\/www.paranapraia.com.br\/index.php\/wp-json\/wp\/v2\/users\/2"}],"replies":[{"embeddable":true,"href":"https:\/\/www.paranapraia.com.br\/index.php\/wp-json\/wp\/v2\/comments?post=27801"}],"version-history":[{"count":1,"href":"https:\/\/www.paranapraia.com.br\/index.php\/wp-json\/wp\/v2\/posts\/27801\/revisions"}],"predecessor-version":[{"id":27803,"href":"https:\/\/www.paranapraia.com.br\/index.php\/wp-json\/wp\/v2\/posts\/27801\/revisions\/27803"}],"wp:featuredmedia":[{"embeddable":true,"href":"https:\/\/www.paranapraia.com.br\/index.php\/wp-json\/wp\/v2\/media\/27802"}],"wp:attachment":[{"href":"https:\/\/www.paranapraia.com.br\/index.php\/wp-json\/wp\/v2\/media?parent=27801"}],"wp:term":[{"taxonomy":"category","embeddable":true,"href":"https:\/\/www.paranapraia.com.br\/index.php\/wp-json\/wp\/v2\/categories?post=27801"},{"taxonomy":"post_tag","embeddable":true,"href":"https:\/\/www.paranapraia.com.br\/index.php\/wp-json\/wp\/v2\/tags?post=27801"}],"curies":[{"name":"wp","href":"https:\/\/api.w.org\/{rel}","templated":true}]}}