{"id":27782,"date":"2020-06-29T21:18:04","date_gmt":"2020-06-30T00:18:04","guid":{"rendered":"https:\/\/www.paranapraia.com.br\/?p=27782"},"modified":"2020-06-29T21:18:29","modified_gmt":"2020-06-30T00:18:29","slug":"ans-torna-obrigatoria-cobertura-de-teste-de-covid-19-por-planos-de-saude","status":"publish","type":"post","link":"https:\/\/www.paranapraia.com.br\/index.php\/2020\/06\/29\/ans-torna-obrigatoria-cobertura-de-teste-de-covid-19-por-planos-de-saude\/","title":{"rendered":"ANS torna obrigat\u00f3ria cobertura de teste de covid-19 por planos de sa\u00fade"},"content":{"rendered":"\n<p>A Ag\u00eancia Nacional de Sa\u00fade Suplementar (ANS) incluiu na lista de coberturas obrigat\u00f3rias dos planos de sa\u00fade o teste sorol\u00f3gico para o novo Coronav\u00edrus. A decis\u00e3o foi tomada na \u00faltima quinta-feira (25\/06), em reuni\u00e3o da Diretoria Colegiada, e passa a valer a partir de hoje (29\/06). Os exames sorol\u00f3gicos &#8211; pesquisa de anticorpos IgA, IgG ou IgM (com Diretriz de Utiliza\u00e7\u00e3o) detectam a presen\u00e7a de anticorpos produzidos pelo organismo ap\u00f3s exposi\u00e7\u00e3o ao v\u00edrus.&nbsp;&nbsp;<\/p>\n\n\n\n<p>O procedimento passa a ser de cobertura obrigat\u00f3ria para os planos de sa\u00fade nas segmenta\u00e7\u00f5es ambulatorial, hospitalar (com ou sem obstetr\u00edcia) e refer\u00eancia, nos casos em que o paciente apresente ou tenha apresentado um dos quadros cl\u00ednicos descritos a seguir:&nbsp;<\/p>\n\n\n\n<ul class=\"wp-block-list\"><li><strong>S\u00edndrome Gripal:<\/strong>&nbsp;quadro respirat\u00f3rio agudo, caracterizado por sensa\u00e7\u00e3o febril ou febre, acompanhada de tosse ou dor de garganta ou coriza ou dificuldade respirat\u00f3ria.<\/li><li><strong>S\u00edndrome Respirat\u00f3ria Aguda Grave:<\/strong>&nbsp;desconforto respirat\u00f3rio\/dificuldade para respirar ou press\u00e3o persistente no t\u00f3rax ou satura\u00e7\u00e3o de oxig\u00eanio menor do que 95% em ar ambiente ou colora\u00e7\u00e3o azulada dos l\u00e1bios ou rosto.&nbsp;<\/li><\/ul>\n\n\n\n<p>O exame \u00e9 feito com o uso de amostras de sangue, soro ou plasma e pode ser realizado por meio das t\u00e9cnicas de imunofluoresc\u00eancia, imunocromatografia, enzimaimunoensaio e quimioluminesc\u00eancia. Como a produ\u00e7\u00e3o de anticorpos no organismo s\u00f3 ocorre depois de um per\u00edodo m\u00ednimo ap\u00f3s a exposi\u00e7\u00e3o ao v\u00edrus, esse tipo de teste \u00e9 indicado a partir do oitavo dia de in\u00edcio dos sintomas.&nbsp;&nbsp;&nbsp;<\/p>\n\n\n\n<p>O teste sorol\u00f3gico \u00e9 de uso profissional e sua execu\u00e7\u00e3o requer o cumprimento de protocolos e diretrizes t\u00e9cnicas de controle, rastreabilidade e registros das autoridades de sa\u00fade.&nbsp;&nbsp;<\/p>\n\n\n\n<p>A inclus\u00e3o desse teste no Rol de Procedimentos e Eventos em Sa\u00fade atende decis\u00e3o judicial relativa \u00e0 A\u00e7\u00e3o Civil P\u00fablica n\u00ba 0810140-15.2020.4.05.8300.<\/p>\n\n\n\n<p>ANS<\/p>\n","protected":false},"excerpt":{"rendered":"<p>A Ag\u00eancia Nacional de Sa\u00fade Suplementar (ANS) incluiu na lista de coberturas obrigat\u00f3rias dos planos de sa\u00fade o teste sorol\u00f3gico para o novo Coronav\u00edrus. A decis\u00e3o foi tomada na \u00faltima quinta-feira (25\/06), em reuni\u00e3o da Diretoria Colegiada, e passa a valer a partir de hoje (29\/06). Os exames sorol\u00f3gicos &#8211; pesquisa de anticorpos IgA, IgG [&hellip;]<\/p>\n","protected":false},"author":2,"featured_media":27783,"comment_status":"open","ping_status":"open","sticky":false,"template":"","format":"standard","meta":{"advanced_seo_description":"","jetpack_seo_html_title":"","jetpack_seo_noindex":false,"_jetpack_memberships_contains_paid_content":false,"footnotes":""},"categories":[40],"tags":[],"class_list":{"0":"post-27782","1":"post","2":"type-post","3":"status-publish","4":"format-standard","5":"has-post-thumbnail","7":"category-destaques"},"jetpack_featured_media_url":"https:\/\/www.paranapraia.com.br\/wp-content\/uploads\/2020\/06\/ANS.jpg","jetpack_sharing_enabled":true,"_links":{"self":[{"href":"https:\/\/www.paranapraia.com.br\/index.php\/wp-json\/wp\/v2\/posts\/27782"}],"collection":[{"href":"https:\/\/www.paranapraia.com.br\/index.php\/wp-json\/wp\/v2\/posts"}],"about":[{"href":"https:\/\/www.paranapraia.com.br\/index.php\/wp-json\/wp\/v2\/types\/post"}],"author":[{"embeddable":true,"href":"https:\/\/www.paranapraia.com.br\/index.php\/wp-json\/wp\/v2\/users\/2"}],"replies":[{"embeddable":true,"href":"https:\/\/www.paranapraia.com.br\/index.php\/wp-json\/wp\/v2\/comments?post=27782"}],"version-history":[{"count":1,"href":"https:\/\/www.paranapraia.com.br\/index.php\/wp-json\/wp\/v2\/posts\/27782\/revisions"}],"predecessor-version":[{"id":27784,"href":"https:\/\/www.paranapraia.com.br\/index.php\/wp-json\/wp\/v2\/posts\/27782\/revisions\/27784"}],"wp:featuredmedia":[{"embeddable":true,"href":"https:\/\/www.paranapraia.com.br\/index.php\/wp-json\/wp\/v2\/media\/27783"}],"wp:attachment":[{"href":"https:\/\/www.paranapraia.com.br\/index.php\/wp-json\/wp\/v2\/media?parent=27782"}],"wp:term":[{"taxonomy":"category","embeddable":true,"href":"https:\/\/www.paranapraia.com.br\/index.php\/wp-json\/wp\/v2\/categories?post=27782"},{"taxonomy":"post_tag","embeddable":true,"href":"https:\/\/www.paranapraia.com.br\/index.php\/wp-json\/wp\/v2\/tags?post=27782"}],"curies":[{"name":"wp","href":"https:\/\/api.w.org\/{rel}","templated":true}]}}