{"id":27779,"date":"2020-06-29T21:11:30","date_gmt":"2020-06-30T00:11:30","guid":{"rendered":"https:\/\/www.paranapraia.com.br\/?p=27779"},"modified":"2020-06-29T21:11:32","modified_gmt":"2020-06-30T00:11:32","slug":"governo-do-parana-desmente-lockdown","status":"publish","type":"post","link":"https:\/\/www.paranapraia.com.br\/index.php\/2020\/06\/29\/governo-do-parana-desmente-lockdown\/","title":{"rendered":"Governo do Paran\u00e1 desmente lockdown"},"content":{"rendered":"\n<p>Como anunciado mais cedo pelo portal\u00a0RICMAIS, de que o\u00a0<strong>Governo<\/strong>\u00a0do\u00a0<strong>Paran\u00e1<\/strong>\u00a0iria declarar lockdown no estado, agora \u00e0 noite foi divulgado uma nota de esclarecimento dizendo que ser\u00e3o anunciadas medidas mais rigorosas para conter o aumento da\u00a0<strong>COVID-19<\/strong>, mas que desde j\u00e1, n\u00e3o haver\u00e1 lockdown em todo o estado.<\/p>\n\n\n\n<p>Conforme o portal\u00a0Plural, o governador Ratinho Jr. (PSD) deve anunciar nesta ter\u00e7a-feira (30), o fechamento de todo o com\u00e9rcio n\u00e3o essencial em Curitiba e outras cidades. No Paran\u00e1 s\u00e3o mais de 600 mortes e 21 mil casos. Nesta segunda-feira (29), Curitiba anunciou mais de 489 casos e 05 mortes.<\/p>\n\n\n\n<p>curitibacult<\/p>\n","protected":false},"excerpt":{"rendered":"<p>Como anunciado mais cedo pelo portal\u00a0RICMAIS, de que o\u00a0Governo\u00a0do\u00a0Paran\u00e1\u00a0iria declarar lockdown no estado, agora \u00e0 noite foi divulgado uma nota de esclarecimento dizendo que ser\u00e3o anunciadas medidas mais rigorosas para conter o aumento da\u00a0COVID-19, mas que desde j\u00e1, n\u00e3o haver\u00e1 lockdown em todo o estado. Conforme o portal\u00a0Plural, o governador Ratinho Jr. (PSD) deve anunciar [&hellip;]<\/p>\n","protected":false},"author":2,"featured_media":27780,"comment_status":"open","ping_status":"open","sticky":false,"template":"","format":"standard","meta":{"advanced_seo_description":"","jetpack_seo_html_title":"","jetpack_seo_noindex":false,"_jetpack_memberships_contains_paid_content":false,"footnotes":""},"categories":[40],"tags":[],"class_list":{"0":"post-27779","1":"post","2":"type-post","3":"status-publish","4":"format-standard","5":"has-post-thumbnail","7":"category-destaques"},"jetpack_featured_media_url":"https:\/\/www.paranapraia.com.br\/wp-content\/uploads\/2020\/06\/Captura-de-Tela-2020-06-29-a\u0300s-20.55.50.png","jetpack_sharing_enabled":true,"_links":{"self":[{"href":"https:\/\/www.paranapraia.com.br\/index.php\/wp-json\/wp\/v2\/posts\/27779"}],"collection":[{"href":"https:\/\/www.paranapraia.com.br\/index.php\/wp-json\/wp\/v2\/posts"}],"about":[{"href":"https:\/\/www.paranapraia.com.br\/index.php\/wp-json\/wp\/v2\/types\/post"}],"author":[{"embeddable":true,"href":"https:\/\/www.paranapraia.com.br\/index.php\/wp-json\/wp\/v2\/users\/2"}],"replies":[{"embeddable":true,"href":"https:\/\/www.paranapraia.com.br\/index.php\/wp-json\/wp\/v2\/comments?post=27779"}],"version-history":[{"count":1,"href":"https:\/\/www.paranapraia.com.br\/index.php\/wp-json\/wp\/v2\/posts\/27779\/revisions"}],"predecessor-version":[{"id":27781,"href":"https:\/\/www.paranapraia.com.br\/index.php\/wp-json\/wp\/v2\/posts\/27779\/revisions\/27781"}],"wp:featuredmedia":[{"embeddable":true,"href":"https:\/\/www.paranapraia.com.br\/index.php\/wp-json\/wp\/v2\/media\/27780"}],"wp:attachment":[{"href":"https:\/\/www.paranapraia.com.br\/index.php\/wp-json\/wp\/v2\/media?parent=27779"}],"wp:term":[{"taxonomy":"category","embeddable":true,"href":"https:\/\/www.paranapraia.com.br\/index.php\/wp-json\/wp\/v2\/categories?post=27779"},{"taxonomy":"post_tag","embeddable":true,"href":"https:\/\/www.paranapraia.com.br\/index.php\/wp-json\/wp\/v2\/tags?post=27779"}],"curies":[{"name":"wp","href":"https:\/\/api.w.org\/{rel}","templated":true}]}}