{"id":27775,"date":"2020-06-29T20:59:01","date_gmt":"2020-06-29T23:59:01","guid":{"rendered":"https:\/\/www.paranapraia.com.br\/?p=27775"},"modified":"2020-06-29T20:59:46","modified_gmt":"2020-06-29T23:59:46","slug":"familias-de-refugiados-receberao-mais-mil-cestas-basicas","status":"publish","type":"post","link":"https:\/\/www.paranapraia.com.br\/index.php\/2020\/06\/29\/familias-de-refugiados-receberao-mais-mil-cestas-basicas\/","title":{"rendered":"Fam\u00edlias de refugiados receber\u00e3o mais mil cestas b\u00e1sicas"},"content":{"rendered":"\n<p>A Secretaria da de Estado da Justi\u00e7a, Fam\u00edlia e Trabalho iniciou nesta segunda-feira (29) a distribui\u00e7\u00e3o de mais mil cestas b\u00e1sicas para as fam\u00edlias atendidas pelo Centro de Informa\u00e7\u00f5es para Migrantes, Refugiados e Ap\u00e1tridas do Paran\u00e1 (Ceim) do Departamento de Direitos Fundamentais e Cidadania.<\/p>\n\n\n\n<p>\u201cS\u00e3o&nbsp;cestas que ser\u00e3o entregues prioritariamente para fam\u00edlias com crian\u00e7as, idosos, desempregados e em situa\u00e7\u00e3o de extrema vulnerabilidade, que est\u00e3o sofrendo com as medidas de confinamento e de conten\u00e7\u00e3o adotadas para combater a pandemia do coronav\u00edrus\u201d, explicou o secret\u00e1rio Eder Cola\u00e7o.<\/p>\n\n\n\n<p>As cestas foram doadas pela Defesa Civil do Paran\u00e1 e v\u00e3o beneficiar principalmente haitianos, venezuelanos, cubanos e angolanos cadastrados no Ceim e em outros organismos de direitos humanos que atendem esta popula\u00e7\u00e3o.<\/p>\n\n\n\n<p>\u201cJ\u00e1 entregamos 510 cestas e agora s\u00e3o mais mil\u201d disse Silvia Cristina Xavier, coordenadora da Pol\u00edtica dos Refugiados, Migrantes e Ap\u00e1tridas da Secretaria da Justica, lembrando que muitos j\u00e1 receberam a ajuda, mas, mesmo assim ainda procuram o centro. \u201cS\u00e3o trabalhadores informais que precisam desta assist\u00eancia humanit\u00e1ria para um conforto social\u201d, disse ela.&nbsp;<\/p>\n\n\n\n<p><strong>DOA\u00c7\u00d5ES<\/strong>&nbsp;&#8211; O Ceim \u00e9 um local de apoio para os estrangeiros que chegam ao Paran\u00e1 e atende, anualmente, mais de 1,5 mil fam\u00edlias de todas as partes do mundo com servi\u00e7os de informa\u00e7\u00e3o e regulariza\u00e7\u00e3o da situa\u00e7\u00e3o migrat\u00f3ria. L\u00e1 tamb\u00e9m h\u00e1 uma unidade descentralizada da Ag\u00eancia do Trabalhador que cadastra os imigrantes que j\u00e1 estejam legalizados no Pa\u00eds e buscam oportunidades de emprego e renda.<\/p>\n\n\n\n<p>Apesar de estar funcionando apenas por teleatendimento, por meios dos n\u00fameros (41) 3224-1979 \/ 3223.7608, ou pelo e-mail ceim@sejuf.pr.gov.br, o Centro continua auxiliando a todos e est\u00e1 aceitando doa\u00e7\u00f5es de cestas b\u00e1sicas de alimentos exclusivamente atrav\u00e9s do fone (41) 3224.1979.<\/p>\n\n\n\n<p>Assessoria<\/p>\n","protected":false},"excerpt":{"rendered":"<p>A Secretaria da de Estado da Justi\u00e7a, Fam\u00edlia e Trabalho iniciou nesta segunda-feira (29) a distribui\u00e7\u00e3o de mais mil cestas b\u00e1sicas para as fam\u00edlias atendidas pelo Centro de Informa\u00e7\u00f5es para Migrantes, Refugiados e Ap\u00e1tridas do Paran\u00e1 (Ceim) do Departamento de Direitos Fundamentais e Cidadania. \u201cS\u00e3o&nbsp;cestas que ser\u00e3o entregues prioritariamente para fam\u00edlias com crian\u00e7as, idosos, desempregados [&hellip;]<\/p>\n","protected":false},"author":2,"featured_media":27776,"comment_status":"open","ping_status":"open","sticky":false,"template":"","format":"standard","meta":{"advanced_seo_description":"","jetpack_seo_html_title":"","jetpack_seo_noindex":false,"_jetpack_memberships_contains_paid_content":false,"footnotes":""},"categories":[40],"tags":[],"class_list":{"0":"post-27775","1":"post","2":"type-post","3":"status-publish","4":"format-standard","5":"has-post-thumbnail","7":"category-destaques"},"jetpack_featured_media_url":"https:\/\/www.paranapraia.com.br\/wp-content\/uploads\/2020\/06\/news_interna_WhatsApp_Image_20200629_at_16.01.064.jpg","jetpack_sharing_enabled":true,"_links":{"self":[{"href":"https:\/\/www.paranapraia.com.br\/index.php\/wp-json\/wp\/v2\/posts\/27775"}],"collection":[{"href":"https:\/\/www.paranapraia.com.br\/index.php\/wp-json\/wp\/v2\/posts"}],"about":[{"href":"https:\/\/www.paranapraia.com.br\/index.php\/wp-json\/wp\/v2\/types\/post"}],"author":[{"embeddable":true,"href":"https:\/\/www.paranapraia.com.br\/index.php\/wp-json\/wp\/v2\/users\/2"}],"replies":[{"embeddable":true,"href":"https:\/\/www.paranapraia.com.br\/index.php\/wp-json\/wp\/v2\/comments?post=27775"}],"version-history":[{"count":2,"href":"https:\/\/www.paranapraia.com.br\/index.php\/wp-json\/wp\/v2\/posts\/27775\/revisions"}],"predecessor-version":[{"id":27778,"href":"https:\/\/www.paranapraia.com.br\/index.php\/wp-json\/wp\/v2\/posts\/27775\/revisions\/27778"}],"wp:featuredmedia":[{"embeddable":true,"href":"https:\/\/www.paranapraia.com.br\/index.php\/wp-json\/wp\/v2\/media\/27776"}],"wp:attachment":[{"href":"https:\/\/www.paranapraia.com.br\/index.php\/wp-json\/wp\/v2\/media?parent=27775"}],"wp:term":[{"taxonomy":"category","embeddable":true,"href":"https:\/\/www.paranapraia.com.br\/index.php\/wp-json\/wp\/v2\/categories?post=27775"},{"taxonomy":"post_tag","embeddable":true,"href":"https:\/\/www.paranapraia.com.br\/index.php\/wp-json\/wp\/v2\/tags?post=27775"}],"curies":[{"name":"wp","href":"https:\/\/api.w.org\/{rel}","templated":true}]}}