{"id":27772,"date":"2020-06-29T20:54:46","date_gmt":"2020-06-29T23:54:46","guid":{"rendered":"https:\/\/www.paranapraia.com.br\/?p=27772"},"modified":"2020-06-29T21:38:23","modified_gmt":"2020-06-30T00:38:23","slug":"campanha-de-vacina-contra-a-gripe-termina-nesta-terca-feira","status":"publish","type":"post","link":"https:\/\/www.paranapraia.com.br\/index.php\/2020\/06\/29\/campanha-de-vacina-contra-a-gripe-termina-nesta-terca-feira\/","title":{"rendered":"Campanha de vacina contra a gripe termina nesta ter\u00e7a-feira"},"content":{"rendered":"\n<p>A campanha de vacina\u00e7\u00e3o contra a gripe termina nesta ter\u00e7a-feira, 30 de junho. At\u00e9 o momento, o Paran\u00e1 atingiu a cobertura de 85, 95% do p\u00fablico-alvo, segundo dados do Sistema Nacional do Programa de Imuniza\u00e7\u00f5es.<\/p>\n\n\n\n<p>A Secretaria da Sa\u00fade do Paran\u00e1 distribuiu 4,3 milh\u00f5es de doses da vacina contra a Influenza para os v\u00e1rios grupos elencados pelo Minist\u00e9rio da Sa\u00fade e, deste total, foram aplicadas cerca de 3,3 milh\u00f5es.<\/p>\n\n\n\n<p>\u201cRecomendamos aos munic\u00edpios que ainda t\u00eam doses, para que promovam, a partir de 1\u00ba de julho, quarta-feira, a vacina\u00e7\u00e3o de forma indiscriminada para toda a popula\u00e7\u00e3o, observando sempre as regras de vigil\u00e2ncia e de prote\u00e7\u00e3o durante a pandemia da Covid-19\u201d, afirmou o secret\u00e1rio da Sa\u00fade do Paran\u00e1, Beto Preto. A orienta\u00e7\u00e3o da Secretaria da Sa\u00fade foi encaminhada nesta segunda-feira (29), \u00e0s 22 Regionais de Sa\u00fade.<\/p>\n\n\n\n<p>Neste ano, a Campanha Nacional contra a Influenza foi antecipada em um m\u00eas. Teve in\u00edcio em mar\u00e7o e logo nos primeiros dias houve uma corrida em busca da vacina, principalmente, pelos idosos, que registram mais de 100% de cobertura no Estado.&nbsp;<\/p>\n\n\n\n<p>Al\u00e9m das pessoas acima de 60 anos, os grupos de trabalhadores da sa\u00fade e de povos ind\u00edgenas tamb\u00e9m apresentam \u00edndice de cobertura acima do preconizado pelo Minist\u00e9rio da Sa\u00fade, que \u00e9 de 90% do p\u00fablico-alvo.<\/p>\n\n\n\n<p>No entanto, outros grupos como de crian\u00e7as, gestantes, pu\u00e9rperas e adultos de 55 a 59 anos ainda n\u00e3o atingiram a meta. Crian\u00e7as at\u00e9 o momento est\u00e1 59,73%; gestantes em 56,80%; pu\u00e9rperas em e adultos de 55 a 59 anos em 51,74%.<\/p>\n\n\n\n<p><strong>INDICADORES &#8211;&nbsp;<\/strong>Estes grupos s\u00e3o estabelecidos pelo Minist\u00e9rio da Sa\u00fade como indicadores para avalia\u00e7\u00e3o da cobertura vacinal da gripe. Mas al\u00e9m desses, tamb\u00e9m receberam a dose da vacina os grupos de trabalhadores das for\u00e7as de seguran\u00e7a e salvamento, portadores de doen\u00e7as cr\u00f4nicas e condi\u00e7\u00f5es cl\u00ednicas especiais, caminhoneiros, motoristas e cobradores de transporte coletivo, trabalhadores portu\u00e1rios, adolescentes e jovens de 12 a 21 anos sob medidas socioeducativas, popula\u00e7\u00e3o privada de liberdade, funcion\u00e1rios do sistema prisional, pessoas com defici\u00eancia e professores.<\/p>\n\n\n\n<p><strong>EXTRAMUROS \u2013&nbsp;<\/strong>A Secretaria da Sa\u00fade reafirma a import\u00e2ncia de a imuniza\u00e7\u00e3o contra a gripe neste momento de pandemia. \u201cA vacina n\u00e3o protege contra o novo coronav\u00edrus, mas impede que pessoas dos grupos de risco tenham quadros mais fortes da infec\u00e7\u00e3o pelos v\u00edrus da Influenza, evitando assim que precisem de internamento em leitos hospitalares\u201d, disse a diretora de Aten\u00e7\u00e3o e Vigil\u00e2ncia em Sa\u00fade da Secretaria Sa\u00fade, Maria Goretti David Lopes.<\/p>\n\n\n\n<p>A Secretaria indica, desde o in\u00edcio da campanha, que os munic\u00edpios realizem a vacina\u00e7\u00e3o extramuros, ou seja, em ambientes fora dos postos e unidade de sa\u00fade, como forma de prote\u00e7\u00e3o da popula\u00e7\u00e3o e tamb\u00e9m dos profissionais que atuam na \u00e1rea. \u201cPara os munic\u00edpios que ainda t\u00eam doses da vacina contra a Influenza, a orienta\u00e7\u00e3o \u00e9 para que realizem a\u00e7\u00f5es de imuniza\u00e7\u00e3o em ambientes amplos e arejados, como drive thru, por exemplo\u201d, disse a diretora.<\/p>\n\n\n\n<p>\u201cEnquanto houver saldo de vacinas a atividade deve seguir, mas alertamos que o registro das doses ser\u00e1 consolidado pelo sistema nacional no dia 24 de julho\u201d, complementou.<\/p>\n\n\n\n<p> Assessoria <br><\/p>\n","protected":false},"excerpt":{"rendered":"<p>A campanha de vacina\u00e7\u00e3o contra a gripe termina nesta ter\u00e7a-feira, 30 de junho. At\u00e9 o momento, o Paran\u00e1 atingiu a cobertura de 85, 95% do p\u00fablico-alvo, segundo dados do Sistema Nacional do Programa de Imuniza\u00e7\u00f5es. A Secretaria da Sa\u00fade do Paran\u00e1 distribuiu 4,3 milh\u00f5es de doses da vacina contra a Influenza para os v\u00e1rios grupos [&hellip;]<\/p>\n","protected":false},"author":2,"featured_media":27773,"comment_status":"open","ping_status":"open","sticky":false,"template":"","format":"standard","meta":{"advanced_seo_description":"","jetpack_seo_html_title":"","jetpack_seo_noindex":false,"_jetpack_memberships_contains_paid_content":false,"footnotes":""},"categories":[40,50],"tags":[],"class_list":{"0":"post-27772","1":"post","2":"type-post","3":"status-publish","4":"format-standard","5":"has-post-thumbnail","7":"category-destaques","8":"category-saude"},"jetpack_featured_media_url":"https:\/\/www.paranapraia.com.br\/wp-content\/uploads\/2020\/06\/news_interna_20190606_AGB_Vacina_Gripe5.jpg","jetpack_sharing_enabled":true,"_links":{"self":[{"href":"https:\/\/www.paranapraia.com.br\/index.php\/wp-json\/wp\/v2\/posts\/27772"}],"collection":[{"href":"https:\/\/www.paranapraia.com.br\/index.php\/wp-json\/wp\/v2\/posts"}],"about":[{"href":"https:\/\/www.paranapraia.com.br\/index.php\/wp-json\/wp\/v2\/types\/post"}],"author":[{"embeddable":true,"href":"https:\/\/www.paranapraia.com.br\/index.php\/wp-json\/wp\/v2\/users\/2"}],"replies":[{"embeddable":true,"href":"https:\/\/www.paranapraia.com.br\/index.php\/wp-json\/wp\/v2\/comments?post=27772"}],"version-history":[{"count":2,"href":"https:\/\/www.paranapraia.com.br\/index.php\/wp-json\/wp\/v2\/posts\/27772\/revisions"}],"predecessor-version":[{"id":27799,"href":"https:\/\/www.paranapraia.com.br\/index.php\/wp-json\/wp\/v2\/posts\/27772\/revisions\/27799"}],"wp:featuredmedia":[{"embeddable":true,"href":"https:\/\/www.paranapraia.com.br\/index.php\/wp-json\/wp\/v2\/media\/27773"}],"wp:attachment":[{"href":"https:\/\/www.paranapraia.com.br\/index.php\/wp-json\/wp\/v2\/media?parent=27772"}],"wp:term":[{"taxonomy":"category","embeddable":true,"href":"https:\/\/www.paranapraia.com.br\/index.php\/wp-json\/wp\/v2\/categories?post=27772"},{"taxonomy":"post_tag","embeddable":true,"href":"https:\/\/www.paranapraia.com.br\/index.php\/wp-json\/wp\/v2\/tags?post=27772"}],"curies":[{"name":"wp","href":"https:\/\/api.w.org\/{rel}","templated":true}]}}