{"id":27690,"date":"2020-06-28T20:31:16","date_gmt":"2020-06-28T23:31:16","guid":{"rendered":"https:\/\/www.paranapraia.com.br\/?p=27690"},"modified":"2020-06-28T20:31:17","modified_gmt":"2020-06-28T23:31:17","slug":"curitiba-confirma-sete-mortes-pelo-coronavirus-em-24-horas-e-chega-a-140-no-total","status":"publish","type":"post","link":"https:\/\/www.paranapraia.com.br\/index.php\/2020\/06\/28\/curitiba-confirma-sete-mortes-pelo-coronavirus-em-24-horas-e-chega-a-140-no-total\/","title":{"rendered":"Curitiba confirma sete mortes pelo coronav\u00edrus em 24 horas e chega a 140 no total"},"content":{"rendered":"\n<h4 class=\"wp-block-heading\">As sete novas v\u00edtimas s\u00e3o duas mulheres de 75 e 90 anos de idade e cinco homens entre 55 e 87 anos<\/h4>\n\n\n\n<p>A Secretaria Municipal da Sa\u00fade (SMS) divulgou neste domingo (28\/6) mais sete \u00f3bitos de moradores da cidade pela covid-19. Com os registros, Curitiba soma 140 mortes pela doen\u00e7a.<\/p>\n\n\n\n<p>As sete novas v\u00edtimas s\u00e3o duas mulheres de 75 e 90 anos de idade e cinco homens entre 55 e 87 anos. Todas v\u00edtimas tinham doen\u00e7as preexistentes e estavam internadas em diferentes hospitais de Curitiba. Um \u00f3bito ocorreu no dia 25 de junho e os demais nas \u00faltimas 24 horas, todos com resultado laboratorial (PCR) que confirmou a infec\u00e7\u00e3o pelo novo coronav\u00edrus.<\/p>\n\n\n\n<h2 class=\"wp-block-heading\"><strong>Novos casos<\/strong><\/h2>\n\n\n\n<p>O boletim mostra ainda 86 novos casos confirmados da doen\u00e7a em moradores da cidade. At\u00e9 agora 4.285 pessoas testaram positivo para o novo coronav\u00edrus, dos quais 2.531 j\u00e1 est\u00e3o liberados do isolamento.<\/p>\n\n\n\n<p>H\u00e1 ainda outros 498 casos em investiga\u00e7\u00e3o, aguardando resultados de exames, e outros 2.901 j\u00e1 foram descartados, desde que foi confirmado o primeiro caso da doen\u00e7a na capital paranaense, em 11 de mar\u00e7o de 2020.<\/p>\n\n\n\n<p>Al\u00e9m dos 140 \u00f3bitos confirmados at\u00e9 agora, 434 mortes foram descartadas e 15 est\u00e3o em investiga\u00e7\u00e3o para covid-19.<\/p>\n\n\n\n<h2 class=\"wp-block-heading\"><strong>Internamentos<\/strong><\/h2>\n\n\n\n<p>Atualmente, 343 pacientes confirmados com a covid-19 est\u00e3o internados em hospitais p\u00fablicos e privados da capital paranaense, 118 deles em UTI.<\/p>\n\n\n\n<p>A taxa de internamento das UTIs do SUS exclusivas para covid-19 hoje na capital \u00e9 de 81% \u2013 todos aqueles que deram entrada no internamento com sintomas suspeitos de s\u00edndromes respirat\u00f3rias agudas graves v\u00e3o para leitos exclusivos covid-19 e n\u00e3o apenas os com casos confirmados.<\/p>\n\n\n\n<h3 class=\"wp-block-heading\"><strong>N\u00fameros da covid-19 em Curitiba<\/strong><\/h3>\n\n\n\n<p>2.901 descartados<br>498 em investiga\u00e7\u00e3o<br>4.285 confirmados<br>2.531 liberados do isolamento<br>140 \u00f3bitos<\/p>\n\n\n\n<p>BandaB<\/p>\n","protected":false},"excerpt":{"rendered":"<p>As sete novas v\u00edtimas s\u00e3o duas mulheres de 75 e 90 anos de idade e cinco homens entre 55 e 87 anos A Secretaria Municipal da Sa\u00fade (SMS) divulgou neste domingo (28\/6) mais sete \u00f3bitos de moradores da cidade pela covid-19. Com os registros, Curitiba soma 140 mortes pela doen\u00e7a. As sete novas v\u00edtimas s\u00e3o [&hellip;]<\/p>\n","protected":false},"author":2,"featured_media":27415,"comment_status":"open","ping_status":"open","sticky":false,"template":"","format":"standard","meta":{"advanced_seo_description":"","jetpack_seo_html_title":"","jetpack_seo_noindex":false,"_jetpack_memberships_contains_paid_content":false,"footnotes":""},"categories":[107,71],"tags":[],"class_list":{"0":"post-27690","1":"post","2":"type-post","3":"status-publish","4":"format-standard","5":"has-post-thumbnail","7":"category-covid-19","8":"category-curitiba"},"jetpack_featured_media_url":"https:\/\/www.paranapraia.com.br\/wp-content\/uploads\/2020\/05\/oito-casos-de-coronavirus-estao-confirmados-no-brasil-201408.jpg","jetpack_sharing_enabled":true,"_links":{"self":[{"href":"https:\/\/www.paranapraia.com.br\/index.php\/wp-json\/wp\/v2\/posts\/27690"}],"collection":[{"href":"https:\/\/www.paranapraia.com.br\/index.php\/wp-json\/wp\/v2\/posts"}],"about":[{"href":"https:\/\/www.paranapraia.com.br\/index.php\/wp-json\/wp\/v2\/types\/post"}],"author":[{"embeddable":true,"href":"https:\/\/www.paranapraia.com.br\/index.php\/wp-json\/wp\/v2\/users\/2"}],"replies":[{"embeddable":true,"href":"https:\/\/www.paranapraia.com.br\/index.php\/wp-json\/wp\/v2\/comments?post=27690"}],"version-history":[{"count":1,"href":"https:\/\/www.paranapraia.com.br\/index.php\/wp-json\/wp\/v2\/posts\/27690\/revisions"}],"predecessor-version":[{"id":27691,"href":"https:\/\/www.paranapraia.com.br\/index.php\/wp-json\/wp\/v2\/posts\/27690\/revisions\/27691"}],"wp:featuredmedia":[{"embeddable":true,"href":"https:\/\/www.paranapraia.com.br\/index.php\/wp-json\/wp\/v2\/media\/27415"}],"wp:attachment":[{"href":"https:\/\/www.paranapraia.com.br\/index.php\/wp-json\/wp\/v2\/media?parent=27690"}],"wp:term":[{"taxonomy":"category","embeddable":true,"href":"https:\/\/www.paranapraia.com.br\/index.php\/wp-json\/wp\/v2\/categories?post=27690"},{"taxonomy":"post_tag","embeddable":true,"href":"https:\/\/www.paranapraia.com.br\/index.php\/wp-json\/wp\/v2\/tags?post=27690"}],"curies":[{"name":"wp","href":"https:\/\/api.w.org\/{rel}","templated":true}]}}