{"id":27686,"date":"2020-06-28T17:39:51","date_gmt":"2020-06-28T20:39:51","guid":{"rendered":"https:\/\/www.paranapraia.com.br\/?p=27686"},"modified":"2020-06-28T17:40:03","modified_gmt":"2020-06-28T20:40:03","slug":"isolamento-social-e-ansiedade-aumentam-consumo-de-alcool-na-quarentena-diz-especialista","status":"publish","type":"post","link":"https:\/\/www.paranapraia.com.br\/index.php\/2020\/06\/28\/isolamento-social-e-ansiedade-aumentam-consumo-de-alcool-na-quarentena-diz-especialista\/","title":{"rendered":"Isolamento social e ansiedade aumentam consumo de \u00e1lcool na quarentena, diz especialista"},"content":{"rendered":"\n<p>A saudade dos \u2018rol\u00eas\u2019 com os amigos e lazer nos finais de semana tem tomado conta dos moradores de Campo Grande durante os meses de isolamento social devido a pandemia da Covid-19, o novo coronav\u00edrus, em Mato Grosso do Sul. E devido a quarentena e distanciamento das amizades, os moradores t\u00eam feito as vendas das conveni\u00eancias saltarem at\u00e9 50% e especialista explica que fatores s\u00f3 potencializam o consumo do \u00e1lcool.<\/p>\n\n\n\n<p>O\u00a0<strong>Jornal Midiamax<\/strong>\u00a0conversou com comerciantes que<strong>\u00a0revelaram estar vendendo bem mais durante os dias de pandemia<\/strong>\u00a0e conforme a psiquiatra Danusa Guizzo Ayache, os quadros depressivos est\u00e3o crescendo durante a pandemia e os moradores est\u00e3o ingerindo mais bebida alco\u00f3lica devido ao isolamento.<\/p>\n\n\n\n<p>\u201cJ\u00e1 existem trabalhos que falam que a quarta onda da pandemia ser\u00e1 o do aumento dos transtornos mentais na popula\u00e7\u00e3o. A restri\u00e7\u00e3o ao lazer, n\u00e3o poder fazer atividades prazerosas, como sair, conversar com os amigos, frequentar bares, isso pode, sim, levar ao aumento no consumo de \u00e1lcool\u201d, disse.<\/p>\n\n\n\n<p>At\u00e9 mais que 30% no aumento das vendas de bebida alco\u00f3lica, na conveni\u00eancia de Willianson Viana, vendeu mais de 70% do estoque durante os primeiros dias da quarentena e, atualmente, a conveni\u00eancia, localizada no Jardim Autonomista, est\u00e1 vendo 56% a mais do que no per\u00edodo pr\u00e9-pandemia.<\/p>\n\n\n\n<figure class=\"wp-block-image size-large\"><img loading=\"lazy\" decoding=\"async\" width=\"400\" height=\"400\" src=\"https:\/\/www.paranapraia.com.br\/wp-content\/uploads\/2020\/06\/Mar\u00e9..gif\" alt=\"\" class=\"wp-image-27552\"\/><\/figure>\n\n\n\n<p>\u201cOs clientes compravam de caixa fechada e n\u00e3o deixavam o funcion\u00e1rio tocar, por medo de cont\u00e1gio. Antes da pandemia, vend\u00edamos at\u00e9 57 fardos nos finais de semana, hoje vendemos em m\u00e9dia, 90. Tem cliente que compra at\u00e9 7 engradados para entregar na casa dele. Ou seja, as pessoas est\u00e3o comprando em grande quantidade para guardar em casa\u201d, disse.<\/p>\n\n\n\n<p>Vale lembrar que, de acordo com pesquisa nacional, feita pela Abead (Associa\u00e7\u00e3o Brasileira de Estudos do \u00c1lcool e outras Drogas), o consumo pelos moradores aumentou e nas distribuidoras, as vendas cresceram 38%.<\/p>\n\n\n\n<p>midiamax<\/p>\n","protected":false},"excerpt":{"rendered":"<p>A saudade dos \u2018rol\u00eas\u2019 com os amigos e lazer nos finais de semana tem tomado conta dos moradores de Campo Grande durante os meses de isolamento social devido a pandemia da Covid-19, o novo coronav\u00edrus, em Mato Grosso do Sul. E devido a quarentena e distanciamento das amizades, os moradores t\u00eam feito as vendas das [&hellip;]<\/p>\n","protected":false},"author":2,"featured_media":27687,"comment_status":"open","ping_status":"open","sticky":false,"template":"","format":"standard","meta":{"advanced_seo_description":"","jetpack_seo_html_title":"","jetpack_seo_noindex":false,"_jetpack_memberships_contains_paid_content":false,"footnotes":""},"categories":[40,50],"tags":[],"class_list":{"0":"post-27686","1":"post","2":"type-post","3":"status-publish","4":"format-standard","5":"has-post-thumbnail","7":"category-destaques","8":"category-saude"},"jetpack_featured_media_url":"https:\/\/www.paranapraia.com.br\/wp-content\/uploads\/2020\/06\/WhatsApp-Image-2020-06-19-at-11.39.38-750x430-1.jpeg","jetpack_sharing_enabled":true,"_links":{"self":[{"href":"https:\/\/www.paranapraia.com.br\/index.php\/wp-json\/wp\/v2\/posts\/27686"}],"collection":[{"href":"https:\/\/www.paranapraia.com.br\/index.php\/wp-json\/wp\/v2\/posts"}],"about":[{"href":"https:\/\/www.paranapraia.com.br\/index.php\/wp-json\/wp\/v2\/types\/post"}],"author":[{"embeddable":true,"href":"https:\/\/www.paranapraia.com.br\/index.php\/wp-json\/wp\/v2\/users\/2"}],"replies":[{"embeddable":true,"href":"https:\/\/www.paranapraia.com.br\/index.php\/wp-json\/wp\/v2\/comments?post=27686"}],"version-history":[{"count":1,"href":"https:\/\/www.paranapraia.com.br\/index.php\/wp-json\/wp\/v2\/posts\/27686\/revisions"}],"predecessor-version":[{"id":27688,"href":"https:\/\/www.paranapraia.com.br\/index.php\/wp-json\/wp\/v2\/posts\/27686\/revisions\/27688"}],"wp:featuredmedia":[{"embeddable":true,"href":"https:\/\/www.paranapraia.com.br\/index.php\/wp-json\/wp\/v2\/media\/27687"}],"wp:attachment":[{"href":"https:\/\/www.paranapraia.com.br\/index.php\/wp-json\/wp\/v2\/media?parent=27686"}],"wp:term":[{"taxonomy":"category","embeddable":true,"href":"https:\/\/www.paranapraia.com.br\/index.php\/wp-json\/wp\/v2\/categories?post=27686"},{"taxonomy":"post_tag","embeddable":true,"href":"https:\/\/www.paranapraia.com.br\/index.php\/wp-json\/wp\/v2\/tags?post=27686"}],"curies":[{"name":"wp","href":"https:\/\/api.w.org\/{rel}","templated":true}]}}