{"id":27683,"date":"2020-06-28T17:28:20","date_gmt":"2020-06-28T20:28:20","guid":{"rendered":"https:\/\/www.paranapraia.com.br\/?p=27683"},"modified":"2020-06-28T17:28:21","modified_gmt":"2020-06-28T20:28:21","slug":"problemas-de-saude-mental-sao-quarta-onda-da-pandemia-de-covid-19","status":"publish","type":"post","link":"https:\/\/www.paranapraia.com.br\/index.php\/2020\/06\/28\/problemas-de-saude-mental-sao-quarta-onda-da-pandemia-de-covid-19\/","title":{"rendered":"Problemas de sa\u00fade mental s\u00e3o &#8216;quarta onda&#8217; da pandemia de Covid-19"},"content":{"rendered":"\n<p>O presidente da Associa\u00e7\u00e3o Psiqui\u00e1trica da Am\u00e9rica Latina, Ant\u00f4nio Geraldo da Silva, explicou que o momento agrava quadros de pessoas que j\u00e1 passavam por tratamento de algum transtorno psiqui\u00e1trico, ou que podem ter tido dificuldade de acesso \u00e0 tratamentos por causa do isolamento social, e tamb\u00e9m atinge pessoas que nunca tiveram sintomas antes.<\/p>\n\n\n\n<p> CBN <\/p>\n","protected":false},"excerpt":{"rendered":"<p>O presidente da Associa\u00e7\u00e3o Psiqui\u00e1trica da Am\u00e9rica Latina, Ant\u00f4nio Geraldo da Silva, explicou que o momento agrava quadros de pessoas que j\u00e1 passavam por tratamento de algum transtorno psiqui\u00e1trico, ou que podem ter tido dificuldade de acesso \u00e0 tratamentos por causa do isolamento social, e tamb\u00e9m atinge pessoas que nunca tiveram sintomas antes. CBN<\/p>\n","protected":false},"author":2,"featured_media":27684,"comment_status":"open","ping_status":"open","sticky":false,"template":"","format":"standard","meta":{"advanced_seo_description":"","jetpack_seo_html_title":"","jetpack_seo_noindex":false,"_jetpack_memberships_contains_paid_content":false,"footnotes":""},"categories":[50],"tags":[],"class_list":{"0":"post-27683","1":"post","2":"type-post","3":"status-publish","4":"format-standard","5":"has-post-thumbnail","7":"category-saude"},"jetpack_featured_media_url":"https:\/\/www.paranapraia.com.br\/wp-content\/uploads\/2020\/06\/c6e2354a-0e23-47e2-bdda-d07bf69446b3.jpg.640x360_q75_box-0641280783_crop_detail.jpg","jetpack_sharing_enabled":true,"_links":{"self":[{"href":"https:\/\/www.paranapraia.com.br\/index.php\/wp-json\/wp\/v2\/posts\/27683"}],"collection":[{"href":"https:\/\/www.paranapraia.com.br\/index.php\/wp-json\/wp\/v2\/posts"}],"about":[{"href":"https:\/\/www.paranapraia.com.br\/index.php\/wp-json\/wp\/v2\/types\/post"}],"author":[{"embeddable":true,"href":"https:\/\/www.paranapraia.com.br\/index.php\/wp-json\/wp\/v2\/users\/2"}],"replies":[{"embeddable":true,"href":"https:\/\/www.paranapraia.com.br\/index.php\/wp-json\/wp\/v2\/comments?post=27683"}],"version-history":[{"count":1,"href":"https:\/\/www.paranapraia.com.br\/index.php\/wp-json\/wp\/v2\/posts\/27683\/revisions"}],"predecessor-version":[{"id":27685,"href":"https:\/\/www.paranapraia.com.br\/index.php\/wp-json\/wp\/v2\/posts\/27683\/revisions\/27685"}],"wp:featuredmedia":[{"embeddable":true,"href":"https:\/\/www.paranapraia.com.br\/index.php\/wp-json\/wp\/v2\/media\/27684"}],"wp:attachment":[{"href":"https:\/\/www.paranapraia.com.br\/index.php\/wp-json\/wp\/v2\/media?parent=27683"}],"wp:term":[{"taxonomy":"category","embeddable":true,"href":"https:\/\/www.paranapraia.com.br\/index.php\/wp-json\/wp\/v2\/categories?post=27683"},{"taxonomy":"post_tag","embeddable":true,"href":"https:\/\/www.paranapraia.com.br\/index.php\/wp-json\/wp\/v2\/tags?post=27683"}],"curies":[{"name":"wp","href":"https:\/\/api.w.org\/{rel}","templated":true}]}}