{"id":27164,"date":"2020-04-28T17:32:35","date_gmt":"2020-04-28T20:32:35","guid":{"rendered":"https:\/\/www.paranapraia.com.br\/?p=27164"},"modified":"2020-04-28T17:32:36","modified_gmt":"2020-04-28T20:32:36","slug":"coronavirus-greca-prorroga-suspensao-das-aulas-presenciais-em-curitiba-ate-agosto","status":"publish","type":"post","link":"https:\/\/www.paranapraia.com.br\/index.php\/2020\/04\/28\/coronavirus-greca-prorroga-suspensao-das-aulas-presenciais-em-curitiba-ate-agosto\/","title":{"rendered":"Coronav\u00edrus: Greca prorroga suspens\u00e3o das aulas presenciais em Curitiba at\u00e9 agosto"},"content":{"rendered":"\n<h4 class=\"wp-block-heading\">An\u00fancio do prefeito foi feito nesta ter\u00e7a-feira (28). Suspens\u00e3o vale para escolas, Cmeis, Centros Municipais de Atendimento Educacional Especializado e Centros de Educa\u00e7\u00e3o Infantil.<\/h4>\n\n\n\n<p>O prefeito Rafael Greca (DEM) decidiu prorrogar a suspens\u00e3o das aulas presenciais em Curitiba at\u00e9 agosto por conta da pandemia de coronav\u00edrus.\u00a0Desde ent\u00e3o, as aulas presenciais estavam marcadas para retornar no dia 2 de maio.\u00a0O an\u00fancio do prefeito foi dado na tarde desta ter\u00e7a-feira (28)<\/p>\n\n\n\n<p>A medida \u00e9 restrita \u00e0 rede municipal de ensino. A volta do ano letivo nas escolas particulares e estaduais ainda precisa ser autorizada pelo governo estadual. At\u00e9 esta ter\u00e7a-feira, n\u00e3o havia data definida.<\/p>\n\n\n\n<p>Atualmente, 140 mil estudantes est\u00e3o matriculados na rede municipal. A suspens\u00e3o vale para escolas, Centros Municipais de Atendimento Educacional Especializado e Centros de Educa\u00e7\u00e3o Infantil.<\/p>\n\n\n\n<p>At\u00e9 esta ter\u00e7a, a data exata para a volta dos alunos em agosto ainda n\u00e3o tinha sido definida.<\/p>\n\n\n\n<p>Atualmente,\u00a0as crian\u00e7as e estudantes que est\u00e3o em casa cumprindo o isolamento t\u00eam videoaulas\u00a0que podem ser acompanhadas pelo canal 9.2 UHF da TV Paran\u00e1 Turismo, das 8h \u00e0s 21h, de segunda-feira a s\u00e1bado, ou pelo canal TV Escola Curitiba no YouTube.<\/p>\n\n\n\n<p>O Paran\u00e1 tem 1.186 casos do novo coronav\u00edrus e 75 mortes,\u00a0segundo o \u00faltimo boletim divulgado pela Secretaria de Estado da Sa\u00fade (Sesa). Na capital, s\u00e3o 414 confirma\u00e7\u00f5es e 16 mortes.<\/p>\n\n\n\n<p>A recomenda\u00e7\u00e3o da Secretaria Municipal da Sa\u00fade \u00e9 para que as fam\u00edlias evitem deixar as crian\u00e7as com av\u00f3s ou pessoas idosas durante o per\u00edodo de recesso, j\u00e1 que os idosos formam o grupo de maior risco dos efeitos do coronav\u00edrus.<\/p>\n\n\n\n<h2 class=\"wp-block-heading\">Videoaulas<\/h2>\n\n\n\n<p>Mais de 37,5 mil alunos se inscreveram para as videoaulas desde o in\u00edcio das atividades, no dia 13 de abril.<\/p>\n\n\n\n<p>As aulas online incluem matem\u00e1tica, l\u00edngua portuguesa, rob\u00f3tica, geografia, educa\u00e7\u00e3o f\u00edsica, arte, ci\u00eancias, hist\u00f3ria, ensino religioso, literatura, direitos humanos e fam\u00edlia, al\u00e9m da Educa\u00e7\u00e3o de Jovens e Adultos (EJA).<\/p>\n\n\n\n<p>Aos s\u00e1bados, o conte\u00fado \u00e9 apresentado com adapta\u00e7\u00f5es metodol\u00f3gicas para estudantes em inclus\u00e3o.<\/p>\n\n\n\n<p>Todo o conte\u00fado, que faz parte do curr\u00edculo da rede municipal, ser\u00e1 retomado no retorno das aulas presenciais, segundo a prefeitura.<\/p>\n\n\n\n<p>G1PR<br><\/p>\n","protected":false},"excerpt":{"rendered":"<p>An\u00fancio do prefeito foi feito nesta ter\u00e7a-feira (28). Suspens\u00e3o vale para escolas, Cmeis, Centros Municipais de Atendimento Educacional Especializado e Centros de Educa\u00e7\u00e3o Infantil. O prefeito Rafael Greca (DEM) decidiu prorrogar a suspens\u00e3o das aulas presenciais em Curitiba at\u00e9 agosto por conta da pandemia de coronav\u00edrus.\u00a0Desde ent\u00e3o, as aulas presenciais estavam marcadas para retornar no [&hellip;]<\/p>\n","protected":false},"author":2,"featured_media":27165,"comment_status":"open","ping_status":"open","sticky":false,"template":"","format":"standard","meta":{"advanced_seo_description":"","jetpack_seo_html_title":"","jetpack_seo_noindex":false,"_jetpack_memberships_contains_paid_content":false,"footnotes":""},"categories":[71],"tags":[],"class_list":{"0":"post-27164","1":"post","2":"type-post","3":"status-publish","4":"format-standard","5":"has-post-thumbnail","7":"category-curitiba"},"jetpack_featured_media_url":"https:\/\/www.paranapraia.com.br\/wp-content\/uploads\/2020\/04\/escola.jpg","jetpack_sharing_enabled":true,"_links":{"self":[{"href":"https:\/\/www.paranapraia.com.br\/index.php\/wp-json\/wp\/v2\/posts\/27164"}],"collection":[{"href":"https:\/\/www.paranapraia.com.br\/index.php\/wp-json\/wp\/v2\/posts"}],"about":[{"href":"https:\/\/www.paranapraia.com.br\/index.php\/wp-json\/wp\/v2\/types\/post"}],"author":[{"embeddable":true,"href":"https:\/\/www.paranapraia.com.br\/index.php\/wp-json\/wp\/v2\/users\/2"}],"replies":[{"embeddable":true,"href":"https:\/\/www.paranapraia.com.br\/index.php\/wp-json\/wp\/v2\/comments?post=27164"}],"version-history":[{"count":1,"href":"https:\/\/www.paranapraia.com.br\/index.php\/wp-json\/wp\/v2\/posts\/27164\/revisions"}],"predecessor-version":[{"id":27166,"href":"https:\/\/www.paranapraia.com.br\/index.php\/wp-json\/wp\/v2\/posts\/27164\/revisions\/27166"}],"wp:featuredmedia":[{"embeddable":true,"href":"https:\/\/www.paranapraia.com.br\/index.php\/wp-json\/wp\/v2\/media\/27165"}],"wp:attachment":[{"href":"https:\/\/www.paranapraia.com.br\/index.php\/wp-json\/wp\/v2\/media?parent=27164"}],"wp:term":[{"taxonomy":"category","embeddable":true,"href":"https:\/\/www.paranapraia.com.br\/index.php\/wp-json\/wp\/v2\/categories?post=27164"},{"taxonomy":"post_tag","embeddable":true,"href":"https:\/\/www.paranapraia.com.br\/index.php\/wp-json\/wp\/v2\/tags?post=27164"}],"curies":[{"name":"wp","href":"https:\/\/api.w.org\/{rel}","templated":true}]}}