{"id":27161,"date":"2020-04-28T17:29:17","date_gmt":"2020-04-28T20:29:17","guid":{"rendered":"https:\/\/www.paranapraia.com.br\/?p=27161"},"modified":"2020-04-28T17:29:18","modified_gmt":"2020-04-28T20:29:18","slug":"greca-da-bronca-sobre-desrespeito-ao-isolamento-em-curitiba-irresponsabilidade-em-saude-publica-pode-ser-homicidio","status":"publish","type":"post","link":"https:\/\/www.paranapraia.com.br\/index.php\/2020\/04\/28\/greca-da-bronca-sobre-desrespeito-ao-isolamento-em-curitiba-irresponsabilidade-em-saude-publica-pode-ser-homicidio\/","title":{"rendered":"Greca d\u00e1 bronca sobre desrespeito ao isolamento em Curitiba: &#8216;Irresponsabilidade em sa\u00fade p\u00fablica pode ser homic\u00eddio&#8217;"},"content":{"rendered":"\n<p>Depois de um fim de semana de lojas lotadas e aglomera\u00e7\u00f5es em diversas regi\u00f5es de Curitiba, o prefeito de Curitiba Rafael Greca refor\u00e7ou nesta segunda (27) a necessidade de isolamento social durante a live di\u00e1ria sobre o covid-19. Entre os exemplos de irresponsabilidade, ele citou\u00a0o grande n\u00famero de pessoas nos jardins do Museu Oscar Niemeyer, no Centro C\u00edvico, no domingo (26).\u00a0\u201cEsse v\u00edrus mata, ent\u00e3o renovo meu veemente apelo para que a popula\u00e7\u00e3o n\u00e3o relaxe no isolamento social com responsabilidade. N\u00f3s n\u00e3o vamos sair ca\u00e7ando pessoas a la\u00e7o, nem vamos revogar direitos de ir e vir, mas recomendamos e suplicamos a manuten\u00e7\u00e3o das medidas de distanciamento, com m\u00e1scara, para o bem de todos os seus semelhantes\u201d, disse ele.<\/p>\n\n\n\n<p>\u201cSe estamos abaixo da curva, \u00e9 porque h\u00e1 um grande esfor\u00e7o coletivo e uma inteligente postura da maioria, que impede a circula\u00e7\u00e3o ativa do v\u00edrus. Autorizamos a Guarda Municipal a agir e notificamos a loja de pipas do S\u00edtio Cercado e tamb\u00e9m a loja de m\u00f3veis que fez liquida\u00e7\u00e3o no Novo Mundo. Isso \u00e9 irresponsabilidade e irresponsabilidade em sa\u00fade p\u00fablica pode ser homic\u00eddio\u201d, afirmou o prefeito.&nbsp;Curitiba confirmou novo \u00f3bito por coronav\u00edrus nesta segunda-feira (27).&nbsp;A v\u00edtima \u00e9 um&nbsp;homem de 81 anos,&nbsp;doente renal.&nbsp;Segundo o boletim divulgado pela Secretaria Municipal de Sa\u00fade tamb\u00e9m foram confirmados novos 26 casos da doen\u00e7a. Agora a Capital totaliza 535 casos e 17 \u00f3bitos.<\/p>\n\n\n\n<p>A Secretaria Municipal da Sa\u00fade de Curitiba refor\u00e7a a necessidade de a popula\u00e7\u00e3o manter o isolamento domiciliar e distanciamento social, al\u00e9m da obrigatoriedade do uso de m\u00e1scaras caseiras nos ambientes p\u00fablicos, quando for inevit\u00e1vel sair. Deve-se ainda higienizar constantemente as m\u00e3os e evitar tocar o rosto. \u201cAinda n\u00e3o chegamos no pico da epidemia em Curitiba. Precisamos manter o isolamento e distanciamento social, que \u00e9 o que est\u00e1 nos ajudando, at\u00e9 o momento, a achatar a curva de casos no munic\u00edpio\u201d, explica a secret\u00e1ria municipal da Sa\u00fade, M\u00e1rcia Hu\u00e7ulak. De acordo com a secret\u00e1ria, caso haja um relaxamento das medidas de isolamento e distanciamento social, por parte da popula\u00e7\u00e3o, com reuni\u00f5es e confraterniza\u00e7\u00f5es, Curitiba pode enfrentar um aumento significativo no n\u00famero de casos de covid-19. \u201cA popula\u00e7\u00e3o est\u00e1 sendo cooperativa at\u00e9 aqui. Precisamos manter o foco\u201d, diz. Segundo a secret\u00e1ria, \u00e9 importante que a popula\u00e7\u00e3o continue respeitando as medidas de isolamento social (para os grupos de risco e pessoas com sintomas respirat\u00f3rios) e distanciamento social (para todos) para que a cidade atravesse a pandemia com o menor impacto negativo poss\u00edvel. A orienta\u00e7\u00e3o \u00e9 para que as pessoas evitem sair de casa, principalmente idosos com 60 anos ou mais, doentes cr\u00f4nicos e gestantes.&nbsp;\u201cN\u00e3o \u00e9 o momento de fazer visitas, churrascos, festas\u201d, afirma M\u00e1rcia. Quando for inevit\u00e1vel sair, \u00e9 obrigat\u00f3rio o uso de m\u00e1scara caseira de pano e guardar uma dist\u00e2ncia de 1,5 metros de outras pessoas.<\/p>\n\n\n\n<p>Fiscaliza\u00e7\u00e3o &#8211;\u00a0Balan\u00e7o da Guarda Municipal aponta que as equipes fizeram 8.345 orienta\u00e7\u00f5es nos \u00faltimos tr\u00eas dias.\u00a0No Xaxim, um churrasco foi desmobilizado na sexta-feira (24\/4), na Pra\u00e7a Greg\u00f3rio Piatkowski. Aglomera\u00e7\u00f5es com a participa\u00e7\u00e3o de centenas de pessoas para campeonatos de pipas somaram 21 ocorr\u00eancias, com orienta\u00e7\u00f5es em todas as regi\u00f5es da cidade. Houve apreens\u00e3o de cerol &#8211; material proibido &#8211; no Cajuru e no Pinheirinho. O campo de futebol da Vila Camargo tamb\u00e9m foi espa\u00e7o de reuni\u00e3o de uma grande quantidade de pessoas.<\/p>\n\n\n\n<p>A Loja Alian\u00e7a, de m\u00f3veis, no bairro Novo Mundo, foi notificada pela Prefeitura de Curitiba nesta segunda-feira (27), ap\u00f3s anunciar promo\u00e7\u00e3o e abrir as portas em desacordo com as medidas previstas pelo poder municipal para reabertura em tempos de pandemia de coronav\u00edrus.. Segundo a Prefeitura, a empresa respons\u00e1vel deve apresentar defesa relativa \u00e0 cassa\u00e7\u00e3o de alvar\u00e1. O caso foi denunciado em\u00a0no domingo (26).\u00a0<\/p>\n\n\n\n<p>Nove bares e lanchonetes foram fiscalizados em nova A\u00e7\u00e3o Integrada de Fiscaliza\u00e7\u00e3o Urbana (Aifu), na noite de sexta-feira (27). Os estabelecimentos vistoriados ficam nos bairros Centro, Merc\u00eas, Juvev\u00ea e S\u00e3o Francisco. Um deles, na Rua Conselheiro Carr\u00e3o, no Juvev\u00ea, foi fechado. A notifica\u00e7\u00e3o expedida pelos fiscais da Secretaria do Urbanismo (SMU) estipulou paralisa\u00e7\u00e3o imediata das atividades por n\u00e3o atender as determina\u00e7\u00f5es da resolu\u00e7\u00e3o municipal n\u00ba 1\/2020 que trata das medidas complementares de preven\u00e7\u00e3o \u00e0 covid-19.<br><\/p>\n","protected":false},"excerpt":{"rendered":"<p>Depois de um fim de semana de lojas lotadas e aglomera\u00e7\u00f5es em diversas regi\u00f5es de Curitiba, o prefeito de Curitiba Rafael Greca refor\u00e7ou nesta segunda (27) a necessidade de isolamento social durante a live di\u00e1ria sobre o covid-19. Entre os exemplos de irresponsabilidade, ele citou\u00a0o grande n\u00famero de pessoas nos jardins do Museu Oscar Niemeyer, [&hellip;]<\/p>\n","protected":false},"author":2,"featured_media":27162,"comment_status":"open","ping_status":"open","sticky":false,"template":"","format":"standard","meta":{"advanced_seo_description":"","jetpack_seo_html_title":"","jetpack_seo_noindex":false,"_jetpack_memberships_contains_paid_content":false,"footnotes":""},"categories":[107,71],"tags":[],"class_list":{"0":"post-27161","1":"post","2":"type-post","3":"status-publish","4":"format-standard","5":"has-post-thumbnail","7":"category-covid-19","8":"category-curitiba"},"jetpack_featured_media_url":"https:\/\/www.paranapraia.com.br\/wp-content\/uploads\/2020\/04\/noticia_938556_img1_rafael-greca-960x540-1.jpg","jetpack_sharing_enabled":true,"_links":{"self":[{"href":"https:\/\/www.paranapraia.com.br\/index.php\/wp-json\/wp\/v2\/posts\/27161"}],"collection":[{"href":"https:\/\/www.paranapraia.com.br\/index.php\/wp-json\/wp\/v2\/posts"}],"about":[{"href":"https:\/\/www.paranapraia.com.br\/index.php\/wp-json\/wp\/v2\/types\/post"}],"author":[{"embeddable":true,"href":"https:\/\/www.paranapraia.com.br\/index.php\/wp-json\/wp\/v2\/users\/2"}],"replies":[{"embeddable":true,"href":"https:\/\/www.paranapraia.com.br\/index.php\/wp-json\/wp\/v2\/comments?post=27161"}],"version-history":[{"count":1,"href":"https:\/\/www.paranapraia.com.br\/index.php\/wp-json\/wp\/v2\/posts\/27161\/revisions"}],"predecessor-version":[{"id":27163,"href":"https:\/\/www.paranapraia.com.br\/index.php\/wp-json\/wp\/v2\/posts\/27161\/revisions\/27163"}],"wp:featuredmedia":[{"embeddable":true,"href":"https:\/\/www.paranapraia.com.br\/index.php\/wp-json\/wp\/v2\/media\/27162"}],"wp:attachment":[{"href":"https:\/\/www.paranapraia.com.br\/index.php\/wp-json\/wp\/v2\/media?parent=27161"}],"wp:term":[{"taxonomy":"category","embeddable":true,"href":"https:\/\/www.paranapraia.com.br\/index.php\/wp-json\/wp\/v2\/categories?post=27161"},{"taxonomy":"post_tag","embeddable":true,"href":"https:\/\/www.paranapraia.com.br\/index.php\/wp-json\/wp\/v2\/tags?post=27161"}],"curies":[{"name":"wp","href":"https:\/\/api.w.org\/{rel}","templated":true}]}}