{"id":27158,"date":"2020-04-28T17:27:06","date_gmt":"2020-04-28T20:27:06","guid":{"rendered":"https:\/\/www.paranapraia.com.br\/?p=27158"},"modified":"2020-04-28T17:27:08","modified_gmt":"2020-04-28T20:27:08","slug":"apos-40-dias-de-luta-contra-o-covid-19-medico-jamal-munir-bark-deixa-uti-em-curitiba","status":"publish","type":"post","link":"https:\/\/www.paranapraia.com.br\/index.php\/2020\/04\/28\/apos-40-dias-de-luta-contra-o-covid-19-medico-jamal-munir-bark-deixa-uti-em-curitiba\/","title":{"rendered":"Ap\u00f3s 40 dias de luta contra o Covid-19, m\u00e9dico Jamal Munir Bark deixa UTI em Curitiba"},"content":{"rendered":"\n<p>Ap\u00f3s 40 dias, o m\u00e9dico Jamal Munir Bark, 59 anos, infectado pelo covid-19, deixou a Unidade de Terapia Intensiva (UTI) do Hospital Marcelino Champagnat, nesta segunda (27). A sa\u00edda dele da UTI foi celebrada pela equipe m\u00e9dica do hospital, que o aplaudiu. Ele agora segue para um quarto no mesmo hospital, onde ficar\u00e1 mais alguns dias em observa\u00e7\u00e3o.\u00a0<\/p>\n\n\n\n<p>O m\u00e9dico, que atendia na Unidade de Pronto-Atendimento (UPA) do Boqueir\u00e3o e em posto de sa\u00fade do munic\u00edpio de Rio Branco do Sul, na Regi\u00e3o Metropolitana de Curitiba, foi internado no dia 19 de mar\u00e7o como o primeiro paciente de coronav\u00edrus&nbsp;em estado grave na capital paranaense. Ele foi infectado ap\u00f3s ter contato com uma pessoa contaminada que tinha viajado de S\u00e3o Paulo para Curitiba. O caso dele foi v\u00e1rias vezes citado pela&nbsp;secret\u00e1ria municipal da Sa\u00fade de Curitiba, M\u00e1rcia Hu\u00e7ulak, nas entrevistas coletivas, por ele ser um m\u00e9dico do sistema de sa\u00fade municipal de Curitiba.&nbsp;<\/p>\n\n\n\n<p>A alta da UTI do doutor Jamal acontece um dia ap\u00f3s a\u00a0morte da\u00a0t\u00e9cnica de enfermagem Valdirene Aparecida Ferreira dos Santos,\u00a0que aos 40 anos se tornou a primeira profissional de Curitiba a falecer por covid-19 no cumprimento do seu dever. Ela era enfermeira no mesmo hosp\u00edtal onde o m\u00e9dico est\u00e1 internado.\u00a0<\/p>\n\n\n\n<p><strong>Boletim &#8211;<\/strong>&nbsp;A Secretaria Municipal da Sa\u00fade confirmou nesta segunda (27) mais uma morte de morador de Curitiba com infec\u00e7\u00e3o pelo novo coronav\u00edrus. A v\u00edtima \u00e9 um&nbsp;homem de 81 anos,&nbsp;doente renal. Este \u00e9 o 17\u00ba \u00f3bito desde o in\u00edcio da pandemia em Curitiba, em 11 de mar\u00e7o. O&nbsp;boletim desta segunda-feira&nbsp;tamb\u00e9m registrou 26 novos casos de covid-19 em moradores da capital. Com a atualiza\u00e7\u00e3o, Curitiba chega a 535 casos confirmados. H\u00e1 ainda outros 110 casos em investiga\u00e7\u00e3o. At\u00e9 agora foram descartados 1.183 resultados de testes para o novo coronav\u00edrus feitos em moradores da cidade.<\/p>\n\n\n\n<p>Do total dos casos positivos registrados at\u00e9 agora, 365 pessoas est\u00e3o liberadas do isolamento. S\u00e3o pacientes com idades entre 1 a 96 anos. Atualmente 71 pacientes com covid-19 est\u00e3o internados em hospitais da cidade, 40 em UTIs, sendo 17 precisando do aux\u00edlio de ventila\u00e7\u00e3o mec\u00e2nica (respirador).<br><\/p>\n\n\n\n<p>Bem Paran\u00e1<br><\/p>\n","protected":false},"excerpt":{"rendered":"<p>Ap\u00f3s 40 dias, o m\u00e9dico Jamal Munir Bark, 59 anos, infectado pelo covid-19, deixou a Unidade de Terapia Intensiva (UTI) do Hospital Marcelino Champagnat, nesta segunda (27). A sa\u00edda dele da UTI foi celebrada pela equipe m\u00e9dica do hospital, que o aplaudiu. Ele agora segue para um quarto no mesmo hospital, onde ficar\u00e1 mais alguns [&hellip;]<\/p>\n","protected":false},"author":2,"featured_media":27159,"comment_status":"open","ping_status":"open","sticky":false,"template":"","format":"standard","meta":{"advanced_seo_description":"","jetpack_seo_html_title":"","jetpack_seo_noindex":false,"_jetpack_memberships_contains_paid_content":false,"footnotes":""},"categories":[107],"tags":[],"class_list":{"0":"post-27158","1":"post","2":"type-post","3":"status-publish","4":"format-standard","5":"has-post-thumbnail","7":"category-covid-19"},"jetpack_featured_media_url":"https:\/\/www.paranapraia.com.br\/wp-content\/uploads\/2020\/04\/noticia_264420_img1_jamal.jpg","jetpack_sharing_enabled":true,"_links":{"self":[{"href":"https:\/\/www.paranapraia.com.br\/index.php\/wp-json\/wp\/v2\/posts\/27158"}],"collection":[{"href":"https:\/\/www.paranapraia.com.br\/index.php\/wp-json\/wp\/v2\/posts"}],"about":[{"href":"https:\/\/www.paranapraia.com.br\/index.php\/wp-json\/wp\/v2\/types\/post"}],"author":[{"embeddable":true,"href":"https:\/\/www.paranapraia.com.br\/index.php\/wp-json\/wp\/v2\/users\/2"}],"replies":[{"embeddable":true,"href":"https:\/\/www.paranapraia.com.br\/index.php\/wp-json\/wp\/v2\/comments?post=27158"}],"version-history":[{"count":1,"href":"https:\/\/www.paranapraia.com.br\/index.php\/wp-json\/wp\/v2\/posts\/27158\/revisions"}],"predecessor-version":[{"id":27160,"href":"https:\/\/www.paranapraia.com.br\/index.php\/wp-json\/wp\/v2\/posts\/27158\/revisions\/27160"}],"wp:featuredmedia":[{"embeddable":true,"href":"https:\/\/www.paranapraia.com.br\/index.php\/wp-json\/wp\/v2\/media\/27159"}],"wp:attachment":[{"href":"https:\/\/www.paranapraia.com.br\/index.php\/wp-json\/wp\/v2\/media?parent=27158"}],"wp:term":[{"taxonomy":"category","embeddable":true,"href":"https:\/\/www.paranapraia.com.br\/index.php\/wp-json\/wp\/v2\/categories?post=27158"},{"taxonomy":"post_tag","embeddable":true,"href":"https:\/\/www.paranapraia.com.br\/index.php\/wp-json\/wp\/v2\/tags?post=27158"}],"curies":[{"name":"wp","href":"https:\/\/api.w.org\/{rel}","templated":true}]}}