{"id":27155,"date":"2020-04-28T17:25:30","date_gmt":"2020-04-28T20:25:30","guid":{"rendered":"https:\/\/www.paranapraia.com.br\/?p=27155"},"modified":"2020-04-28T17:25:31","modified_gmt":"2020-04-28T20:25:31","slug":"parana-tem-1-271-casos-de-covid-19-confirmacoes-passam-a-ser-tambem-por-criterio-clinico","status":"publish","type":"post","link":"https:\/\/www.paranapraia.com.br\/index.php\/2020\/04\/28\/parana-tem-1-271-casos-de-covid-19-confirmacoes-passam-a-ser-tambem-por-criterio-clinico\/","title":{"rendered":"Paran\u00e1 tem 1.271 casos de Covid-19; confirma\u00e7\u00f5es passam a ser tamb\u00e9m por crit\u00e9rio cl\u00ednico"},"content":{"rendered":"\n<p>A Secretaria de Sa\u00fade do Paran\u00e1 divulgou um novo informe sobre a situa\u00e7\u00e3o da Covid-19 no estado. At\u00e9 a ter\u00e7a-feira (28), 1.271 pessoas foram confirmadas com a doen\u00e7a, destas 851 est\u00e3o recuperadas e liberadas do isolamento. 77 morreram por consequ\u00eancia da Covid-19. S\u00e3o 85 casos a mais que o boletim de segunda-feira (27) e duas novas mortes confirmadas.<\/p>\n\n\n\n<p>DIAGN\u00d3STICOS &#8211; A Sesa utiliza a partir desta ter\u00e7a-feira (28) o crit\u00e9rio de confirma\u00e7\u00e3o cl\u00ednico\/epidemiol\u00f3gico. Para a confirma\u00e7\u00e3o nesse crit\u00e9rio a pessoa deve ter tido contato pr\u00f3ximo ou domiciliar com caso confirmado laboratorialmente para COVID-19 nos \u00faltimos sete dias antes do aparecimento dos sintomas.<\/p>\n\n\n\n<p>At\u00e9 hoje os diagn\u00f3sticos eram realizados por meio de exames realizados laboratorialmente, m\u00e9todo RT-PCR, e testes r\u00e1pidos enviados pelo Minist\u00e9rio da Sa\u00fade.<\/p>\n\n\n\n<p>Enquanto o m\u00e9todo RT-PCR analisa se o organismo do paciente est\u00e1 com o v\u00edrus e por isso \u00e9 realizado nos primeiros dias de sintomas, nos testes a verifica\u00e7\u00e3o \u00e9 para saber se a pessoa j\u00e1 teve a doen\u00e7a e o organismo produziu anticorpos. Esses testes r\u00e1pidos utilizam amostras de sangue. A execu\u00e7\u00e3o e a leitura da presen\u00e7a de anticorpos devem ser realizadas por profissionais da sa\u00fade. O resultado \u00e9 verificado ap\u00f3s 15 minutos.<\/p>\n\n\n\n<p>Como a Covid-19 exige notifica\u00e7\u00e3o imediata, os resultados individuais de todos os testes r\u00e1pidos dever\u00e3o ser informados, positivos ou negativos. Para isso, \u00e9 preciso notificar o caso no novo Sistema Estadual de Notifica\u00e7\u00e3o.<\/p>\n\n\n\n<p>O total de \u00f3bitos de residentes no Estado chegou a 77 confirma\u00e7\u00f5es. Nas \u00faltimas 24horas duas pessoas morreram em decorr\u00eancia da Covid-19: uma mulher de 74 anos residente de Gua\u00edra e um homem de 81 morador de Curitiba. Ambos estavam internados.<\/p>\n\n\n\n<p>NOVOS &#8211; Nesta ter\u00e7a-feira (28) 123 munic\u00edpios registram casos confirmados. Os novos 85 novos casos confirmados est\u00e3o nos munic\u00edpios: Amapor\u00e3 (4), Assis Chateaubriand (3), Campo Mour\u00e3o (3), Cascavel (4), C\u00e9u Azul (1), Cianorte (4), Cruzeiro do Sul (2), Curitiba (12), Francisco Beltr\u00e3o (2), Guarapuava (3), Londrina (5), Marilena (5), Maring\u00e1 (2), Nova F\u00e1tima (1), Paranava\u00ed (6), Pinhais (1), Piraquara (1), Planaltina do Paran\u00e1 (2), Prado Ferreira (1), Quer\u00eancia do Norte (5), Ribeir\u00e3o do Pinhal (1), Santa Cruz de Monte Castelo (2), Santo Ant\u00f4nio do Caiu\u00e1 (6), S\u00e3o Jo\u00e3o do Caiu\u00e1 (2), Sarandi (1), Tamboara (2), Terra Rica (3) e Uni\u00e3o da Vit\u00f3ria (1).<\/p>\n\n\n\n<p>A quantidade de pacientes que residem fora do Paran\u00e1 segue a mesma: 15 confirmados e dois \u00f3bitos, conforme detalhamento no Informe Epidemiol\u00f3gico.<\/p>\n\n\n\n<p>SESA-PR<br><\/p>\n","protected":false},"excerpt":{"rendered":"<p>A Secretaria de Sa\u00fade do Paran\u00e1 divulgou um novo informe sobre a situa\u00e7\u00e3o da Covid-19 no estado. At\u00e9 a ter\u00e7a-feira (28), 1.271 pessoas foram confirmadas com a doen\u00e7a, destas 851 est\u00e3o recuperadas e liberadas do isolamento. 77 morreram por consequ\u00eancia da Covid-19. S\u00e3o 85 casos a mais que o boletim de segunda-feira (27) e duas [&hellip;]<\/p>\n","protected":false},"author":2,"featured_media":27156,"comment_status":"open","ping_status":"open","sticky":false,"template":"","format":"standard","meta":{"advanced_seo_description":"","jetpack_seo_html_title":"","jetpack_seo_noindex":false,"_jetpack_memberships_contains_paid_content":false,"footnotes":""},"categories":[40],"tags":[],"class_list":{"0":"post-27155","1":"post","2":"type-post","3":"status-publish","4":"format-standard","5":"has-post-thumbnail","7":"category-destaques"},"jetpack_featured_media_url":"https:\/\/www.paranapraia.com.br\/wp-content\/uploads\/2020\/04\/noticia_173487_img1_corona-ioc-jose-damacena-iovfiocruz.jpg","jetpack_sharing_enabled":true,"_links":{"self":[{"href":"https:\/\/www.paranapraia.com.br\/index.php\/wp-json\/wp\/v2\/posts\/27155"}],"collection":[{"href":"https:\/\/www.paranapraia.com.br\/index.php\/wp-json\/wp\/v2\/posts"}],"about":[{"href":"https:\/\/www.paranapraia.com.br\/index.php\/wp-json\/wp\/v2\/types\/post"}],"author":[{"embeddable":true,"href":"https:\/\/www.paranapraia.com.br\/index.php\/wp-json\/wp\/v2\/users\/2"}],"replies":[{"embeddable":true,"href":"https:\/\/www.paranapraia.com.br\/index.php\/wp-json\/wp\/v2\/comments?post=27155"}],"version-history":[{"count":1,"href":"https:\/\/www.paranapraia.com.br\/index.php\/wp-json\/wp\/v2\/posts\/27155\/revisions"}],"predecessor-version":[{"id":27157,"href":"https:\/\/www.paranapraia.com.br\/index.php\/wp-json\/wp\/v2\/posts\/27155\/revisions\/27157"}],"wp:featuredmedia":[{"embeddable":true,"href":"https:\/\/www.paranapraia.com.br\/index.php\/wp-json\/wp\/v2\/media\/27156"}],"wp:attachment":[{"href":"https:\/\/www.paranapraia.com.br\/index.php\/wp-json\/wp\/v2\/media?parent=27155"}],"wp:term":[{"taxonomy":"category","embeddable":true,"href":"https:\/\/www.paranapraia.com.br\/index.php\/wp-json\/wp\/v2\/categories?post=27155"},{"taxonomy":"post_tag","embeddable":true,"href":"https:\/\/www.paranapraia.com.br\/index.php\/wp-json\/wp\/v2\/tags?post=27155"}],"curies":[{"name":"wp","href":"https:\/\/api.w.org\/{rel}","templated":true}]}}