{"id":27152,"date":"2020-04-28T17:23:53","date_gmt":"2020-04-28T20:23:53","guid":{"rendered":"https:\/\/www.paranapraia.com.br\/?p=27152"},"modified":"2020-04-28T17:23:54","modified_gmt":"2020-04-28T20:23:54","slug":"isolamento-social-cai-e-ocupacao-de-leitos-de-uti-comeca-a-crescer-no-parana","status":"publish","type":"post","link":"https:\/\/www.paranapraia.com.br\/index.php\/2020\/04\/28\/isolamento-social-cai-e-ocupacao-de-leitos-de-uti-comeca-a-crescer-no-parana\/","title":{"rendered":"Isolamento social cai e ocupa\u00e7\u00e3o de leitos de UTI come\u00e7a a crescer no Paran\u00e1"},"content":{"rendered":"\n<p>Nos \u00faltimos dias, cenas diversas registradas em Curitiba chegam a dar a sensa\u00e7\u00e3o de que a cidade est\u00e1 retornando \u00e0 normalidade. Enquanto boa parte do mundo est\u00e1 em confinamento, na capital paranaense, em pleno domingo, teve uma loja de m\u00f3veis lotada no bairro Novo Mundo por conta de uma promo\u00e7\u00e3o, bares cheios pela cidade e o gramado do Museu Oscar Niemeyer (MON) tomado por jovens que sequer usavam m\u00e1scara de prote\u00e7\u00e3o em meio \u00e0 pandemia do novo coronav\u00edrus.<\/p>\n\n\n\n<p>Os epis\u00f3dios n\u00e3o chegam a surpreender, se considerado que o respeito ao isolamento social vem caindo na cidade e no estado. Entre o final de mar\u00e7o e o come\u00e7o de fevereiro, mesmo em dias de semana mais da metade dos curitibanos e dos paranaenses vinham respeitando o confinamento. Entre os dias 23 e 29 de mar\u00e7o (segunda a domingo), por exemplo, o \u00edndice de isolamento social na cidade variou entre 52% e 65,6%. Na \u00faltima semana, na quinta-feira, j\u00e1 estava em 40,97%. No s\u00e1bado, \u00faltima data com dados dispon\u00edveis, ficou em 45,67% na Capital e 46,6% no Estado.<\/p>\n\n\n\n<p>Ao mesmo tempo em que os \u00edndices de isolamento social caem, entretanto, a taxa de ocupa\u00e7\u00e3o de leitos em Unidades de Terapia Intensiva (UTIs) est\u00e1 aumentando. Segundo informa\u00e7\u00f5es da Secretaria Estadual de Sa\u00fade (Sesa) o Paran\u00e1 possui 2.002 leitos UTI adulto, sendo 1.218 do Sistema \u00danico de Sa\u00fade (SUS). Entre os leitos da rede p\u00fablica, a taxa de ocupa\u00e7\u00e3o j\u00e1 est\u00e1 em 83% no estado.<\/p>\n\n\n\n<p>Considerando-se apenas os leitos para Covid-19, s\u00e3o 564 em todo o estado, dos quais 184 est\u00e3o ocupados (30% de taxa de ocupa\u00e7\u00e3o). Dos internados, 86 pacientes j\u00e1 tiveram confirma\u00e7\u00e3o por meio de exame de que foram contaminados pelo novo coronav\u00edrus. Pode at\u00e9 parecer pouco, mas no come\u00e7o do m\u00eas havia apenas 21 pacientes com Covid internados na UTI, o que aponta para um crescimento de 309,5% entre os dias 1\u00ba e 27 de abril \u2013 os dados da Sesa repassados \u00e0 reportagem foram atualizados em 27 de abril, \u00e0s 13 horas.<\/p>\n\n\n\n<p><strong>Sobre o isolamento<\/strong><br>Conforme o presidente do Conselho Regional de Medicina (CRM-PR), Roberto Issamu Yosida, um dos grandes \u201cproblemas\u201d do isolamento social \u00e9 que, quanto mais ele funciona, mais parece que era desnecess\u00e1rio. Dessa forma, quando as medidas est\u00e3o funcionando, as pessoas n\u00e3o veem as estat\u00edsticas aumentarem como seria esperado e se sentem seguras para \u201cretornar \u00e0 normalidade\u201d. Contudo, um passo em falso num momento como esse pode custar caro, muito caro.<br>\u201cCom isolamento social, teremos mais tempo para atender as pessoas. Os nossos hospitais, que est\u00e3o sempre cheios, se encherem ainda mais por Covid, vai ter aumento da mortalidade por outras doen\u00e7as. A pessoa vai infartar, bater o carro, ter um derrame, e n\u00e3o vai ter onde ser atendido\u201d, refor\u00e7a o infectologista Jaime Rocha.<\/p>\n\n\n\n<p><strong>\u2018Irresponsabilidade em sa\u00fade p\u00fablica pode ser homic\u00eddio\u2019, diz Greca<\/strong><\/p>\n\n\n\n<p>Tamb\u00e9m na live de ontem na p\u00e1gina da Prefeitura de Curitiba, o prefeito Rafael Greca se pronunciou sobre os epis\u00f3dios do \u00faltimo final de semana e ressaltou que a Guarda Municipal est\u00e1 autorizada a agir para evitar aglomera\u00e7\u00f5es de pessoas. Em sua fala, o prefeito disse e repetiu, mais de uma vez, que o novo coronav\u00edrus mata. Sobre os casos recentes de desrespeito ao isolamento social, comentou que \u201cisso \u00e9 irresponsabilidade. E irresponsabilidade em sa\u00fade p\u00fablica pode ser homic\u00eddio\u201d.<\/p>\n\n\n\n<p>\u201cRenovo meu veemente apelo para que n\u00e3o relaxem no isolamento social com responsabilidade. N\u00e3o vamos sair ca\u00e7ando pessoas a la\u00e7o nem vamos revogar o direito de ir e vir. N\u00f3s recomendamos e suplicamos que se esforcem com corresponsabilidade, usando m\u00e1scara, em fazer o bem para todos os seus semelhantes e a si pr\u00f3prios. N\u00e3o estamos vivendo per\u00edodo de f\u00e9rias ao Sol nem de lazer prolongado. Estamos vivendo uma prolongada estiagem e um tempo de pandemia. Estamos com grave dificuldade. Se a pandemia em Curitiba tem um \u00edndice abaixo da curva, \u00e9 porque detr\u00e1s disso existe um grande esfor\u00e7o coletivo, uma inteligente postura da maioria da popula\u00e7\u00e3o, felizmente, que at\u00e9 aqui impediram, que o v\u00edrus tivesse circula\u00e7\u00e3o ativa\u201d, disse o prefeito.<\/p>\n\n\n\n<p>Desde o in\u00edcio do m\u00eas, foram 12.230 pessoas orientadas pela GM em Curitiba. Al\u00e9m disso, fiscais do Urbanismo t\u00eam desenvolvido um trabalho voltado para estabelecimentos comerciais, no intuito de inibir excessos.<\/p>\n\n\n\n<p><strong>Curitiba registra 17\u00aa morte por Covid-19; casos chegam a 535<\/strong><\/p>\n\n\n\n<p>A Secretaria Municipal da Sa\u00fade confirmou ontem mais uma morte de morador de Curitiba com infec\u00e7\u00e3o pelo novo coronav\u00edrus. A v\u00edtima \u00e9 um homem de 81 anos, doente renal. Este foi o 17\u00ba \u00f3bito desde o in\u00edcio da pandemia em Curitiba, em 11 de mar\u00e7o. O boletim tamb\u00e9m registrou 26 novos casos de covid-19 em moradores da capital. Com a atualiza\u00e7\u00e3o, Curitiba chega a 535 casos confirmados.<\/p>\n\n\n\n<p>J\u00e1 o informe divulgado pela Secretaria de Estado da Sa\u00fade registrava 30 novos casos da Covid-19 no Paran\u00e1, mais 71 pessoas recuperadas e dois \u00f3bitos decorrentes da doen\u00e7a. O Estado soma agora 1.186 pessoas que tiveram confirma\u00e7\u00e3o da doen\u00e7a, das quais 753 est\u00e3o recuperadas e liberadas do isolamento e 75 faleceram.<\/p>\n\n\n\n<p>Atualmente 71 pacientes com covid-19 est\u00e3o internados em hospitais da cidade, 40 em UTIs, sendo 17 precisando do aux\u00edlio de ventila\u00e7\u00e3o mec\u00e2nica (respirador).<br>O boletim do Minist\u00e9rio da Sa\u00fade registrou 66.501 casos de coronav\u00edrus e 4.543 mortes da doen\u00e7a no Brasil at\u00e9 as 14 horas de ontem, segundo informa\u00e7\u00f5es repassadas pelas Secretarias Estaduais de Sa\u00fade de todo o pa\u00eds. Em 24 horas (em rela\u00e7\u00e3o ao boletim de domingo), foram 4.613 casos novos e 338 novos \u00f3bitos. Existem ainda 1.136 \u00f3bitos que est\u00e3o em investiga\u00e7\u00e3o.<\/p>\n\n\n\n<p>Bem Paran\u00e1<br><\/p>\n","protected":false},"excerpt":{"rendered":"<p>Nos \u00faltimos dias, cenas diversas registradas em Curitiba chegam a dar a sensa\u00e7\u00e3o de que a cidade est\u00e1 retornando \u00e0 normalidade. Enquanto boa parte do mundo est\u00e1 em confinamento, na capital paranaense, em pleno domingo, teve uma loja de m\u00f3veis lotada no bairro Novo Mundo por conta de uma promo\u00e7\u00e3o, bares cheios pela cidade e [&hellip;]<\/p>\n","protected":false},"author":2,"featured_media":27153,"comment_status":"open","ping_status":"open","sticky":false,"template":"","format":"standard","meta":{"advanced_seo_description":"","jetpack_seo_html_title":"","jetpack_seo_noindex":false,"_jetpack_memberships_contains_paid_content":false,"footnotes":""},"categories":[40],"tags":[],"class_list":{"0":"post-27152","1":"post","2":"type-post","3":"status-publish","4":"format-standard","5":"has-post-thumbnail","7":"category-destaques"},"jetpack_featured_media_url":"https:\/\/www.paranapraia.com.br\/wp-content\/uploads\/2020\/04\/noticia_113454_img1_uti.jpg","jetpack_sharing_enabled":true,"_links":{"self":[{"href":"https:\/\/www.paranapraia.com.br\/index.php\/wp-json\/wp\/v2\/posts\/27152"}],"collection":[{"href":"https:\/\/www.paranapraia.com.br\/index.php\/wp-json\/wp\/v2\/posts"}],"about":[{"href":"https:\/\/www.paranapraia.com.br\/index.php\/wp-json\/wp\/v2\/types\/post"}],"author":[{"embeddable":true,"href":"https:\/\/www.paranapraia.com.br\/index.php\/wp-json\/wp\/v2\/users\/2"}],"replies":[{"embeddable":true,"href":"https:\/\/www.paranapraia.com.br\/index.php\/wp-json\/wp\/v2\/comments?post=27152"}],"version-history":[{"count":1,"href":"https:\/\/www.paranapraia.com.br\/index.php\/wp-json\/wp\/v2\/posts\/27152\/revisions"}],"predecessor-version":[{"id":27154,"href":"https:\/\/www.paranapraia.com.br\/index.php\/wp-json\/wp\/v2\/posts\/27152\/revisions\/27154"}],"wp:featuredmedia":[{"embeddable":true,"href":"https:\/\/www.paranapraia.com.br\/index.php\/wp-json\/wp\/v2\/media\/27153"}],"wp:attachment":[{"href":"https:\/\/www.paranapraia.com.br\/index.php\/wp-json\/wp\/v2\/media?parent=27152"}],"wp:term":[{"taxonomy":"category","embeddable":true,"href":"https:\/\/www.paranapraia.com.br\/index.php\/wp-json\/wp\/v2\/categories?post=27152"},{"taxonomy":"post_tag","embeddable":true,"href":"https:\/\/www.paranapraia.com.br\/index.php\/wp-json\/wp\/v2\/tags?post=27152"}],"curies":[{"name":"wp","href":"https:\/\/api.w.org\/{rel}","templated":true}]}}