{"id":27139,"date":"2020-04-27T16:24:21","date_gmt":"2020-04-27T19:24:21","guid":{"rendered":"https:\/\/www.paranapraia.com.br\/?p=27139"},"modified":"2020-04-27T16:25:33","modified_gmt":"2020-04-27T19:25:33","slug":"anvisa-discute-liberar-aplicacao-de-teste-rapido-para-covid-19-em-farmacias","status":"publish","type":"post","link":"https:\/\/www.paranapraia.com.br\/index.php\/2020\/04\/27\/anvisa-discute-liberar-aplicacao-de-teste-rapido-para-covid-19-em-farmacias\/","title":{"rendered":"Anvisa discute liberar aplica\u00e7\u00e3o de teste r\u00e1pido para Covid-19 em farm\u00e1cias"},"content":{"rendered":"\n<p>Os diretores da Ag\u00eancia Nacional de Vigil\u00e2ncia Sanit\u00e1ria (Anvisa) discutem nesta ter\u00e7a-feira, 28, se liberam a aplica\u00e7\u00e3o de testes r\u00e1pidos de coronav\u00edrus em farm\u00e1cias. Atualmente, testes r\u00e1pidos s\u00e3o aplicados em ambiente hospitalar e cl\u00ednicas das redes p\u00fablica e privada.<\/p>\n\n\n\n<p>A proposta ser\u00e1 levada pelo presidente-substituto da ag\u00eancia, Antonio Barra Torres, m\u00e9dico e contra-almirante, tido como conselheiro de Jair Bolsonaro para assuntos de sa\u00fade.<\/p>\n\n\n\n<p>Segundo integrantes do governo, a c\u00fapula do Minist\u00e9rio da Sa\u00fade chegou a resistir \u00e0 proposta, mas passou a apoi\u00e1-la recentemente. O novo ministro da pasta, Nelson Teich, tem dito que melhorar o grau de informa\u00e7\u00e3o sobre a doen\u00e7a no Brasil \u00e9 pilar de sua estrat\u00e9gia de resposta \u00e0 pandemia, que tem como um dos pontos a sa\u00edda do distanciamento social, como defende Bolsonaro.<\/p>\n\n\n\n<p>O receio de autoridades de sa\u00fade, como da Organiza\u00e7\u00e3o Mundial de Sa\u00fade (OMS), \u00e9 que testes r\u00e1pidos t\u00eam alto \u00edndice de &#8220;falso negativo&#8221;, se aplicados nos primeiros dias de sintomas da doen\u00e7a. Como o jornal&nbsp;<strong>O Estado de S. Paulo<\/strong>&nbsp;revelou, exames doados ao governo pela mineradora Vale podem errar 75% dos resultados negativos, segundo an\u00e1lise encomendada pelo pr\u00f3prio Minist\u00e9rio da Sa\u00fade.<\/p>\n\n\n\n<p>A expectativa de fontes do minist\u00e9rio de Teich \u00e9 que a Anvisa aceite a aplica\u00e7\u00e3o em farm\u00e1cias, mas exigindo que o teste seja feito apenas ap\u00f3s alguns dias do surgimento de sintomas da doen\u00e7a.<\/p>\n\n\n\n<p>A forte chance de falso negativo, nos primeiros dias, deve-se \u00e0 caracter\u00edstica do exame, que detecta anticorpos para a doen\u00e7a. Essas subst\u00e2ncias s\u00f3 surgem quando o corpo reage ao v\u00edrus, o que leva alguns dias. Por isso, autoridades recomendam uso de testes do tipo &#8220;RT-PCR&#8221;, mais lento e caro, para garantir diagn\u00f3stico preciso para a covid-19.<\/p>\n\n\n\n<p>Segundo integrantes do minist\u00e9rio, h\u00e1 forte press\u00e3o do Pal\u00e1cio do Planalto para ampliar o n\u00famero de testes no Pa\u00eds. A Sa\u00fade tem sinalizado que pretende aumentar o p\u00fablico-alvo para exames de diagn\u00f3stico r\u00e1pido.<\/p>\n\n\n\n<p>No come\u00e7o da crise, o Minist\u00e9rio da Sa\u00fade recomendava apenas a aplica\u00e7\u00e3o de testes r\u00e1pidos para quem atua na &#8220;linha de frente&#8221; do combate \u00e0 covid-19, como profissionais da sa\u00fade. Em boletim epidemiol\u00f3gico publicado na \u00faltima semana, no entanto, o minist\u00e9rio afirma que deseja &#8220;progressivamente&#8221; incluir idosos, portadores de condi\u00e7\u00f5es de risco para complica\u00e7\u00f5es da covid-19 e a popula\u00e7\u00e3o economicamente ativa na rotina de testagem. A ideia seria tamb\u00e9m aumentar a &#8220;carteira&#8221; de curados e imunes \u00e0 doen\u00e7a que poderiam retornar ao trabalho, dizem integrantes do governo.<br><\/p>\n\n\n\n<p>Estadao Conteudo<\/p>\n","protected":false},"excerpt":{"rendered":"<p>Os diretores da Ag\u00eancia Nacional de Vigil\u00e2ncia Sanit\u00e1ria (Anvisa) discutem nesta ter\u00e7a-feira, 28, se liberam a aplica\u00e7\u00e3o de testes r\u00e1pidos de coronav\u00edrus em farm\u00e1cias. Atualmente, testes r\u00e1pidos s\u00e3o aplicados em ambiente hospitalar e cl\u00ednicas das redes p\u00fablica e privada. A proposta ser\u00e1 levada pelo presidente-substituto da ag\u00eancia, Antonio Barra Torres, m\u00e9dico e contra-almirante, tido como [&hellip;]<\/p>\n","protected":false},"author":2,"featured_media":27140,"comment_status":"open","ping_status":"open","sticky":false,"template":"","format":"standard","meta":{"advanced_seo_description":"","jetpack_seo_html_title":"","jetpack_seo_noindex":false,"_jetpack_memberships_contains_paid_content":false,"footnotes":""},"categories":[1],"tags":[],"class_list":{"0":"post-27139","1":"post","2":"type-post","3":"status-publish","4":"format-standard","5":"has-post-thumbnail","7":"category-sem-categoria"},"jetpack_featured_media_url":"https:\/\/www.paranapraia.com.br\/wp-content\/uploads\/2020\/04\/noticia_514599_img1_corona-testes-ms.jpg","jetpack_sharing_enabled":true,"_links":{"self":[{"href":"https:\/\/www.paranapraia.com.br\/index.php\/wp-json\/wp\/v2\/posts\/27139"}],"collection":[{"href":"https:\/\/www.paranapraia.com.br\/index.php\/wp-json\/wp\/v2\/posts"}],"about":[{"href":"https:\/\/www.paranapraia.com.br\/index.php\/wp-json\/wp\/v2\/types\/post"}],"author":[{"embeddable":true,"href":"https:\/\/www.paranapraia.com.br\/index.php\/wp-json\/wp\/v2\/users\/2"}],"replies":[{"embeddable":true,"href":"https:\/\/www.paranapraia.com.br\/index.php\/wp-json\/wp\/v2\/comments?post=27139"}],"version-history":[{"count":1,"href":"https:\/\/www.paranapraia.com.br\/index.php\/wp-json\/wp\/v2\/posts\/27139\/revisions"}],"predecessor-version":[{"id":27141,"href":"https:\/\/www.paranapraia.com.br\/index.php\/wp-json\/wp\/v2\/posts\/27139\/revisions\/27141"}],"wp:featuredmedia":[{"embeddable":true,"href":"https:\/\/www.paranapraia.com.br\/index.php\/wp-json\/wp\/v2\/media\/27140"}],"wp:attachment":[{"href":"https:\/\/www.paranapraia.com.br\/index.php\/wp-json\/wp\/v2\/media?parent=27139"}],"wp:term":[{"taxonomy":"category","embeddable":true,"href":"https:\/\/www.paranapraia.com.br\/index.php\/wp-json\/wp\/v2\/categories?post=27139"},{"taxonomy":"post_tag","embeddable":true,"href":"https:\/\/www.paranapraia.com.br\/index.php\/wp-json\/wp\/v2\/tags?post=27139"}],"curies":[{"name":"wp","href":"https:\/\/api.w.org\/{rel}","templated":true}]}}