{"id":27136,"date":"2020-04-27T16:08:02","date_gmt":"2020-04-27T19:08:02","guid":{"rendered":"https:\/\/www.paranapraia.com.br\/?p=27136"},"modified":"2020-04-27T16:08:05","modified_gmt":"2020-04-27T19:08:05","slug":"prefeitura-de-curitiba-decreta-luto-oficial-por-morte-de-tecnica-de-enfermagem","status":"publish","type":"post","link":"https:\/\/www.paranapraia.com.br\/index.php\/2020\/04\/27\/prefeitura-de-curitiba-decreta-luto-oficial-por-morte-de-tecnica-de-enfermagem\/","title":{"rendered":"Prefeitura de Curitiba decreta luto oficial por morte de t\u00e9cnica de enfermagem"},"content":{"rendered":"\n<p>O prefeito decretou Luto Oficial pela&nbsp;<a href=\"https:\/\/www.bemparana.com.br\/noticia\/curitiba-ve-primeira-morte-de-profissional-de-saude-por-coronavirus#.XqXuGClKgcU\">morte da t\u00e9cnica de enfermagem Valdirene Aparecida Ferreira dos Santos<\/a>, 40 anos, v\u00edtima da Covid-19, no cumprimento do seu dever.&nbsp;Ela estava internada h\u00e1 quase um m\u00eas na UTI do Hospital Onix, por causa do coronav\u00edrus. Ele tamb\u00e9m aproveitou para pedir que os curtibanos n\u00e3o relaxem o isolamento social. Logo mais, \u00e0s 19 horas, o&nbsp;Sindicato dos servidores Municipais de Enfermagem de Curitiba (Sismec) e os colegas de profiss\u00e3o de Valdirene far\u00e3o uma homenagem para ela com uma carreata na frente do Hospital Marcelino Champagnat, um dos locais onde ela trabalhava.&nbsp;<\/p>\n\n\n\n<p>&#8220;Admirada e eficiente profissional de Sa\u00fade, atuava na UTI de tr\u00eas Hospitais. Ao decretar Luto Oficial tamb\u00e9m nosso pranto p\u00fablico pelos outros 15 Curitibanos que vieram a \u00f3bito vitimados pela atual pandemia. Nosso pedido a Deus Misericordioso &#8211; de&nbsp;todas as Religi\u00f5es &#8211; que Os acolha na sua Paz. Possam os Anjos velar seu repouso com c\u00e2nticos de gl\u00f3ria. Por ser Valdirene Aparecida Ferreira dos Santos a primeira Profissional de Sa\u00fade fique registrado tributo de gratid\u00e3o a Todos que atuam \u00e0 cabeceira dos doentes e nos Servi\u00e7os de Sa\u00fade, velando pela Vida Humana. E nosso veemente apelo \u00e0 popula\u00e7\u00e3o para que n\u00e3o relaxe no devido Isolamento Social com Responsabilidade. &#8220;+ De Profundis Clamavi ad Te, Domine: miserere nobis&#8221;&#8221;, postou o prefeito no Facebook.<\/p>\n\n\n\n<p>&nbsp;A Associa\u00e7\u00e3o Paranaense de Enfermagem (Apenf) tamb\u00e9m emitiu uma nota sobre a morte da profissional de sa\u00fade:&nbsp;\u201c\u00c9 com pesar que a Associa\u00e7\u00e3o Paranaense de Enfermagem comunica o falecimento da t\u00e9cnica de enfermagem Valdirene Aparecida Ferreira dos Santos, de 40 anos, internada h\u00e1 quase um m\u00eas na UTI do Onix Clinipam\/ Grupo NotreDame em decorr\u00eancia do novo coronavirus.<\/p>\n\n\n\n<p>A t\u00e9cnica desempenhava suas fun\u00e7\u00f5es na UTI do Hospital Marcelino Champagnat e cuidou de um paciente acometido pelo v\u00edrus. Ela\u00a0permaneceu trabalhando at\u00e9 27 de mar\u00e7o quando fez o \u00faltimo plant\u00e3o, na UTI daquele hospital. Para a presidente da Apenf, Rita Franz, a morte de Valdirene \u00e9 avassaladora. \u201cCada n\u00famero para n\u00f3s tem rosto, nome, fam\u00edlia. Estamos na linha de frente no combate a um v\u00edrus que pouco sabemos a respeito\u201d. Na nota publicada pelo Onix, consta que as informa\u00e7\u00f5es sobre pacientes s\u00e3o restritas aos familiares e n\u00e3o ser\u00e3o divulgadas \u00e0 imprensa. A Assessoria da Apenf ainda procurou o Hospital Marcelino Champagnat e a Secretaria Estadual de Sa\u00fade (SESA), mas ainda n\u00e3o recebeu posicionamento a respeito.<\/p>\n\n\n\n<p>Bem Paran\u00e1<br><\/p>\n","protected":false},"excerpt":{"rendered":"<p>O prefeito decretou Luto Oficial pela&nbsp;morte da t\u00e9cnica de enfermagem Valdirene Aparecida Ferreira dos Santos, 40 anos, v\u00edtima da Covid-19, no cumprimento do seu dever.&nbsp;Ela estava internada h\u00e1 quase um m\u00eas na UTI do Hospital Onix, por causa do coronav\u00edrus. Ele tamb\u00e9m aproveitou para pedir que os curtibanos n\u00e3o relaxem o isolamento social. Logo mais, [&hellip;]<\/p>\n","protected":false},"author":2,"featured_media":27137,"comment_status":"open","ping_status":"open","sticky":false,"template":"","format":"standard","meta":{"advanced_seo_description":"","jetpack_seo_html_title":"","jetpack_seo_noindex":false,"_jetpack_memberships_contains_paid_content":false,"footnotes":""},"categories":[107],"tags":[],"class_list":{"0":"post-27136","1":"post","2":"type-post","3":"status-publish","4":"format-standard","5":"has-post-thumbnail","7":"category-covid-19"},"jetpack_featured_media_url":"https:\/\/www.paranapraia.com.br\/wp-content\/uploads\/2020\/04\/noticia_619294_img1_enfermeira.jpg","jetpack_sharing_enabled":true,"_links":{"self":[{"href":"https:\/\/www.paranapraia.com.br\/index.php\/wp-json\/wp\/v2\/posts\/27136"}],"collection":[{"href":"https:\/\/www.paranapraia.com.br\/index.php\/wp-json\/wp\/v2\/posts"}],"about":[{"href":"https:\/\/www.paranapraia.com.br\/index.php\/wp-json\/wp\/v2\/types\/post"}],"author":[{"embeddable":true,"href":"https:\/\/www.paranapraia.com.br\/index.php\/wp-json\/wp\/v2\/users\/2"}],"replies":[{"embeddable":true,"href":"https:\/\/www.paranapraia.com.br\/index.php\/wp-json\/wp\/v2\/comments?post=27136"}],"version-history":[{"count":1,"href":"https:\/\/www.paranapraia.com.br\/index.php\/wp-json\/wp\/v2\/posts\/27136\/revisions"}],"predecessor-version":[{"id":27138,"href":"https:\/\/www.paranapraia.com.br\/index.php\/wp-json\/wp\/v2\/posts\/27136\/revisions\/27138"}],"wp:featuredmedia":[{"embeddable":true,"href":"https:\/\/www.paranapraia.com.br\/index.php\/wp-json\/wp\/v2\/media\/27137"}],"wp:attachment":[{"href":"https:\/\/www.paranapraia.com.br\/index.php\/wp-json\/wp\/v2\/media?parent=27136"}],"wp:term":[{"taxonomy":"category","embeddable":true,"href":"https:\/\/www.paranapraia.com.br\/index.php\/wp-json\/wp\/v2\/categories?post=27136"},{"taxonomy":"post_tag","embeddable":true,"href":"https:\/\/www.paranapraia.com.br\/index.php\/wp-json\/wp\/v2\/tags?post=27136"}],"curies":[{"name":"wp","href":"https:\/\/api.w.org\/{rel}","templated":true}]}}