{"id":27133,"date":"2020-04-27T16:06:15","date_gmt":"2020-04-27T19:06:15","guid":{"rendered":"https:\/\/www.paranapraia.com.br\/?p=27133"},"modified":"2020-04-27T16:06:19","modified_gmt":"2020-04-27T19:06:19","slug":"consumidores-lotam-loja-em-curitiba-em-domingo-de-promocao-e-ignoram-prevencao-ao-covid-19","status":"publish","type":"post","link":"https:\/\/www.paranapraia.com.br\/index.php\/2020\/04\/27\/consumidores-lotam-loja-em-curitiba-em-domingo-de-promocao-e-ignoram-prevencao-ao-covid-19\/","title":{"rendered":"Consumidores lotam loja em Curitiba em domingo de promo\u00e7\u00e3o e ignoram preven\u00e7\u00e3o ao Covid-19"},"content":{"rendered":"\n<p>Uma promo\u00e7\u00e3o com 2 mil de produtos a pre\u00e7o de custo lotou a Loja Alian\u00e7a M\u00f3veis, no bairro Novo Mundo, em Curitiba, neste domingo (26) desde as 9 horas em plena pandemia de coronav\u00edrus. O an\u00fancio da loja nas redes sociais pedia que os interessados marcassem hor\u00e1rio por um n\u00famero no whatsapp, mas o sistema n\u00e3o funcionou. Consumidores reclamaram \u00e0 reportagem do Bem Paran\u00e1 que praticamente todas as regras para abertura de com\u00e9rcio determinadas pela Prefeitura de Curitiba foram descumpridas.<\/p>\n\n\n\n<p>V\u00e1rios consumidores desistiram da compra quando se depararam&nbsp;com centenas de pessoas dentro da loja. &#8220;Marcamos hor\u00e1rio para evitar contato e quando chegamos l\u00e1 a loja estava lotada e a maioria dos clientes sem m\u00e1scaras. Crian\u00e7as, adultos, idosos. N\u00e3o tivemos d\u00favida, fomos embora. Um absurdo em plena pandemia&#8221;, contou um cliente, que n\u00e3o quis se identifcar. Outra cliente percebeu tamb\u00e9m que n\u00e3o havia \u00e1lcool gel para os clientes e que ningu\u00e9m respeitava as normas de distanciamento social dentro do estabelecimento. Ressaltou tamb\u00e9m que pelo menos os funcion\u00e1rios estavam de m\u00e1scaras.<\/p>\n\n\n\n<p>A reportagem do Bem Paran\u00e1 tentou contato com a Loja por telefone, whatsapp e email e n\u00e3o obteve retorno at\u00e9 a publica\u00e7\u00e3o da mat\u00e9ria. Assim que a resposta for enviada, a reportagem ser\u00e1 atualizada.<\/p>\n\n\n\n<p><strong>As normas<\/strong><\/p>\n\n\n\n<p>No dia 16 de abril, a Prefeitura de Curitiba estabeleceu medidas adicionais de postura sanit\u00e1ria para o enfrentamento da pandemia do novo coronav\u00edrus na cidade, como o uso&nbsp; obrigat\u00f3rio de m\u00e1scaras, determina\u00e7\u00e3o de crit\u00e9rios de ocupa\u00e7\u00e3o de espa\u00e7os de uso comuns e responsabiliza\u00e7\u00e3o pelo descumprimento das orienta\u00e7\u00f5es. As medidas vieram logo depois da press\u00e3o da Associa\u00e7\u00e3o Comercial do Paran\u00e1 (ACP), para reabertura das lojas com regras claras.&nbsp;<\/p>\n\n\n\n<p>A normativa estabelece a obrigatoriedade de uso de m\u00e1scaras pela popula\u00e7\u00e3o em espa\u00e7os p\u00fablicos, comerciais e de uso coletivo, incluindo o transporte coletivo, os t\u00e1xis e os ve\u00edculos de aplicativos, o que n\u00e3o aconteceu nas Lojas Alian\u00e7a neste domingo (26). Al\u00e9m disso, define tamb\u00e9m crit\u00e9rios para presen\u00e7a das pessoas nos estabelecimentos e servi\u00e7os. O crit\u00e9rio b\u00e1sico \u00e9 que a capacidade m\u00e1xima nos locais seja de uma pessoa a cada 9 metros quadrados. Isso significa que uma \u00e1rea de 270 metros quadrados, por exemplo, n\u00e3o poder\u00e1 abrigar mais de 30 pessoas ao mesmo tempo, incluindo funcion\u00e1rios e usu\u00e1rios, o que tamb\u00e9m n\u00e3o aconteceu na loja.&nbsp; Os locais devem definir acesso de entrada e sa\u00edda, assegurando o devido controle da circula\u00e7\u00e3o. O distanciamento m\u00ednimo deve ser de 1,5 metro entre as pessoas e deve ser obedecido tamb\u00e9m nas filas do lado de fora, que deve ser organizada pelos estabelecimentos.<\/p>\n\n\n\n<p>\u00c1reas menores, cuja ocupa\u00e7\u00e3o seja incompat\u00edvel com o espa\u00e7amento de 9 m2, dever\u00e3o providenciar o atendimento externo (da porta para fora). O local de entrada e tamb\u00e9m em pontos internos deve ter \u00e1lcool em gel \u00e0 disposi\u00e7\u00e3o dos usu\u00e1rios. Pr\u00e9dios comerciais que disponham de elevadores devem diminuir a capacidade m\u00e1xima nesses equipamentos e fazer a identifica\u00e7\u00e3o dessa limita\u00e7\u00e3o para os usu\u00e1rios.<\/p>\n\n\n\n<p><strong>Puni\u00e7\u00e3o<\/strong><br>Segundo a prefeitura de Curitiba, os estabelecimentos que n\u00e3o cumprirem as medidas estabelecidas na resolu\u00e7\u00e3o ficam pass\u00edveis de responsabiliza\u00e7\u00e3o administrativa, civil e penal, sujeitando-se, por exemplo, \u00e0 cassa\u00e7\u00e3o de alvar\u00e1, entre outras medidas. A resolu\u00e7\u00e3o leva em conta a situa\u00e7\u00e3o atual do coronav\u00edrus na capital e poder\u00e1 ser revista a qualquer tempo, se assim o cen\u00e1rio da pandemia exigir. As den\u00fancias podem ser feitas pelo telefone 156.\u00a0<\/p>\n\n\n\n<p>Bem Paran\u00e1<br><\/p>\n","protected":false},"excerpt":{"rendered":"<p>Uma promo\u00e7\u00e3o com 2 mil de produtos a pre\u00e7o de custo lotou a Loja Alian\u00e7a M\u00f3veis, no bairro Novo Mundo, em Curitiba, neste domingo (26) desde as 9 horas em plena pandemia de coronav\u00edrus. O an\u00fancio da loja nas redes sociais pedia que os interessados marcassem hor\u00e1rio por um n\u00famero no whatsapp, mas o sistema [&hellip;]<\/p>\n","protected":false},"author":2,"featured_media":27134,"comment_status":"open","ping_status":"open","sticky":false,"template":"","format":"standard","meta":{"advanced_seo_description":"","jetpack_seo_html_title":"","jetpack_seo_noindex":false,"_jetpack_memberships_contains_paid_content":false,"footnotes":""},"categories":[40],"tags":[],"class_list":{"0":"post-27133","1":"post","2":"type-post","3":"status-publish","4":"format-standard","5":"has-post-thumbnail","7":"category-destaques"},"jetpack_featured_media_url":"https:\/\/www.paranapraia.com.br\/wp-content\/uploads\/2020\/04\/noticia_382651_img1_alianca2.jpg","jetpack_sharing_enabled":true,"_links":{"self":[{"href":"https:\/\/www.paranapraia.com.br\/index.php\/wp-json\/wp\/v2\/posts\/27133"}],"collection":[{"href":"https:\/\/www.paranapraia.com.br\/index.php\/wp-json\/wp\/v2\/posts"}],"about":[{"href":"https:\/\/www.paranapraia.com.br\/index.php\/wp-json\/wp\/v2\/types\/post"}],"author":[{"embeddable":true,"href":"https:\/\/www.paranapraia.com.br\/index.php\/wp-json\/wp\/v2\/users\/2"}],"replies":[{"embeddable":true,"href":"https:\/\/www.paranapraia.com.br\/index.php\/wp-json\/wp\/v2\/comments?post=27133"}],"version-history":[{"count":1,"href":"https:\/\/www.paranapraia.com.br\/index.php\/wp-json\/wp\/v2\/posts\/27133\/revisions"}],"predecessor-version":[{"id":27135,"href":"https:\/\/www.paranapraia.com.br\/index.php\/wp-json\/wp\/v2\/posts\/27133\/revisions\/27135"}],"wp:featuredmedia":[{"embeddable":true,"href":"https:\/\/www.paranapraia.com.br\/index.php\/wp-json\/wp\/v2\/media\/27134"}],"wp:attachment":[{"href":"https:\/\/www.paranapraia.com.br\/index.php\/wp-json\/wp\/v2\/media?parent=27133"}],"wp:term":[{"taxonomy":"category","embeddable":true,"href":"https:\/\/www.paranapraia.com.br\/index.php\/wp-json\/wp\/v2\/categories?post=27133"},{"taxonomy":"post_tag","embeddable":true,"href":"https:\/\/www.paranapraia.com.br\/index.php\/wp-json\/wp\/v2\/tags?post=27133"}],"curies":[{"name":"wp","href":"https:\/\/api.w.org\/{rel}","templated":true}]}}