{"id":27130,"date":"2020-04-27T16:04:44","date_gmt":"2020-04-27T19:04:44","guid":{"rendered":"https:\/\/www.paranapraia.com.br\/?p=27130"},"modified":"2020-04-27T16:04:46","modified_gmt":"2020-04-27T19:04:46","slug":"curitiba-ve-morte-mais-comovente-por-coronavirus-desde-inicio-de-pandemia","status":"publish","type":"post","link":"https:\/\/www.paranapraia.com.br\/index.php\/2020\/04\/27\/curitiba-ve-morte-mais-comovente-por-coronavirus-desde-inicio-de-pandemia\/","title":{"rendered":"Curitiba v\u00ea morte \u2018mais comovente\u2019 por coronav\u00edrus desde in\u00edcio de pandemia"},"content":{"rendered":"\n<p>Curitiba registrou neste domingo (26) a morte \u201cmais comovente\u201d por coronav\u00edrus desde o in\u00edcio da pandemia, em mar\u00e7o. Trata-se da t\u00e9cnica de enfermagem Valdirene Aparecida Ferreira dos Santos, 40 anos. Ela foi o 16\u00ba \u00f3bito em decorr\u00eancia do v\u00edrus na Capital, mas seu caso virou emblem\u00e1tico. Afinal, \u00e9 a primeira profissional de sa\u00fade de Curitiba que morre no cumprimento do seu dever.<\/p>\n\n\n\n<p>Valdirene estava internada h\u00e1 quase um m\u00eas na UTI do Hospital Onix, por causa do coronav\u00edrus, e trabalhou at\u00e9 o dia 27 de mar\u00e7o. Ela desempenhava suas fun\u00e7\u00f5es na UTI do Hospital Marcelino Champagnat e cuidou de um paciente acometido pelo v\u00edrus.<\/p>\n\n\n\n<p>Outro fator que tornou a morte de Valdirene mais comovente ocorreu na noite deste domingo.\u00a0Profissionais da \u00e1rea da sa\u00fade realizaram uma emocionante homenagem \u00e0 enfermeira. A manifesta\u00e7\u00e3o, inclusive, aconteceu em frente ao local onde Valdirene trabalhava. Profissionais da sa\u00fade pararam suas atividades momentaneamente e foram para as sacadas e janelas do hospital com len\u00e7os brancos. Nas ruas do entorno, ve\u00edculos tamb\u00e9m carregavam bandeiras brancas. Houve uma longa salva de palmas em homenagem \u00e0 trabalhadora, conforme se pode ver no v\u00eddeo abaixo.<\/p>\n\n\n\n<p>Mais cedo,\u00a0a prefeitura de Curitiba decretou luto oficial em respeito e lembran\u00e7a \u00e0 morte de Valdirene.\u00a0&#8220;Admirada e eficiente profissional de Sa\u00fade, atuava na UTI de tr\u00eas Hospitais. Ao decretar Luto Oficial tamb\u00e9m nosso pranto p\u00fablico pelos outros 15 Curitibanos que vieram a \u00f3bito vitimados pela atual pandemia. Nosso pedido a Deus Misericordioso &#8211; de\u00a0todas as Religi\u00f5es &#8211; que Os acolha na sua Paz. Possam os Anjos velar seu repouso com c\u00e2nticos de gl\u00f3ria. Por ser Valdirene Aparecida Ferreira dos Santos a primeira Profissional de Sa\u00fade fique registrado tributo de gratid\u00e3o a Todos que atuam \u00e0 cabeceira dos doentes e nos Servi\u00e7os de Sa\u00fade, velando pela Vida Humana. E nosso veemente apelo \u00e0 popula\u00e7\u00e3o para que n\u00e3o relaxe no devido Isolamento Social com Responsabilidade. &#8220;+ De Profundis Clamavi ad Te, Domine: miserere nobis&#8221;&#8221;, postou o prefeito Rafael Greca no Facebook.<\/p>\n\n\n\n<p>J\u00e1\u00a0a Associa\u00e7\u00e3o Paranaense de Enfermagem (Apenf), por meio de sua presidente, disse que a morte da t\u00e9cnica de enfermagem \u00e9 avassaladora. &#8220;Cada n\u00famero para n\u00f3s tem rosto, nome, fam\u00edlia. Estamos na linha de frente no combate a um v\u00edrus que pouco sabemos a respeito\u201d.<\/p>\n\n\n\n<p>Em Curitiba, segundo o boletim da Secretaria Municipal de Sa\u00fade, s\u00e3o 509 casos do novo coronav\u00edrus desde o registro das primeiras ocorr\u00eancias, no dia 11 de mar\u00e7o. H\u00e1 ainda outras 107 pessoas com suspeita da infec\u00e7\u00e3o e outros 1.148 casos descartados. Desde o primeiro caso confirmado na cidade, 152 pessoas precisaram de internamento devido a complica\u00e7\u00f5es causadas pela infec\u00e7\u00e3o pelo novo coronav\u00edrus, sendo 81 em UTI e 31 necessitando ventila\u00e7\u00e3o mec\u00e2nica.<\/p>\n\n\n\n<p>Bem Paran\u00e1<br><\/p>\n","protected":false},"excerpt":{"rendered":"<p>Curitiba registrou neste domingo (26) a morte \u201cmais comovente\u201d por coronav\u00edrus desde o in\u00edcio da pandemia, em mar\u00e7o. Trata-se da t\u00e9cnica de enfermagem Valdirene Aparecida Ferreira dos Santos, 40 anos. Ela foi o 16\u00ba \u00f3bito em decorr\u00eancia do v\u00edrus na Capital, mas seu caso virou emblem\u00e1tico. Afinal, \u00e9 a primeira profissional de sa\u00fade de Curitiba [&hellip;]<\/p>\n","protected":false},"author":2,"featured_media":27131,"comment_status":"open","ping_status":"open","sticky":false,"template":"","format":"standard","meta":{"advanced_seo_description":"","jetpack_seo_html_title":"","jetpack_seo_noindex":false,"_jetpack_memberships_contains_paid_content":false,"footnotes":""},"categories":[40],"tags":[],"class_list":{"0":"post-27130","1":"post","2":"type-post","3":"status-publish","4":"format-standard","5":"has-post-thumbnail","7":"category-destaques"},"jetpack_featured_media_url":"https:\/\/www.paranapraia.com.br\/wp-content\/uploads\/2020\/04\/noticia_189817_img1_kiu_1527.jpg","jetpack_sharing_enabled":true,"_links":{"self":[{"href":"https:\/\/www.paranapraia.com.br\/index.php\/wp-json\/wp\/v2\/posts\/27130"}],"collection":[{"href":"https:\/\/www.paranapraia.com.br\/index.php\/wp-json\/wp\/v2\/posts"}],"about":[{"href":"https:\/\/www.paranapraia.com.br\/index.php\/wp-json\/wp\/v2\/types\/post"}],"author":[{"embeddable":true,"href":"https:\/\/www.paranapraia.com.br\/index.php\/wp-json\/wp\/v2\/users\/2"}],"replies":[{"embeddable":true,"href":"https:\/\/www.paranapraia.com.br\/index.php\/wp-json\/wp\/v2\/comments?post=27130"}],"version-history":[{"count":1,"href":"https:\/\/www.paranapraia.com.br\/index.php\/wp-json\/wp\/v2\/posts\/27130\/revisions"}],"predecessor-version":[{"id":27132,"href":"https:\/\/www.paranapraia.com.br\/index.php\/wp-json\/wp\/v2\/posts\/27130\/revisions\/27132"}],"wp:featuredmedia":[{"embeddable":true,"href":"https:\/\/www.paranapraia.com.br\/index.php\/wp-json\/wp\/v2\/media\/27131"}],"wp:attachment":[{"href":"https:\/\/www.paranapraia.com.br\/index.php\/wp-json\/wp\/v2\/media?parent=27130"}],"wp:term":[{"taxonomy":"category","embeddable":true,"href":"https:\/\/www.paranapraia.com.br\/index.php\/wp-json\/wp\/v2\/categories?post=27130"},{"taxonomy":"post_tag","embeddable":true,"href":"https:\/\/www.paranapraia.com.br\/index.php\/wp-json\/wp\/v2\/tags?post=27130"}],"curies":[{"name":"wp","href":"https:\/\/api.w.org\/{rel}","templated":true}]}}