{"id":27128,"date":"2020-04-27T16:02:32","date_gmt":"2020-04-27T19:02:32","guid":{"rendered":"https:\/\/www.paranapraia.com.br\/?p=27128"},"modified":"2020-04-27T16:02:35","modified_gmt":"2020-04-27T19:02:35","slug":"prefeitura-confirma-2a-morte-por-covid-19-em-foz-do-iguacu","status":"publish","type":"post","link":"https:\/\/www.paranapraia.com.br\/index.php\/2020\/04\/27\/prefeitura-confirma-2a-morte-por-covid-19-em-foz-do-iguacu\/","title":{"rendered":"Prefeitura confirma 2\u00aa morte por Covid-19 em Foz do Igua\u00e7u"},"content":{"rendered":"\n<h4 class=\"wp-block-heading\">Segundo a prefeitura, homem de 42 anos tinha diabetes e teve contato com uma pessoa infectada pelo novo coronav\u00edrus; v\u00edtima morreu na madrugada desta segunda-feira (27).<\/h4>\n\n\n\n<p>Um homem de 42 anos morreu v\u00edtima da Covid-19 em Foz do Igua\u00e7u, no oeste do Paran\u00e1, ap\u00f3s ter uma parada cardiorrespirat\u00f3ria na madrugada desta segunda-feira (27), no Hospital Municipal. A informa\u00e7\u00e3o foi divulgada pela prefeitura.<\/p>\n\n\n\n<p>De acordo com a prefeitura, a v\u00edtima tinha diabetes e\u00a0era colega da primeira pessoa que morreu com a doen\u00e7a na cidade, com quem teve contato.\u00a0Foz do Igua\u00e7u tem 42 casos confirmados do novo coronav\u00edrus, segundo o boletim de domingo (26) da Secretaria de Estado da Sa\u00fade (Sesa).<\/p>\n\n\n\n<p>A prefeitura informou que o exame coletado no laborat\u00f3rio do Hospital Municipal apresentou o resultado positivo para a Covid-19. O munic\u00edpio ainda aguarda o resultado do teste do Laborat\u00f3rio Central do Estado do Paran\u00e1 (Lacen).<\/p>\n\n\n\n<p>Conforme a Secretaria Municipal da Sa\u00fade, o paciente estava internado no hospital desde sexta-feira (24), quando procurou a central de triagem de forma espont\u00e2nea.<\/p>\n\n\n\n<p>Os primeiros sintomas do paciente foram febre, fraqueza, tosse seca, desconforto respirat\u00f3rio, diarreia e n\u00e1useas, segundo a prefeitura. O quadro dele se agravou e foi internado na Unidade de Terapia Intensiva (UTI), onde fez uso de ventila\u00e7\u00e3o mec\u00e2nica.<\/p>\n\n\n\n<p>G1PR<br><\/p>\n","protected":false},"excerpt":{"rendered":"<p>Segundo a prefeitura, homem de 42 anos tinha diabetes e teve contato com uma pessoa infectada pelo novo coronav\u00edrus; v\u00edtima morreu na madrugada desta segunda-feira (27). Um homem de 42 anos morreu v\u00edtima da Covid-19 em Foz do Igua\u00e7u, no oeste do Paran\u00e1, ap\u00f3s ter uma parada cardiorrespirat\u00f3ria na madrugada desta segunda-feira (27), no Hospital [&hellip;]<\/p>\n","protected":false},"author":2,"featured_media":27054,"comment_status":"open","ping_status":"open","sticky":false,"template":"","format":"standard","meta":{"advanced_seo_description":"","jetpack_seo_html_title":"","jetpack_seo_noindex":false,"_jetpack_memberships_contains_paid_content":false,"footnotes":""},"categories":[40],"tags":[],"class_list":{"0":"post-27128","1":"post","2":"type-post","3":"status-publish","4":"format-standard","5":"has-post-thumbnail","7":"category-destaques"},"jetpack_featured_media_url":"https:\/\/www.paranapraia.com.br\/wp-content\/uploads\/2020\/04\/110784780-gettyimages-1200706447.jpg","jetpack_sharing_enabled":true,"_links":{"self":[{"href":"https:\/\/www.paranapraia.com.br\/index.php\/wp-json\/wp\/v2\/posts\/27128"}],"collection":[{"href":"https:\/\/www.paranapraia.com.br\/index.php\/wp-json\/wp\/v2\/posts"}],"about":[{"href":"https:\/\/www.paranapraia.com.br\/index.php\/wp-json\/wp\/v2\/types\/post"}],"author":[{"embeddable":true,"href":"https:\/\/www.paranapraia.com.br\/index.php\/wp-json\/wp\/v2\/users\/2"}],"replies":[{"embeddable":true,"href":"https:\/\/www.paranapraia.com.br\/index.php\/wp-json\/wp\/v2\/comments?post=27128"}],"version-history":[{"count":1,"href":"https:\/\/www.paranapraia.com.br\/index.php\/wp-json\/wp\/v2\/posts\/27128\/revisions"}],"predecessor-version":[{"id":27129,"href":"https:\/\/www.paranapraia.com.br\/index.php\/wp-json\/wp\/v2\/posts\/27128\/revisions\/27129"}],"wp:featuredmedia":[{"embeddable":true,"href":"https:\/\/www.paranapraia.com.br\/index.php\/wp-json\/wp\/v2\/media\/27054"}],"wp:attachment":[{"href":"https:\/\/www.paranapraia.com.br\/index.php\/wp-json\/wp\/v2\/media?parent=27128"}],"wp:term":[{"taxonomy":"category","embeddable":true,"href":"https:\/\/www.paranapraia.com.br\/index.php\/wp-json\/wp\/v2\/categories?post=27128"},{"taxonomy":"post_tag","embeddable":true,"href":"https:\/\/www.paranapraia.com.br\/index.php\/wp-json\/wp\/v2\/tags?post=27128"}],"curies":[{"name":"wp","href":"https:\/\/api.w.org\/{rel}","templated":true}]}}