{"id":27125,"date":"2020-04-27T15:56:47","date_gmt":"2020-04-27T18:56:47","guid":{"rendered":"https:\/\/www.paranapraia.com.br\/?p=27125"},"modified":"2020-04-27T15:56:53","modified_gmt":"2020-04-27T18:56:53","slug":"crianca-de-4-anos-e-esfaqueada-pelo-padrasto-em-pinhao-diz-pm","status":"publish","type":"post","link":"https:\/\/www.paranapraia.com.br\/index.php\/2020\/04\/27\/crianca-de-4-anos-e-esfaqueada-pelo-padrasto-em-pinhao-diz-pm\/","title":{"rendered":"Crian\u00e7a de 4 anos \u00e9 esfaqueada pelo padrasto em Pinh\u00e3o, diz PM"},"content":{"rendered":"\n<h4 class=\"wp-block-heading\">Pol\u00edcia suspeita ainda que menino tenha sido v\u00edtima de viol\u00eancia sexual. M\u00e3e da crian\u00e7a tamb\u00e9m foi agredida na noite de domingo (26), segundo a pol\u00edcia.<\/h4>\n\n\n\n<p>Uma crian\u00e7a de quatro anos foi esfaqueada pelo padrasto na noite de domingo (26), em Pinh\u00e3o, na regi\u00e3o central do Paran\u00e1, segundo a Pol\u00edcia Militar (PM). A agress\u00e3o aconteceu ap\u00f3s uma briga entre o homem e a m\u00e3e do menino, segundo a pol\u00edcia.<\/p>\n\n\n\n<p>A m\u00e3e da crian\u00e7a tamb\u00e9m foi esfaqueada, conforme a PM. Ela e o filho foram levados para hospitais de Guarapuava, tamb\u00e9m na regi\u00e3o central, onde permaneciam internados na manh\u00e3 deste segunda-feira (27).<\/p>\n\n\n\n<p>Segundo a pol\u00edcia, a crian\u00e7a est\u00e1 internada em estado grave em uma Unidade de Terapia Intensiva (UTI).<\/p>\n\n\n\n<p>A pol\u00edcia suspeita ainda que a crian\u00e7a tenha sido v\u00edtima de viol\u00eancia sexual. A investiga\u00e7\u00e3o aguarda laudo do Instituto M\u00e9dico-Legal (IML).<\/p>\n\n\n\n<p>A PM informou que a m\u00e3e do menino, de 21 anos, relatou que ela e o marido tiveram uma briga por ci\u00fames. Na sequ\u00eancia, o homem a agrediu com uma faca e tamb\u00e9m esfaqueou o filho dela, de acordo com a pol\u00edcia.<\/p>\n\n\n\n<p>Um vizinho das v\u00edtimas socorreu m\u00e3e e filho e os levou para um hospital da cidade.<\/p>\n\n\n\n<p>Segundo a PM, a testemunha contou que ouviu gritos na resid\u00eancia e viu a m\u00e3e com o filho no colo. O vizinho disse ainda que a mulher pediu para que ele salvasse a vida dos dois.<\/p>\n\n\n\n<p>O suspeito de ter agredido a mulher e a crian\u00e7a conseguiu fugir. O caso \u00e9 investigado.<\/p>\n\n\n\n<p>G1PR<br><\/p>\n","protected":false},"excerpt":{"rendered":"<p>Pol\u00edcia suspeita ainda que menino tenha sido v\u00edtima de viol\u00eancia sexual. M\u00e3e da crian\u00e7a tamb\u00e9m foi agredida na noite de domingo (26), segundo a pol\u00edcia. Uma crian\u00e7a de quatro anos foi esfaqueada pelo padrasto na noite de domingo (26), em Pinh\u00e3o, na regi\u00e3o central do Paran\u00e1, segundo a Pol\u00edcia Militar (PM). A agress\u00e3o aconteceu ap\u00f3s [&hellip;]<\/p>\n","protected":false},"author":2,"featured_media":27126,"comment_status":"open","ping_status":"open","sticky":false,"template":"","format":"standard","meta":{"advanced_seo_description":"","jetpack_seo_html_title":"","jetpack_seo_noindex":false,"_jetpack_memberships_contains_paid_content":false,"footnotes":""},"categories":[40],"tags":[],"class_list":{"0":"post-27125","1":"post","2":"type-post","3":"status-publish","4":"format-standard","5":"has-post-thumbnail","7":"category-destaques"},"jetpack_featured_media_url":"https:\/\/www.paranapraia.com.br\/wp-content\/uploads\/2020\/04\/faca-com-sangue-577x390-1.jpg","jetpack_sharing_enabled":true,"_links":{"self":[{"href":"https:\/\/www.paranapraia.com.br\/index.php\/wp-json\/wp\/v2\/posts\/27125"}],"collection":[{"href":"https:\/\/www.paranapraia.com.br\/index.php\/wp-json\/wp\/v2\/posts"}],"about":[{"href":"https:\/\/www.paranapraia.com.br\/index.php\/wp-json\/wp\/v2\/types\/post"}],"author":[{"embeddable":true,"href":"https:\/\/www.paranapraia.com.br\/index.php\/wp-json\/wp\/v2\/users\/2"}],"replies":[{"embeddable":true,"href":"https:\/\/www.paranapraia.com.br\/index.php\/wp-json\/wp\/v2\/comments?post=27125"}],"version-history":[{"count":1,"href":"https:\/\/www.paranapraia.com.br\/index.php\/wp-json\/wp\/v2\/posts\/27125\/revisions"}],"predecessor-version":[{"id":27127,"href":"https:\/\/www.paranapraia.com.br\/index.php\/wp-json\/wp\/v2\/posts\/27125\/revisions\/27127"}],"wp:featuredmedia":[{"embeddable":true,"href":"https:\/\/www.paranapraia.com.br\/index.php\/wp-json\/wp\/v2\/media\/27126"}],"wp:attachment":[{"href":"https:\/\/www.paranapraia.com.br\/index.php\/wp-json\/wp\/v2\/media?parent=27125"}],"wp:term":[{"taxonomy":"category","embeddable":true,"href":"https:\/\/www.paranapraia.com.br\/index.php\/wp-json\/wp\/v2\/categories?post=27125"},{"taxonomy":"post_tag","embeddable":true,"href":"https:\/\/www.paranapraia.com.br\/index.php\/wp-json\/wp\/v2\/tags?post=27125"}],"curies":[{"name":"wp","href":"https:\/\/api.w.org\/{rel}","templated":true}]}}